{"id":2489,"date":"2015-04-03T09:22:27","date_gmt":"2015-04-03T08:22:27","guid":{"rendered":"http:\/\/www.odszkodowania.info.pl\/?p=2489"},"modified":"2015-04-03T09:22:27","modified_gmt":"2015-04-03T08:22:27","slug":"kamil-durczok-znow-pozwal-wprost-domaga-sie-7-mln-zl-odszkodowania","status":"publish","type":"post","link":"https:\/\/www.odszkodowania.info.pl\/?p=2489","title":{"rendered":"Kamil Durczok zn\u00f3w pozwa\u0142 &#8222;Wprost&#8221;. Domaga si\u0119 7 mln z\u0142 odszkodowania"},"content":{"rendered":"<p>Kamil Durczok z\u0142o\u017cy\u0142 do S\u0105du Okr\u0119gowego w Warszawie kolejny pozew przeciwko &#8222;Wprost&#8221;. Tym razem domaga si\u0119 7 mln z\u0142 odszkodowania i przeprosin od wydawcy i dziennikarzy &#8211; podaje portal Wirtualnemedia.pl.<\/p>\n<p>Pozew dotyczy sp\u00f3\u0142ki AWR &#8222;Wprost&#8221;, wydaj\u0105cej pismo, oraz by\u0142ego redaktora naczelnego i dw\u00f3jki dziennikarzy. Dwa tygodnie temu Sylwester Latkowski zosta\u0142 zwolniony przez wydawc\u0119 z funkcji redaktora naczelnego. Razem z nim zdecydowali si\u0119 odej\u015b\u0107 m.in. Micha\u0142 Majewski i Olga Wasilewska. Grupa PMPG Polskie Media, kt\u00f3ra jest wi\u0119kszo\u015bciowym udzia\u0142owcem AWR &#8222;Wprost&#8221;, zapewni jednak ca\u0142ej tr\u00f3jce ochron\u0119 prawn\u0105.<\/p>\n<p>Latkowski, Majewski i Wasilewska s\u0105 autorami g\u0142o\u015bnego tekstu &#8222;Kamil Durczok. Fakty po Faktach&#8221;, w kt\u00f3rym tygodnik opisa\u0142 zaj\u015bcia, do kt\u00f3rych mia\u0142o doj\u015b\u0107 16 stycznia na warszawskim Mokotowie. Wed\u0142ug tygodnika uczestniczy\u0142 w nich w\u0142a\u015bnie szef &#8222;Fakt\u00f3w&#8221; TVN.<\/p>\n<p><strong>O czym by\u0142 tekst &#8222;Kamil Durczok. Fakty po Faktach&#8221;?<\/strong><\/p>\n<p>W apartamencie, w kt\u00f3rym przebywa\u0142 by\u0142y szef &#8222;Fakt\u00f3w&#8221;, mia\u0142y znajdowa\u0107 si\u0119 rzekomo m.in. prywatne rzeczy Durczoka i &#8222;bia\u0142y proszek&#8221;. Wezwana na miejsce policja wedle tekstu &#8222;Wprost&#8221; spisa\u0142a dziennikarza na klatce schodowej budynku jako &#8211; jak m\u00f3wi\u0142 w rozmowie z tygodnikiem sam szef &#8222;Fakt\u00f3w&#8221; &#8211; &#8222;\u015bwiadka czego\u015b tam&#8221;. Informacj\u0119 potwierdzi\u0142 rzecznik Komendy G\u0142\u00f3wnej Policji.<\/p>\n<p>Tekst zosta\u0142 ostro skrytykowany przez cz\u0119\u015b\u0107 \u015brodowiska dziennikarskiego jako nierzetelny i b\u0119d\u0105cy de facto form\u0105 &#8222;nagonki&#8221; na Durczoka. Podkre\u015blano m.in. fakt, \u017ce wbrew zapowiedziom z poprzedniego numeru &#8222;Wprost&#8221; w \u017caden spos\u00f3b nie podj\u0119to w nim w\u0105tk\u00f3w domniemanego molestowania podw\u0142adnych przez szefa &#8222;Fakt\u00f3w&#8221;. Krytycznie odnios\u0142a si\u0119 do niego tak\u017ce Helsi\u0144ska Fundacja Praw Cz\u0142owieka.<\/p>\n<p><strong>To drugi pozew przeciwko &#8222;Wprost&#8221;<\/strong><\/p>\n<p>Pierwszy z zapowiadanych pozw\u00f3w Kamila Durczoka przeciwko tygodnikowi &#8222;Wprost&#8221; trafi\u0142 do s\u0105du w po\u0142owie marca. Dziennikarz domaga\u0142 si\u0119 w\u00f3wczas przeprosin oraz zado\u015b\u0107uczynienia, kt\u00f3re wynosi 2 mln z\u0142. Prawnik by\u0142ego szefa &#8222;Fakt\u00f3w&#8221; Jacek Dubois b\u0119dzie dowodzi\u0142, \u017ce nie dosz\u0142o do molestowania. Zapowiedzia\u0142 te\u017c w\u00f3wczas, \u017ce \u017c\u0105dania za kolejne teksty maj\u0105 by\u0107 &#8222;stosowne do zawinienia&#8221; redakcji.<\/p>\n<p><strong>Szef &#8222;Fakt\u00f3w&#8221; odszed\u0142 z TVN po zako\u0144czeniu pracy komisji<\/strong><\/p>\n<p>Na pocz\u0105tku tygodnia stacja TVN wyda\u0142a o\u015bwiadczenie, w kt\u00f3rym informowano o zako\u0144czeniu prac komisji badaj\u0105cej doniesienia o mobbingu i molestowaniu w stacji. W o\u015bwiadczeniu napisano, \u017ce trzy osoby w TVN &#8222;zosta\u0142y nara\u017cone na niepo\u017c\u0105dane zachowania&#8221;. W komunikacie informowano, \u017ce Kamil Durczok i TVN ze skutkiem natychmiastowym zako\u0144czyli wsp\u00f3\u0142prac\u0119 &#8222;za obustronnym porozumieniem&#8221;. Nie informowano, kto by\u0142 odpowiedzialny za &#8222;niepo\u017c\u0105dane zachowania&#8221;.<\/p>\n<p><strong>Durczok: Nigdy nie molestowa\u0142em \u017cadnej kobiety<\/strong><\/p>\n<p>Na pocz\u0105tku lutego tygodnik &#8222;Wprost&#8221; napisa\u0142 o molestowaniu seksualnym w jednej ze stacji telewizyjnych. Opublikowano relacj\u0119 anonimowej &#8222;znanej dziennikarki&#8221;, kt\u00f3ra by\u0142a molestowana przez by\u0142ego prze\u0142o\u017conego, &#8222;bardzo popularn\u0105 twarz telewizyjn\u0105, szefa zespo\u0142u w jednej ze stacji&#8221;. W artykule by\u0142a r\u00f3wnie\u017c mowa o mobbingu i dyskryminacji. Nie podano jednak nazwy stacji ani \u017cadnych nazwisk.<\/p>\n<p>W mediach pojawia\u0142y si\u0119 spekulacje, \u017ce chodzi o szefa &#8222;Fakt\u00f3w&#8221; TVN Kamila Durczoka. Te plotki potwierdzi\u0142 p\u00f3\u017aniej sam tygodnik. &#8222;Po kilku tygodniach badania sprawy mo\u017cemy ju\u017c napisa\u0107, \u017ce przypadk\u00f3w molestowania i mobbingu dopuszcza\u0142 si\u0119 Durczok&#8221; &#8211; pisa\u0142a redakcja &#8222;Wprost&#8221;, zamieszczaj\u0105c kolejn\u0105 anonimow\u0105 rozmow\u0119 z &#8211; jak twierdzi gazeta &#8211; ofiar\u0105 Durczoka.<\/p>\n<p>Rewelacjom gazety zaprzeczy\u0142 sam dziennikarz. &#8211; Nigdy nie molestowa\u0142em \u017cadnej kobiety. Czym innym jest styl zarz\u0105dzania. Ja jestem cholerykiem, czasem wybucha\u0142em w pracy &#8211; m\u00f3wi\u0142 w stacji radiowej TOK FM. Kamil Durczok przypomnia\u0142, \u017ce stawiane mu zarzuty s\u0105 oparte na anonimowych informacjach.<\/p>\n<p>gazeta.pl<\/p>\n","protected":false},"excerpt":{"rendered":"<p>Kamil Durczok z\u0142o\u017cy\u0142 do S\u0105du Okr\u0119gowego w Warszawie kolejny pozew przeciwko &#8222;Wprost&#8221;. Tym razem domaga si\u0119 7 mln z\u0142 odszkodowania i przeprosin od wydawcy i dziennikarzy &#8211; podaje portal Wirtualnemedia.pl. Pozew dotyczy sp\u00f3\u0142ki AWR &#8222;Wprost&#8221;, wydaj\u0105cej pismo, oraz by\u0142ego redaktora naczelnego i dw\u00f3jki dziennikarzy. Dwa tygodnie temu Sylwester Latkowski zosta\u0142 zwolniony przez wydawc\u0119 z funkcji [&hellip;]<\/p>\n","protected":false},"author":2,"featured_media":0,"comment_status":"open","ping_status":"open","sticky":false,"template":"","format":"standard","meta":{"footnotes":""},"categories":[8],"tags":[12,13],"class_list":["post-2489","post","type-post","status-publish","format-standard","hentry","category-aktualnosci","tag-odszkodowanie","tag-zadoscuczynienie"],"_links":{"self":[{"href":"https:\/\/www.odszkodowania.info.pl\/index.php?rest_route=\/wp\/v2\/posts\/2489","targetHints":{"allow":["GET"]}}],"collection":[{"href":"https:\/\/www.odszkodowania.info.pl\/index.php?rest_route=\/wp\/v2\/posts"}],"about":[{"href":"https:\/\/www.odszkodowania.info.pl\/index.php?rest_route=\/wp\/v2\/types\/post"}],"author":[{"embeddable":true,"href":"https:\/\/www.odszkodowania.info.pl\/index.php?rest_route=\/wp\/v2\/users\/2"}],"replies":[{"embeddable":true,"href":"https:\/\/www.odszkodowania.info.pl\/index.php?rest_route=%2Fwp%2Fv2%2Fcomments&post=2489"}],"version-history":[{"count":1,"href":"https:\/\/www.odszkodowania.info.pl\/index.php?rest_route=\/wp\/v2\/posts\/2489\/revisions"}],"predecessor-version":[{"id":2490,"href":"https:\/\/www.odszkodowania.info.pl\/index.php?rest_route=\/wp\/v2\/posts\/2489\/revisions\/2490"}],"wp:attachment":[{"href":"https:\/\/www.odszkodowania.info.pl\/index.php?rest_route=%2Fwp%2Fv2%2Fmedia&parent=2489"}],"wp:term":[{"taxonomy":"category","embeddable":true,"href":"https:\/\/www.odszkodowania.info.pl\/index.php?rest_route=%2Fwp%2Fv2%2Fcategories&post=2489"},{"taxonomy":"post_tag","embeddable":true,"href":"https:\/\/www.odszkodowania.info.pl\/index.php?rest_route=%2Fwp%2Fv2%2Ftags&post=2489"}],"curies":[{"name":"wp","href":"https:\/\/api.w.org\/{rel}","templated":true}]}}