{"id":2514,"date":"2015-04-17T12:37:42","date_gmt":"2015-04-17T11:37:42","guid":{"rendered":"http:\/\/www.odszkodowania.info.pl\/?p=2514"},"modified":"2015-04-17T12:38:10","modified_gmt":"2015-04-17T11:38:10","slug":"pudelek-pl-zaplaci-300-tys-zl-dzieciom-anny-przybylskiej-giertych-cytuje-ogromne-naruszenie-dobr-osobistych","status":"publish","type":"post","link":"https:\/\/www.odszkodowania.info.pl\/?p=2514","title":{"rendered":"Pudelek.pl zap\u0142aci 300 tys. z\u0142 dzieciom Anny Przybylskiej. Giertych cytuje: 'Ogromne naruszenie d\u00f3br osobistych&#8217;"},"content":{"rendered":"<p>Pudelek.pl b\u0119dzie musia\u0142 zap\u0142aci\u0107 zado\u015b\u0107uczynienie dzieciom Anny Przybylskiej za podanie nieprawdziwej informacji o \u015bmierci aktorki. S\u0105d &#8222;zas\u0105dzi\u0142 300 tysi\u0119cy z\u0142otych dla dzieci (&#8230;) oraz 22500 z\u0142otych koszt\u00f3w s\u0105dowych&#8221; &#8211; poinformowa\u0142 mec. Roman Giertych, reprezentuj\u0105cy rodzin\u0119 Przybylskiej.<\/p>\n<p>Pudelek.pl w 2014 r. poda\u0142 &#8211; niezgodnie z prawd\u0105 &#8211; informacj\u0119 o \u015bmierci Anny Przybylskiej. Aktorka chorowa\u0142a na raka, zmar\u0142a jednak dopiero kilka tygodni po publikacji Pudelka.<\/p>\n<p>Anna Przybylska pozwa\u0142a portal Pudelek.pl<\/p>\n<p>Przed \u015bmierci\u0105 zwr\u00f3ci\u0142a si\u0119 do kancelarii Romana Giertycha, by pozwa\u0142 wydawc\u0119 Pudelka. By\u0142y wicepremier podj\u0105\u0142 si\u0119 wyzwania &#8211; jak deklaruje: za darmo &#8211; i podkre\u015bli\u0142, \u017ce wni\u00f3s\u0142, by wydawca portalu przedstawi\u0142 do s\u0105du o\u015bwiadczenie o uznaniu pow\u00f3dztwa. Dzi\u015b napisa\u0142 na Facebooku:<\/p>\n<p>&#8222;Ze wzgl\u0119du na to, \u017ce Pudelek nie uzna\u0142 pow\u00f3dztwa przed rozpraw\u0105, S\u0105d zas\u0105dzi\u0142 te\u017c na rzecz Skarbu Pa\u0144stwa od wydawcy koszty stawiennictwa \u015bwiadka na dzisiejszej rozprawie&#8221;. Chodzi o sum\u0119 22500 z\u0142otych koszt\u00f3w s\u0105dowych, kt\u00f3re r\u00f3wnie\u017c dostanie rodzina aktorki.<\/p>\n<p>Dzisiaj S\u0105d Okr\u0119gowy w Warszawie wyda\u0142 wyrok w sprawie Anny Przybylskiej. S\u0105d uzna\u0142, \u017ce dosz\u0142o do &#8222;ogromnego naruszenia&#8230;<\/p>\n<p>Pudelek.pl: Giertych niepotrzebnie wywiera medialny nacisk<\/p>\n<p>Po naszym tek\u015bcie informuj\u0105cym o rozpocz\u0119ciu procesu rzecznik Grupy WP, wydawcy Pudelka, napisa\u0142 w o\u015bwiadczeniu przes\u0142anym do Gazeta.pl, \u017ce &#8222;uznanie pow\u00f3dztwa rodziny Pani Anny Przybylskiej zosta\u0142o ju\u017c dawno uzgodnione&#8221; z kancelari\u0105 Giertycha i \u017ce pow\u00f3dztwo owe zostanie uznane w trakcie rozprawy s\u0105dowej &#8211; czyli w\u0142a\u015bnie dzi\u015b.<\/p>\n<p>Rzecznik Pudelka podkre\u015bli\u0142, \u017ce &#8222;wywieranie medialnego nacisku na wydawc\u0119 portalu Pudelek przez Pana Mecenasa Giertycha jest nie tylko ca\u0142kowicie niezrozumia\u0142e, ale r\u00f3wnie\u017c zupe\u0142nie niepotrzebne, poniewa\u017c strony ju\u017c dawno dosz\u0142y tak\u017ce do porozumienia co do wyp\u0142aty zado\u015b\u0107uczynienia i jego wysoko\u015bci&#8221;.<\/p>\n<p>gazeta.pl<\/p>\n","protected":false},"excerpt":{"rendered":"<p>Pudelek.pl b\u0119dzie musia\u0142 zap\u0142aci\u0107 zado\u015b\u0107uczynienie dzieciom Anny Przybylskiej za podanie nieprawdziwej informacji o \u015bmierci aktorki. S\u0105d &#8222;zas\u0105dzi\u0142 300 tysi\u0119cy z\u0142otych dla dzieci (&#8230;) oraz 22500 z\u0142otych koszt\u00f3w s\u0105dowych&#8221; &#8211; poinformowa\u0142 mec. Roman Giertych, reprezentuj\u0105cy rodzin\u0119 Przybylskiej. Pudelek.pl w 2014 r. poda\u0142 &#8211; niezgodnie z prawd\u0105 &#8211; informacj\u0119 o \u015bmierci Anny Przybylskiej. Aktorka chorowa\u0142a na raka, [&hellip;]<\/p>\n","protected":false},"author":2,"featured_media":0,"comment_status":"open","ping_status":"open","sticky":false,"template":"","format":"standard","meta":{"footnotes":""},"categories":[8],"tags":[11,12],"class_list":["post-2514","post","type-post","status-publish","format-standard","hentry","category-aktualnosci","tag-marshal","tag-odszkodowanie"],"_links":{"self":[{"href":"https:\/\/www.odszkodowania.info.pl\/index.php?rest_route=\/wp\/v2\/posts\/2514","targetHints":{"allow":["GET"]}}],"collection":[{"href":"https:\/\/www.odszkodowania.info.pl\/index.php?rest_route=\/wp\/v2\/posts"}],"about":[{"href":"https:\/\/www.odszkodowania.info.pl\/index.php?rest_route=\/wp\/v2\/types\/post"}],"author":[{"embeddable":true,"href":"https:\/\/www.odszkodowania.info.pl\/index.php?rest_route=\/wp\/v2\/users\/2"}],"replies":[{"embeddable":true,"href":"https:\/\/www.odszkodowania.info.pl\/index.php?rest_route=%2Fwp%2Fv2%2Fcomments&post=2514"}],"version-history":[{"count":1,"href":"https:\/\/www.odszkodowania.info.pl\/index.php?rest_route=\/wp\/v2\/posts\/2514\/revisions"}],"predecessor-version":[{"id":2515,"href":"https:\/\/www.odszkodowania.info.pl\/index.php?rest_route=\/wp\/v2\/posts\/2514\/revisions\/2515"}],"wp:attachment":[{"href":"https:\/\/www.odszkodowania.info.pl\/index.php?rest_route=%2Fwp%2Fv2%2Fmedia&parent=2514"}],"wp:term":[{"taxonomy":"category","embeddable":true,"href":"https:\/\/www.odszkodowania.info.pl\/index.php?rest_route=%2Fwp%2Fv2%2Fcategories&post=2514"},{"taxonomy":"post_tag","embeddable":true,"href":"https:\/\/www.odszkodowania.info.pl\/index.php?rest_route=%2Fwp%2Fv2%2Ftags&post=2514"}],"curies":[{"name":"wp","href":"https:\/\/api.w.org\/{rel}","templated":true}]}}