{"id":2521,"date":"2015-05-05T18:55:49","date_gmt":"2015-05-05T17:55:49","guid":{"rendered":"http:\/\/www.odszkodowania.info.pl\/?p=2521"},"modified":"2015-05-05T18:55:49","modified_gmt":"2015-05-05T17:55:49","slug":"byly-wychowanek-osrodka-siostr-boromeuszek-chce-miliona-odszkodowania-byl-bity-i-gwalcony","status":"publish","type":"post","link":"https:\/\/www.odszkodowania.info.pl\/?p=2521","title":{"rendered":"By\u0142y wychowanek o\u015brodka si\u00f3str boromeuszek chce miliona odszkodowania. By\u0142 bity i gwa\u0142cony"},"content":{"rendered":"<p>Miliona z\u0142otych zado\u015b\u0107uczynienia i 2,5 tys. z\u0142 comiesi\u0119cznej renty domaga si\u0119 dla jednego z by\u0142ych wychowank\u00f3w o\u015brodka opieku\u0144czego si\u00f3str boromeuszek w Zabrzu jego pe\u0142nomocnik. Pozew w tej sprawie trafi\u0142 do warszawskiego s\u0105du okr\u0119gowego.<\/p>\n<p>Agnieszka F., czyli siostra Bernadetta &#8211; kt\u00f3ra kierowa\u0142a o\u015brodkiem &#8211; w procesie karnym zosta\u0142a kilka lat temu prawomocnie skazana na dwa lata wi\u0119zienia za zn\u0119canie si\u0119 nad wychowankami. Pawe\u0142 by\u0142 jedn\u0105 z ofiar.<\/p>\n<p><strong>Adwokat nie wzi\u0105\u0142 wynagrodzenia<\/strong><\/p>\n<p>Adwokat Przemys\u0142aw Rosati, kt\u00f3ry reprezentuje Paw\u0142a, powiedzia\u0142, \u017ce za cierpienia wychowanka domaga si\u0119 solidarnej zap\u0142aty od Kongregacji Si\u00f3str Mi\u0142osierdzia \u015bw. Karola Boromeusza, Agnieszki F. oraz PZU, czyli ubezpieczyciela Kongregacji.<\/p>\n<p>&#8211; W dalszym ci\u0105gu jeste\u015bmy otwarci na ugod\u0119, cho\u0107 druga strona dotychczas nie wykazywa\u0142a takiej woli. \u017b\u0105dania finansowe w pozwie naszym zdaniem s\u0105 adekwatne do krzywd wyrz\u0105dzonych Paw\u0142owi. Nie mo\u017cna deprecjonowa\u0107 takich warto\u015bci, jak zdrowie, \u017cycie czy godno\u015b\u0107. Wychowankowie o\u015brodka mieli w nim znale\u017a\u0107 ciep\u0142o i spok\u00f3j, spotka\u0142o ich molestowanie, przemoc fizyczna i psychiczna &#8211; powiedzia\u0142 mec. Rosati.<\/p>\n<p>Przypomnia\u0142, \u017ce okrutne traktowanie w o\u015brodku by\u0142o praktykowane przez wiele lat i nikt na to nie reagowa\u0142. Adwokat reprezentuje Paw\u0142a, nie pobieraj\u0105c wynagrodzenia. Zdecydowa\u0142 si\u0119 zaj\u0105\u0107 spraw\u0105 po informacjach w mediach na ten temat i lekturze akt.<\/p>\n<p><strong>Koszmar wychowank\u00f3w<\/strong><\/p>\n<p>Pawe\u0142 trafi\u0142 do o\u015brodka boromeuszek, gdy mia\u0142 dwa lata. By\u0142 bity i gwa\u0142cony przez starszych wychowank\u00f3w, z kt\u00f3rymi siostry zamyka\u0142y go w pokoju. Dyrektorka nie reagowa\u0142a na jego skargi. O\u015brodek opu\u015bci\u0142 dopiero w wieku 14 lat, gdy o wszystkim opowiedzia\u0142 nauczycielce.<\/p>\n<p>W 2011 r. gliwicki s\u0105d okr\u0119gowy skaza\u0142 s. Bernadett\u0119 na bezwzgl\u0119dn\u0105 kar\u0119 dw\u00f3ch lat wi\u0119zienia. Zaostrzy\u0142 wyrok s\u0105du rejonowego, kt\u00f3ry wymierzy\u0142 kar\u0119 w zawieszeniu. Mimo prawomocnego wyroku Agnieszka F. przez lata nie trafia\u0142a jednak do wi\u0119zienia. S\u0105d odracza\u0142 jej kar\u0119 po wnioskach, w kt\u00f3rych skazana powo\u0142ywa\u0142a si\u0119 na stan zdrowia i wiek. Trafi\u0142a do niego dopiero po orzeczeniu s\u0105du w Zabrzu z kwietnia 2014 r., kt\u00f3ry nie zgodzi\u0142 si\u0119 na warunkowe zawieszenie kary.<\/p>\n<p><strong>Siostry przeprosi\u0142y<\/strong><\/p>\n<p>Siostra Bernadetta, kt\u00f3ra zaskar\u017cy\u0142a t\u0119 decyzj\u0119, w ostatniej chwili &#8211; gdy mia\u0142o by\u0107 rozpoznawane jej za\u017calenie &#8211; cofn\u0119\u0142a sw\u00f3j wniosek. Przes\u0142a\u0142a do s\u0105du pismo, w kt\u00f3rym przeprosi\u0142a za swoje czyny i poprosi\u0142a o wybaczenie tych, kt\u00f3rych z jej powodu dotkn\u0119\u0142o cierpienie, b\u00f3l czy poczucie zgorszenia.<\/p>\n<p>&#8222;G\u0142\u0119boki b\u00f3l&#8221; wyrazi\u0142y te\u017c, pod koniec kwietnia ub.r., siostry boromeuszki. Przeprosi\u0142y za cierpienie podopiecznych o\u015brodka. Przeprosiny wystosowa\u0142a te\u017c prze\u0142o\u017cona generalna Zgromadzenia Si\u00f3str Boromeuszek s. Claret Kr\u00f3l.<\/p>\n<p>Prokuratura oskar\u017cy\u0142a s. Bernadett\u0119 m.in. o bicie podopiecznych i przyzwalanie na przemoc, tak\u017ce seksualn\u0105, mi\u0119dzy wychowankami. Druga odpowiadaj\u0105ca w procesie zakonnica zosta\u0142a skazana na osiem miesi\u0119cy wi\u0119zienia w zawieszeniu.<\/p>\n<p>Wed\u0142ug prokuratury b. dyrektorka i jej podw\u0142adna zleca\u0142y wykonanie kar fizycznych na dzieciach innym wychowankom oraz same stosowa\u0142y wobec podopiecznych przemoc fizyczn\u0105 i psychiczn\u0105. Sprawa obejmowa\u0142a \u0142\u0105cznie 20 zarzut\u00f3w dotycz\u0105cych okresu od stycznia 2005 do stycznia 2006 r.<\/p>\n<p>Jeden z zarzut\u00f3w dotyczy\u0142 gwa\u0142tu na ch\u0142opcu, kt\u00f3rego Agnieszka F. zamkn\u0119\u0142a na noc w pokoju z dwoma innymi wychowankami. Zdaniem prokuratury okoliczno\u015bci wskazuj\u0105, \u017ce zakonnica zaniedba\u0142a w\u00f3wczas swe obowi\u0105zki, pomagaj\u0105c w ten spos\u00f3b w tzw. doprowadzeniu do poddania si\u0119 czynno\u015bci seksualnej osoby poni\u017cej 15. roku \u017cycia.<\/p>\n<p><strong>Sprawa boromeuszek ujawniona po zab\u00f3jstwie 8-latka<\/strong><\/p>\n<p>Prokuratorskie \u015bledztwo w sprawie przemocy w o\u015brodku boromeuszek by\u0142o konsekwencj\u0105 innego post\u0119powania prowadzonego przez gliwick\u0105 prokuratur\u0119 &#8211; w sprawie zab\u00f3jstwa w lutym 2006 r. o\u015bmioletniego Mateusza z Rybnika. Cia\u0142a ch\u0142opca dot\u0105d nie odnaleziono.<\/p>\n<p>Jeden z oskar\u017conych o dokonanie tej zbrodni, Tomasz Z., by\u0142 wychowankiem o\u015brodka boromeuszek. Oskar\u017cony t\u0142umaczy\u0142, \u017ce jego postaw\u0119 ukszta\u0142towa\u0142 fakt bycia \u015bwiadkiem, a p\u00f3\u017aniej tak\u017ce uczestnikiem gwa\u0142t\u00f3w, do kt\u00f3rych dochodzi\u0142o w o\u015brodku.<\/p>\n<p>gazeta.pl<\/p>\n","protected":false},"excerpt":{"rendered":"<p>Miliona z\u0142otych zado\u015b\u0107uczynienia i 2,5 tys. z\u0142 comiesi\u0119cznej renty domaga si\u0119 dla jednego z by\u0142ych wychowank\u00f3w o\u015brodka opieku\u0144czego si\u00f3str boromeuszek w Zabrzu jego pe\u0142nomocnik. Pozew w tej sprawie trafi\u0142 do warszawskiego s\u0105du okr\u0119gowego. Agnieszka F., czyli siostra Bernadetta &#8211; kt\u00f3ra kierowa\u0142a o\u015brodkiem &#8211; w procesie karnym zosta\u0142a kilka lat temu prawomocnie skazana na dwa lata [&hellip;]<\/p>\n","protected":false},"author":2,"featured_media":0,"comment_status":"open","ping_status":"open","sticky":false,"template":"","format":"standard","meta":{"footnotes":""},"categories":[8],"tags":[12,13],"class_list":["post-2521","post","type-post","status-publish","format-standard","hentry","category-aktualnosci","tag-odszkodowanie","tag-zadoscuczynienie"],"_links":{"self":[{"href":"https:\/\/www.odszkodowania.info.pl\/index.php?rest_route=\/wp\/v2\/posts\/2521","targetHints":{"allow":["GET"]}}],"collection":[{"href":"https:\/\/www.odszkodowania.info.pl\/index.php?rest_route=\/wp\/v2\/posts"}],"about":[{"href":"https:\/\/www.odszkodowania.info.pl\/index.php?rest_route=\/wp\/v2\/types\/post"}],"author":[{"embeddable":true,"href":"https:\/\/www.odszkodowania.info.pl\/index.php?rest_route=\/wp\/v2\/users\/2"}],"replies":[{"embeddable":true,"href":"https:\/\/www.odszkodowania.info.pl\/index.php?rest_route=%2Fwp%2Fv2%2Fcomments&post=2521"}],"version-history":[{"count":1,"href":"https:\/\/www.odszkodowania.info.pl\/index.php?rest_route=\/wp\/v2\/posts\/2521\/revisions"}],"predecessor-version":[{"id":2522,"href":"https:\/\/www.odszkodowania.info.pl\/index.php?rest_route=\/wp\/v2\/posts\/2521\/revisions\/2522"}],"wp:attachment":[{"href":"https:\/\/www.odszkodowania.info.pl\/index.php?rest_route=%2Fwp%2Fv2%2Fmedia&parent=2521"}],"wp:term":[{"taxonomy":"category","embeddable":true,"href":"https:\/\/www.odszkodowania.info.pl\/index.php?rest_route=%2Fwp%2Fv2%2Fcategories&post=2521"},{"taxonomy":"post_tag","embeddable":true,"href":"https:\/\/www.odszkodowania.info.pl\/index.php?rest_route=%2Fwp%2Fv2%2Ftags&post=2521"}],"curies":[{"name":"wp","href":"https:\/\/api.w.org\/{rel}","templated":true}]}}