{"id":2547,"date":"2015-07-19T14:02:09","date_gmt":"2015-07-19T13:02:09","guid":{"rendered":"http:\/\/www.odszkodowania.info.pl\/?p=2547"},"modified":"2015-07-19T14:02:09","modified_gmt":"2015-07-19T13:02:09","slug":"katastrofa-samolotu-germanwings-rodziny-ofiar-chca-wyzszych-odszkodowan","status":"publish","type":"post","link":"https:\/\/www.odszkodowania.info.pl\/?p=2547","title":{"rendered":"Katastrofa samolotu Germanwings: rodziny ofiar chc\u0105 wy\u017cszych odszkodowa\u0144"},"content":{"rendered":"<p>Rodziny ofiar katastrofy samolotu linii Germanwings, kt\u00f3ry w marcu rozbi\u0142 si\u0119 w Alpach ze 150 osobami na pok\u0142adzie, domagaj\u0105 si\u0119 odszkodowa\u0144 w wysoko\u015bci po 200 tys. euro za ka\u017cdego zabitego. Przewo\u017anik zaproponowa\u0142 po 25 tys. euro &#8211; poda\u0142 &#8222;Bild am Sonntag&#8221;.<\/p>\n<p>&#8211; Rodziny ofiar odrzuci\u0142y propozycj\u0119 Lufthansy &#8211; powiedzia\u0142 w niedzielnym wydaniu &#8222;Bilda&#8221; adwokat 35 rodzin Elmar Giemulla.<\/p>\n<p>W pi\u015bmie do przewo\u017anika adwokat zwraca uwag\u0119 na &#8222;trwaj\u0105cy przez wiele minut strach przed \u015bmierci\u0105&#8221; b\u0119d\u0105cy udzia\u0142em ofiar katastrofy. Problem adekwatnego odszkodowania jest trudny, ale kwota 25 tys. euro nie jest z pewno\u015bci\u0105 w\u0142a\u015bciw\u0105 rekompensat\u0105 &#8211; powiedzia\u0142 Giemulla.<\/p>\n<p>Za brak wra\u017cliwo\u015bci ze strony linii lotniczych uzna\u0142 stanowisko Lufthansy, \u017ce rodze\u0144stwo i dziadkowie ofiar mog\u0105 dosta\u0107 odszkodowanie tylko po przedstawieniu za\u015bwiadczenia, \u017ce rzeczywi\u015bcie cierpi\u0105.<\/p>\n<p>Tanie linie lotnicze Germanwings nale\u017c\u0105 do koncernu Lufthansa.<\/p>\n<p>Airbus A320 linii Germanwings rozbi\u0142 si\u0119 24 marca w Alpach na po\u0142udniu Francji, na trasie mi\u0119dzy Barcelon\u0105 a Duesseldorfem.<\/p>\n<p>\u015aledztwo wykaza\u0142o, \u017ce to drugi pilot Andreas Lubitz, kt\u00f3ry zosta\u0142 sam w kokpicie, celowo doprowadzi\u0142 do rozbicia maszyny i \u015bmierci wszystkich znajduj\u0105cych si\u0119 na jej pok\u0142adzie os\u00f3b. W trakcie dochodzenia wysz\u0142o na jaw, \u017ce Lubitz mia\u0142 ci\u0119\u017ck\u0105 depresj\u0119 podczas szkolenia na pilota w 2009 roku. Niemiecka prokuratura poda\u0142a, \u017ce w przesz\u0142o\u015bci Lubitz miewa\u0142 sk\u0142onno\u015bci samob\u00f3jcze.<\/p>\n<p>27-letni m\u0119\u017cczyzna w ci\u0105gu pi\u0119ciu lat przed \u015bmierci\u0105 odwiedzi\u0142 r\u00f3\u017cnych lekarzy a\u017c 41 razy, z czego w miesi\u0105cu przed katastrof\u0105 &#8211; siedem razy (lekarza og\u00f3lnego, trzech psycholog\u00f3w i trzech okulist\u00f3w). Lubitz pr\u00f3bowa\u0142 te wizyty ukrywa\u0107. W dniu katastrofy by\u0142 na zwolnieniu lekarskim i nie powinien zasi\u0105\u015b\u0107 za sterami samolotu.<\/p>\n<p>Ca\u0142y tekst: http:\/\/wyborcza.pl\/1,75477,18389003,katastrofa-samolotu-germanwings-rodziny-ofiar-chca-wyzszych.html#ixzz3gLGPQ49M<\/p>\n","protected":false},"excerpt":{"rendered":"<p>Rodziny ofiar katastrofy samolotu linii Germanwings, kt\u00f3ry w marcu rozbi\u0142 si\u0119 w Alpach ze 150 osobami na pok\u0142adzie, domagaj\u0105 si\u0119 odszkodowa\u0144 w wysoko\u015bci po 200 tys. euro za ka\u017cdego zabitego. Przewo\u017anik zaproponowa\u0142 po 25 tys. euro &#8211; poda\u0142 &#8222;Bild am Sonntag&#8221;. &#8211; Rodziny ofiar odrzuci\u0142y propozycj\u0119 Lufthansy &#8211; powiedzia\u0142 w niedzielnym wydaniu &#8222;Bilda&#8221; adwokat 35 [&hellip;]<\/p>\n","protected":false},"author":2,"featured_media":0,"comment_status":"open","ping_status":"open","sticky":false,"template":"","format":"standard","meta":{"footnotes":""},"categories":[8],"tags":[12,13],"class_list":["post-2547","post","type-post","status-publish","format-standard","hentry","category-aktualnosci","tag-odszkodowanie","tag-zadoscuczynienie"],"_links":{"self":[{"href":"https:\/\/www.odszkodowania.info.pl\/index.php?rest_route=\/wp\/v2\/posts\/2547","targetHints":{"allow":["GET"]}}],"collection":[{"href":"https:\/\/www.odszkodowania.info.pl\/index.php?rest_route=\/wp\/v2\/posts"}],"about":[{"href":"https:\/\/www.odszkodowania.info.pl\/index.php?rest_route=\/wp\/v2\/types\/post"}],"author":[{"embeddable":true,"href":"https:\/\/www.odszkodowania.info.pl\/index.php?rest_route=\/wp\/v2\/users\/2"}],"replies":[{"embeddable":true,"href":"https:\/\/www.odszkodowania.info.pl\/index.php?rest_route=%2Fwp%2Fv2%2Fcomments&post=2547"}],"version-history":[{"count":1,"href":"https:\/\/www.odszkodowania.info.pl\/index.php?rest_route=\/wp\/v2\/posts\/2547\/revisions"}],"predecessor-version":[{"id":2548,"href":"https:\/\/www.odszkodowania.info.pl\/index.php?rest_route=\/wp\/v2\/posts\/2547\/revisions\/2548"}],"wp:attachment":[{"href":"https:\/\/www.odszkodowania.info.pl\/index.php?rest_route=%2Fwp%2Fv2%2Fmedia&parent=2547"}],"wp:term":[{"taxonomy":"category","embeddable":true,"href":"https:\/\/www.odszkodowania.info.pl\/index.php?rest_route=%2Fwp%2Fv2%2Fcategories&post=2547"},{"taxonomy":"post_tag","embeddable":true,"href":"https:\/\/www.odszkodowania.info.pl\/index.php?rest_route=%2Fwp%2Fv2%2Ftags&post=2547"}],"curies":[{"name":"wp","href":"https:\/\/api.w.org\/{rel}","templated":true}]}}