{"id":255,"date":"2009-03-12T19:06:55","date_gmt":"2009-03-12T18:06:55","guid":{"rendered":"http:\/\/www.odszkodowania.info.pl\/?p=255"},"modified":"2009-03-12T19:06:55","modified_gmt":"2009-03-12T18:06:55","slug":"ubezpieczyciel-odpowiada-tylko-do-sumy-gwarancyjnej","status":"publish","type":"post","link":"https:\/\/www.odszkodowania.info.pl\/?p=255","title":{"rendered":"Ubezpieczyciel odpowiada tylko do sumy gwarancyjnej"},"content":{"rendered":"<p>Potwierdzi\u0142 to S\u0105d Najwy\u017cszy w swoim wyroku (sygn. II CSK 566\/08).<\/p>\n<p>Orzeczenie to dotyczy roszcze\u0144 regresowych towarzystwa ubezpiecze\u0144 Ergo Hestia wobec towarzystwa Warta i Tomasza \u015a.<\/p>\n<p>W sprawie tej \u017ar\u00f3d\u0142em szkody by\u0142o wydarzenie z 4 maja 2005 r. Kierowca, pracownik firmy przewozowej Tomasza \u015a., przewozi\u0142 \u015brodki ochrony ro\u015blin warto\u015bci 1,2 mln z\u0142 b\u0119d\u0105ce w\u0142asno\u015bci\u0105 sp\u00f3\u0142ki Basf Polska. Przew\u00f3z Tomaszowi \u015a. jako przewo\u017anikowi zast\u0119pczemu (podwykonawcy) zleci\u0142 przewo\u017anik \u2013 Pekaes Multi Spedytor, z kt\u00f3rym sp\u00f3\u0142ka Basf Polska zawar\u0142a umow\u0119 przewozu.<\/p>\n<h2>Bo to byli przebiera\u0144cy<\/h2>\n<p>Dwu nieustalonych do dzi\u015b sprawc\u00f3w, ubranych w policyjne mundury i bia\u0142e czapki, poruszaj\u0105cych si\u0119 samochodem VW Vento, zatrzyma\u0142o pojazd ze \u015brodkami ochrony ro\u015blin pod pozorem kontroli drogowej. U\u017cyli sygna\u0142\u00f3w \u015bwietlnych i lizaka. Kierowc\u0119 zabrali do swego samochodu, za\u0142o\u017cyli mu worek na g\u0142ow\u0119 i, gro\u017c\u0105c prawdopodobnie pistoletem, wozili ok. p\u00f3\u0142torej godziny. Kierowca zosta\u0142 przywieziony w okolice napadu, zmuszony do wypicia w\u00f3dki i porzucony w lesie. Pojazd, kt\u00f3rym kierowa\u0142, policja znalaz\u0142a jeszcze tego samego dnia, oczywi\u015bcie bez \u0142adunku.<\/p>\n<p>Sp\u00f3\u0142ka Basf Polska, do kt\u00f3rej nale\u017ca\u0142 \u0142adunek, otrzyma\u0142a od Ergo Hestia odszkodowanie z OC przewo\u017anika, tj. Pekaes Multi Spedytor, r\u00f3wne warto\u015bci utraconego towaru.<\/p>\n<p>Nast\u0119pnie Hestia wyst\u0105pi\u0142a na podstawie art. 828 \u00a7 1 <a href=\"http:\/\/aktyprawne.rp.pl\/aktyprawne\/akty\/akt.spr?id=70928\">kodeksu cywilnego<\/a> z roszczeniem regresowym przeciwko Tomaszowi \u015a. jako odpowiedzialnemu za szkod\u0119, a tak\u017ce przeciwko towarzystwu Warta, z kt\u00f3rym \u0142\u0105czy\u0142a Tomasza \u015a. umowa ubezpieczenia OC operatora transportowego.<\/p>\n<h2>S\u0105d Najwy\u017cszy wyja\u015bnia<\/h2>\n<p>S\u0105d I instancji oddali\u0142 \u017c\u0105dania Hestii, uznaj\u0105c zdarzenie wyrz\u0105dzaj\u0105ce szkod\u0119, tj. rabunek, za si\u0142\u0119 wy\u017csz\u0105 w rozumieniu art. 65 ust. 2 <a href=\"http:\/\/aktyprawne.rp.pl\/aktyprawne\/akty\/akt.spr?id=115791\">prawa przewozowego<\/a>, za kt\u00f3r\u0105 zast\u0119pczy przewo\u017anik \u2013 Tomasz \u015a. \u2013 nie odpowiada. Nie odpowiada wi\u0119c te\u017c towarzystwo Warta, w kt\u00f3rym ma on ubezpieczenie odpowiedzialno\u015bci cywilnej.<\/p>\n<p>Jednak <strong>w uchwale z 13 grudnia 2007 r. (sygn. III CZP 100\/07) b\u0119d\u0105cej odpowiedzi\u0105 na pytanie prawne s\u0105du II instancji, SN stwierdzi\u0142, \u017ce takie zdarzenie nie jest si\u0142\u0105 wy\u017csz\u0105 w rozumieniu tego przepisu<\/strong>.<\/p>\n<p>Tomasz \u015a. zatem jako zast\u0119pczy przewo\u017anik, a w konsekwencji firma ubezpieczeniowa, w kt\u00f3rej ma on polis\u0119 OC, odpowiada za utrat\u0119 \u0142adunku w wyniku takiego zdarzenia. Roszczenie regresowe Hestii jako ubezpieczyciela przewo\u017anika wobec Tomasza \u015a. odpowiedzialnego za szkod\u0119 oraz wobec Warty jako ubezpieczyciela tego zast\u0119pczego przewo\u017anika jest uzasadnione.<\/p>\n<p>W tym stanie rzeczy s\u0105d II instancji zas\u0105dzi\u0142 in solidum na rzecz firmy Ergo Hestia od Tomasza \u015a. oraz od Warty zwrot ca\u0142ego odszkodowania wyp\u0142aconego sp\u00f3\u0142ce Basf Polska za skradziony \u0142adunek, czyli 1,2 mln z\u0142.<\/p>\n<h2>Cz\u0119\u015b\u0107 zap\u0142aci przewo\u017anik zast\u0119pczy<\/h2>\n<p>W skardze kasacyjnej Warta zarzuci\u0142a naruszenie art. 828 \u00a7 1 <a href=\"http:\/\/aktyprawne.rp.pl\/aktyprawne\/akty\/akt.spr?id=70928\">kodeksu cywilnego<\/a> przez b\u0142\u0119dne jego zastosowane. Przekonywa\u0142a, \u017ce w sprawie tej zastosowanie ma art. 828 \u00a7 2 k.c., przewiduj\u0105cy wyj\u0105tek od zasady zapisanej w art. 828 \u00a7 1 k.c. W my\u015bl art. 828 \u00a7 2 k.c. w brzmieniu obowi\u0105zuj\u0105cym do 10 sierpnia 2007 r. nie przechodzi\u0142y na ubezpieczyciela roszczenia ubezpieczaj\u0105cego przeciwko osobom, za kt\u00f3re ubezpieczaj\u0105cy ponosi odpowiedzialno\u015b\u0107.<\/p>\n<p>SN z zarzutem tym si\u0119 nie zgodzi\u0142. \u2013 Artyku\u0142 828 \u00a7 2 k.c., tak\u017ce w starym brzmieniu, nie mia\u0142 w tej sprawie zastosowania \u2013 zaznaczy\u0142 s\u0119dzia Henryk Pietrzkowski.<\/p>\n<p>Hestii przys\u0142ugiwa\u0142o wi\u0119c roszczenie regresowe wobec przewo\u017anika zast\u0119pczego Tadeusza \u015a., a tak\u017ce wobec jego ubezpieczyciela \u2013 Warty.<\/p>\n<p>Jednak\u017ce wyrok s\u0105du II instancji w cz\u0119\u015bci dotycz\u0105cej Warty zosta\u0142 przez SN uchylony. Trafny bowiem okaza\u0142 si\u0119 zarzut naruszenia art. 824 \u00a7 1 k.c., w my\u015bl kt\u00f3rego, je\u015bli nie um\u00f3wiono si\u0119 inaczej, suma ubezpieczenia ustalona w umowie stanowi g\u00f3rn\u0105 granic\u0119 odpowiedzialno\u015bci ubezpieczenia.<\/p>\n<p>Tymczasem zgodnie z umow\u0105 zawart\u0105 z Tomaszem \u015a. Warta odpowiada\u0142a tylko do wysoko\u015bci sumy ubezpieczenia stanowi\u0105cej r\u00f3wnowarto\u015b\u0107 300 tys. dolar\u00f3w, a wi\u0119c w tym wypadku ni\u017cszej o prawie 300 tys. z\u0142 od wysoko\u015bci odszkodowania wyp\u0142aconego przez Hesti\u0119 poszkodowanej sp\u00f3\u0142ce Basf Polska. W konsekwencji do tej tylko kwoty Warta odpowiada tak\u017ce na zasadzie regresu ubezpieczeniowego przewidzianego w art. 828 \u00a7 1 k.c.<\/p>\n<p><strong>Dla Tomasza \u015a. oznacza to tyle, \u017ce r\u00f3\u017cnic\u0119 mi\u0119dzy sum\u0105 ubezpieczenia a kwot\u0105 wyp\u0142acon\u0105 sp\u00f3\u0142ce Basf Polska Hestia b\u0119dzie mog\u0142a egzekwowa\u0107 bezpo\u015brednio od niego. <\/strong><\/p>\n<div class=\"author\">Rzeczpospolita<\/div>\n","protected":false},"excerpt":{"rendered":"<p>Firma ubezpieczeniowa, kt\u00f3ry wyp\u0142aci\u0142a z polisy przewo\u017anika odszkodowanie jego klientowi za utracony \u0142adunek, mo\u017ce domaga\u0107 si\u0119 zwrotu tego odszkodowania od przewo\u017anika zast\u0119pczego.<\/p>\n","protected":false},"author":2,"featured_media":0,"comment_status":"open","ping_status":"open","sticky":false,"template":"","format":"standard","meta":{"footnotes":""},"categories":[8,45,43],"tags":[22,12],"class_list":["post-255","post","type-post","status-publish","format-standard","hentry","category-aktualnosci","category-artykul-glowny","category-prawo","tag-oc","tag-odszkodowanie"],"_links":{"self":[{"href":"https:\/\/www.odszkodowania.info.pl\/index.php?rest_route=\/wp\/v2\/posts\/255","targetHints":{"allow":["GET"]}}],"collection":[{"href":"https:\/\/www.odszkodowania.info.pl\/index.php?rest_route=\/wp\/v2\/posts"}],"about":[{"href":"https:\/\/www.odszkodowania.info.pl\/index.php?rest_route=\/wp\/v2\/types\/post"}],"author":[{"embeddable":true,"href":"https:\/\/www.odszkodowania.info.pl\/index.php?rest_route=\/wp\/v2\/users\/2"}],"replies":[{"embeddable":true,"href":"https:\/\/www.odszkodowania.info.pl\/index.php?rest_route=%2Fwp%2Fv2%2Fcomments&post=255"}],"version-history":[{"count":1,"href":"https:\/\/www.odszkodowania.info.pl\/index.php?rest_route=\/wp\/v2\/posts\/255\/revisions"}],"predecessor-version":[{"id":256,"href":"https:\/\/www.odszkodowania.info.pl\/index.php?rest_route=\/wp\/v2\/posts\/255\/revisions\/256"}],"wp:attachment":[{"href":"https:\/\/www.odszkodowania.info.pl\/index.php?rest_route=%2Fwp%2Fv2%2Fmedia&parent=255"}],"wp:term":[{"taxonomy":"category","embeddable":true,"href":"https:\/\/www.odszkodowania.info.pl\/index.php?rest_route=%2Fwp%2Fv2%2Fcategories&post=255"},{"taxonomy":"post_tag","embeddable":true,"href":"https:\/\/www.odszkodowania.info.pl\/index.php?rest_route=%2Fwp%2Fv2%2Ftags&post=255"}],"curies":[{"name":"wp","href":"https:\/\/api.w.org\/{rel}","templated":true}]}}