{"id":2555,"date":"2015-07-19T14:16:20","date_gmt":"2015-07-19T13:16:20","guid":{"rendered":"http:\/\/www.odszkodowania.info.pl\/?p=2555"},"modified":"2015-07-19T14:16:20","modified_gmt":"2015-07-19T13:16:20","slug":"rodzice-julii-chca-25-mln-zl-od-szpitali-znow-proces-o-zbyt-pozna-cesarke","status":"publish","type":"post","link":"https:\/\/www.odszkodowania.info.pl\/?p=2555","title":{"rendered":"Rodzice Julii chc\u0105 2,5 mln z\u0142 od szpitali. Zn\u00f3w proces o zbyt p\u00f3\u017an\u0105 cesark\u0119"},"content":{"rendered":"<p>Rekordowej kwoty 2,5 mln z\u0142 zado\u015b\u0107uczynienia domagaj\u0105 si\u0119 od dw\u00f3ch \u015bwi\u0119tokrzyskich szpitali rodzice trzyletniej dzi\u015b Julii. Dziewczynka urodzi\u0142a si\u0119 w 30. tygodniu ci\u0105\u017cy, by\u0142a niedotleniona, do ko\u0144ca \u017cycia b\u0119dzie wymaga\u0142a rehabilitacji.<\/p>\n<p>Pani Dorota (imi\u0119 zmienili\u015bmy) trafi\u0142a do szpitala w J\u0119drzejowie 30 kwietnia 2012 roku. By\u0142a wtedy w 30. tygodniu ci\u0105\u017cy. Skar\u017cy\u0142a si\u0119 na ostre b\u00f3le brzucha. Zrobiono jej badania. &#8211; Lekarz dy\u017curuj\u0105cy od godz. 16.50 do 18.30 dzwoni\u0142 do r\u00f3\u017cnych o\u015brodk\u00f3w, \u017ceby przekaza\u0107 tam pacjentk\u0119 &#8211; t\u0142umaczy Monika G\u0105dek-Tamborska, rzeczniczka S\u0105du Okr\u0119gowego w Kielcach.<\/p>\n<p>To by\u0142o zatrucie ci\u0105\u017cowe<\/p>\n<p>Karetka przyjecha\u0142a dopiero o godz. 20.30. Pani Dorota zosta\u0142a przewieziona do Wojew\u00f3dzkiego Szpitala Zespolonego w Kielcach. Tam zdiagnozowano u niej zatrucie ci\u0105\u017cowe. To bardzo niebezpieczny stan zar\u00f3wno dla matki, jak i dla dziecka.<\/p>\n<p>Badanie KTG, kt\u00f3re zrobiono oko\u0142o godz. 23, wykaza\u0142o brak ruch\u00f3w p\u0142odu.<\/p>\n<p>Tu\u017c przed p\u00f3\u0142noc\u0105 rozpocz\u0119\u0142o si\u0119 cesarskie ci\u0119cie. Stan Julii by\u0142 ci\u0119\u017cki, dosta\u0142a 1 punkt w skali Apgar.<\/p>\n<p>Dziewczynka wa\u017cy\u0142a 1360 gram\u00f3w, urodzi\u0142a si\u0119 niedotleniona, ma niedow\u0142ad ko\u0144czyn.<\/p>\n<p>Przewie\u017ali dziewczynk\u0119 do Krakowa<\/p>\n<p>Nast\u0119pnego dnia lekarze podj\u0119li decyzj\u0119, \u017ceby niemowl\u0119 przekaza\u0107 do szpitala dzieci\u0119cego przy ul. Langiewicza w Kielcach, ale tam odm\u00f3wiono jej przyj\u0119cia, bo nie by\u0142o miejsc.<\/p>\n<p>Ostatecznie trafi\u0142a do specjalistycznej plac\u00f3wki w Krakowie.<\/p>\n<p>W po\u0142owie 2012 roku na Czarnowie nie by\u0142o jeszcze oddzia\u0142u z trzecim, najwy\u017cszym poziomem referencyjno\u015bci, gdzie ratuje si\u0119 wcze\u015bniaki. Utworzono go kilka miesi\u0119cy p\u00f3\u017aniej.<\/p>\n<p>Rodzice Julii skierowali spraw\u0119 do s\u0105du. Od obydwu szpitali oraz od dw\u00f3ch dy\u017curuj\u0105cych w\u00f3wczas lekarzy domagaj\u0105 si\u0119 wyp\u0142aty rekordowej kwoty 2,5 mln z\u0142 zado\u015b\u0107uczynienia. Zarzucaj\u0105, \u017ce zbyt p\u00f3\u017ano podj\u0119to decyzj\u0119 o przeprowadzeniu cesarskiego ci\u0119cia. Dziewczynka do ko\u0144ca \u017cycia b\u0119dzie wymaga\u0142a rehabilitacji.<\/p>\n<p>Procesy ci\u0105gn\u0105 si\u0119 latami<\/p>\n<p>Procesy o zbyt p\u00f3\u017ano przeprowadzony zabieg cesarskiego ci\u0119cia s\u0105 jednymi z cz\u0119stszych, je\u015bli chodzi o b\u0142\u0119dy medyczne. Jak wszystkie dotycz\u0105ce zdrowia, ci\u0105gn\u0105 si\u0119 latami, bardzo d\u0142ugo bowiem trzeba czeka\u0107 na opini\u0119 bieg\u0142ych, kt\u00f3rych jest zbyt ma\u0142o.<\/p>\n<p>Ten wytoczony przez rodzic\u00f3w Julii ju\u017c si\u0119 rozpocz\u0105\u0142, plac\u00f3wki nie przyznaj\u0105 si\u0119 do winy.<\/p>\n<p>&#8211; Szpital w J\u0119drzejowie twierdzi, \u017ce ma pierwszy poziom referencyjny ginekologii i po\u0142o\u017cnictwa, w zwi\u0105zku z tym nie mo\u017ce rozwi\u0105zywa\u0107 ci\u0105\u017cy w 30. tygodniu &#8211; t\u0142umaczy s\u0119dzia G\u0105dek-Tamborska.<\/p>\n<p>Poza tym wyja\u015bniono, \u017ce zatrucie ci\u0105\u017cowe jest nag\u0142ym stanem w po\u0142o\u017cnictwie, kt\u00f3rego nie da\u0142o si\u0119 przewidzie\u0107.<\/p>\n<p>&#8211; Na pewno zdarzy\u0142a si\u0119 tragedia, m\u00f3wi\u0119 o tym jako cz\u0142owiek i jako lekarz. Uwa\u017cam, \u017ce nie by\u0142o w tym naszej winy, dlatego czekamy na wyrok &#8211; m\u00f3wi Waldemar Michalczuk, wicedyrektor ds. medycznych szpitala w J\u0119drzejowie.<\/p>\n<p>Kamila Koca\u0144da, radca prawny Wojew\u00f3dzkiego Szpitala Zespolonego w Kielcach: &#8211; Swoje stanowisko przedstawimy w toku procesu. Media nie s\u0105 odpowiednim miejscem, \u017ceby na ich \u0142amach si\u0119 ustosunkowywa\u0107 do sprawy.<\/p>\n<p>gazeta.pl<\/p>\n","protected":false},"excerpt":{"rendered":"<p>Rekordowej kwoty 2,5 mln z\u0142 zado\u015b\u0107uczynienia domagaj\u0105 si\u0119 od dw\u00f3ch \u015bwi\u0119tokrzyskich szpitali rodzice trzyletniej dzi\u015b Julii. Dziewczynka urodzi\u0142a si\u0119 w 30. tygodniu ci\u0105\u017cy, by\u0142a niedotleniona, do ko\u0144ca \u017cycia b\u0119dzie wymaga\u0142a rehabilitacji. Pani Dorota (imi\u0119 zmienili\u015bmy) trafi\u0142a do szpitala w J\u0119drzejowie 30 kwietnia 2012 roku. By\u0142a wtedy w 30. tygodniu ci\u0105\u017cy. Skar\u017cy\u0142a si\u0119 na ostre b\u00f3le [&hellip;]<\/p>\n","protected":false},"author":2,"featured_media":0,"comment_status":"open","ping_status":"open","sticky":false,"template":"","format":"standard","meta":{"footnotes":""},"categories":[8],"tags":[120,12,13],"class_list":["post-2555","post","type-post","status-publish","format-standard","hentry","category-aktualnosci","tag-blad-medyczny","tag-odszkodowanie","tag-zadoscuczynienie"],"_links":{"self":[{"href":"https:\/\/www.odszkodowania.info.pl\/index.php?rest_route=\/wp\/v2\/posts\/2555","targetHints":{"allow":["GET"]}}],"collection":[{"href":"https:\/\/www.odszkodowania.info.pl\/index.php?rest_route=\/wp\/v2\/posts"}],"about":[{"href":"https:\/\/www.odszkodowania.info.pl\/index.php?rest_route=\/wp\/v2\/types\/post"}],"author":[{"embeddable":true,"href":"https:\/\/www.odszkodowania.info.pl\/index.php?rest_route=\/wp\/v2\/users\/2"}],"replies":[{"embeddable":true,"href":"https:\/\/www.odszkodowania.info.pl\/index.php?rest_route=%2Fwp%2Fv2%2Fcomments&post=2555"}],"version-history":[{"count":1,"href":"https:\/\/www.odszkodowania.info.pl\/index.php?rest_route=\/wp\/v2\/posts\/2555\/revisions"}],"predecessor-version":[{"id":2556,"href":"https:\/\/www.odszkodowania.info.pl\/index.php?rest_route=\/wp\/v2\/posts\/2555\/revisions\/2556"}],"wp:attachment":[{"href":"https:\/\/www.odszkodowania.info.pl\/index.php?rest_route=%2Fwp%2Fv2%2Fmedia&parent=2555"}],"wp:term":[{"taxonomy":"category","embeddable":true,"href":"https:\/\/www.odszkodowania.info.pl\/index.php?rest_route=%2Fwp%2Fv2%2Fcategories&post=2555"},{"taxonomy":"post_tag","embeddable":true,"href":"https:\/\/www.odszkodowania.info.pl\/index.php?rest_route=%2Fwp%2Fv2%2Ftags&post=2555"}],"curies":[{"name":"wp","href":"https:\/\/api.w.org\/{rel}","templated":true}]}}