{"id":2559,"date":"2015-07-19T14:21:24","date_gmt":"2015-07-19T13:21:24","guid":{"rendered":"http:\/\/www.odszkodowania.info.pl\/?p=2559"},"modified":"2015-07-19T14:21:24","modified_gmt":"2015-07-19T13:21:24","slug":"11-mln-zl-dla-boguckiego-za-niesluszny-areszt-ws-zabojstwa-papaly","status":"publish","type":"post","link":"https:\/\/www.odszkodowania.info.pl\/?p=2559","title":{"rendered":"1,1 mln z\u0142 dla Boguckiego za nies\u0142uszny areszt ws. zab\u00f3jstwa Papa\u0142y"},"content":{"rendered":"<p>Ryszard Bogucki, uniewinniony prawomocnie od zarzutu nak\u0142aniania do zab\u00f3jstwa gen. Marka Papa\u0142y, ma otrzyma\u0107 1,1 mln z\u0142 zado\u015b\u0107uczynienia za nies\u0142uszne aresztowanie w zawi\u0105zku z t\u0105 spraw\u0105.<\/p>\n<p>O wyroku, kt\u00f3ry zapad\u0142 przed katowickim s\u0105dem poinformowa\u0142 w pi\u0105tek PAP jego rzecznik Jacek Krawczyk. Prawnicy reprezentuj\u0105cy Boguckiego, kt\u00f3rzy \u017c\u0105dali prawie 22,5 mln z\u0142, rozwa\u017caj\u0105 apelacj\u0119. Wniosek o zas\u0105dzenie od Skarbu Pa\u0144stwa takiej kwoty trafi\u0142 do s\u0105du w marcu br. Chodzi\u0142o o 9 mln z\u0142 zado\u015b\u0107uczynienia \u201eza krzywdy zwi\u0105zane z zastosowaniem niew\u0105tpliwie nies\u0142usznego tymczasowego aresztowania maj\u0105cego charakter wydobywczy, w warunkach najsurowszego rygoru wynikaj\u0105cego z zakwalifikowania Ryszarda Boguckiego do kategorii tzw. osadzonych niebezpiecznych, trwaj\u0105cego nieprzerwanie przez okres 9 lat i 5 miesi\u0119cy&#8221;. Druga cz\u0119\u015b\u0107 wniosku dotyczy\u0142a 13,5 mln z\u0142 odszkodowania w zwi\u0105zku z utrat\u0105 kontroli nad maj\u0105tkiem sp\u00f3\u0142ki, kt\u00f3rej Bogucki by\u0142 udzia\u0142owcem. &#8211; S\u0105d uwzgl\u0119dni\u0142 nasz wniosek jedynie w cz\u0119\u015bci dotycz\u0105cej zado\u015b\u0107uczynienia. Nie znalaz\u0142 podstaw do wyp\u0142aty odszkodowania &#8211; powiedzia\u0142 jeden z adwokat\u00f3w reprezentuj\u0105cych Boguckiego Marcin Prasa\u0142ek. Zauwa\u017cy\u0142, \u017ce zas\u0105dzona kwota jest znacznie ni\u017csza od oczekiwa\u0144, dlatego bardzo prawdopodobne, \u017ce zostanie z\u0142o\u017cona apelacja. S\u0119dzia Krawczyk doda\u0142, \u017ce zapowied\u017a apelacji z\u0142o\u017cy\u0142 nie tylko pe\u0142nomocnik wnioskodawcy, ale te\u017c prokuratura. Sk\u0142adaj\u0105c wniosek o zado\u015b\u0107uczynienie prawnicy Boguckiego przypomnieli, \u017ce sprawa zab\u00f3jstwa gen. Papa\u0142y od lat jest przedmiotem zainteresowania opinii publicznej. Wyrazili przekonanie, \u017ce wiele wypowiedzi na temat ich klienta narusza\u0142o zasad\u0119 domniemania niewinno\u015bci, a doznane przez niego w ten spos\u00f3b krzywdy s\u0105 nie do naprawienia. &#8211; Przyznanie Ryszardowi Boguckiemu zado\u015b\u0107uczynienia i odszkodowania w \u017c\u0105danej przez niego wysoko\u015bci zostanie zauwa\u017cone spo\u0142ecznie i wywo\u0142a konieczn\u0105 dyskusj\u0119 nad kondycj\u0105 polskiego wymiaru sprawiedliwo\u015bci, odpowiedzialno\u015bci\u0105 funkcjonariuszy publicznych, podejmuj\u0105cych decyzje i dzia\u0142ania kluczowe dla losu poszczeg\u00f3lnych jednostek, jest te\u017c jedynym racjonalnym dzia\u0142aniem, mog\u0105cym wywo\u0142a\u0107 refleksj\u0119 polskich w\u0142adz nad konieczno\u015bci\u0105 g\u0142\u0119bokich zmian w polskim porz\u0105dku prawnym &#8211; ocenili pe\u0142nomocnicy. W 2009 r. \u015bledczy skierowali do s\u0105du akt oskar\u017cenia przeciwko Andrzejowi Z. &#8222;S\u0142owikowi&#8221; i Ryszardowi Boguckiemu, zarzucaj\u0105c im m.in. nak\u0142anianie do zab\u00f3jstwa komendanta g\u0142\u00f3wnego policji Marka Papa\u0142y, zastrzelonego w Warszawie 25 czerwca 1998 r. W lipcu 2013 r. warszawski s\u0105d uniewinni\u0142 Boguckiego i &#8222;S\u0142owika&#8221; od tych zarzut\u00f3w. S\u0105d krytycznie oceni\u0142 wiele dzia\u0142a\u0144 organ\u00f3w \u015bcigania w sprawie, a dowody uzna\u0142 za &#8222;kruche&#8221;. Wyrok ten jest ju\u017c prawomocny. W po\u0142owie maja br. o zab\u00f3jstwo Papa\u0142y \u0142\u00f3dzka prokuratura oskar\u017cy\u0142a Igora M., ps. Patyk. Wed\u0142ug prokuratury to on zastrzeli\u0142 Papa\u0142\u0119 w trakcie pr\u00f3by kradzie\u017cy jego auta, a b. szef policji by\u0142 przypadkow\u0105 ofiar\u0105 z\u0142odziei samochod\u00f3w. Akt oskar\u017cenia, sporz\u0105dzony po ponad pi\u0119ciu latach \u015bledztwa, trafi\u0142 do S\u0105du Okr\u0119gowego w Warszawie. Bogucki odsiaduje wyrok skazuj\u0105cy go na 25 lat wi\u0119zienia za zab\u00f3jstwo w 1999 r. szefa gangu pruszkowskiego Andrzeja K. &#8222;Pershinga&#8221;. Tak\u0105 kar\u0119 wymierzy\u0142 mu w 2003 r. S\u0105d Okr\u0119gowy w Nowym S\u0105czu. Ryszard Bogucki, w latach 90. by\u0142 znanym na \u015al\u0105sku przedsi\u0119biorc\u0105 zajmuj\u0105cym si\u0119 handlem samochodami. W 2001 r. zatrzymano go w Meksyku, kt\u00f3ry wyda\u0142 go Polsce. <\/p>\n<p>PAP<\/p>\n","protected":false},"excerpt":{"rendered":"<p>Ryszard Bogucki, uniewinniony prawomocnie od zarzutu nak\u0142aniania do zab\u00f3jstwa gen. Marka Papa\u0142y, ma otrzyma\u0107 1,1 mln z\u0142 zado\u015b\u0107uczynienia za nies\u0142uszne aresztowanie w zawi\u0105zku z t\u0105 spraw\u0105. O wyroku, kt\u00f3ry zapad\u0142 przed katowickim s\u0105dem poinformowa\u0142 w pi\u0105tek PAP jego rzecznik Jacek Krawczyk. Prawnicy reprezentuj\u0105cy Boguckiego, kt\u00f3rzy \u017c\u0105dali prawie 22,5 mln z\u0142, rozwa\u017caj\u0105 apelacj\u0119. Wniosek o zas\u0105dzenie [&hellip;]<\/p>\n","protected":false},"author":2,"featured_media":0,"comment_status":"open","ping_status":"open","sticky":false,"template":"","format":"standard","meta":{"footnotes":""},"categories":[8],"tags":[12,13],"class_list":["post-2559","post","type-post","status-publish","format-standard","hentry","category-aktualnosci","tag-odszkodowanie","tag-zadoscuczynienie"],"_links":{"self":[{"href":"https:\/\/www.odszkodowania.info.pl\/index.php?rest_route=\/wp\/v2\/posts\/2559","targetHints":{"allow":["GET"]}}],"collection":[{"href":"https:\/\/www.odszkodowania.info.pl\/index.php?rest_route=\/wp\/v2\/posts"}],"about":[{"href":"https:\/\/www.odszkodowania.info.pl\/index.php?rest_route=\/wp\/v2\/types\/post"}],"author":[{"embeddable":true,"href":"https:\/\/www.odszkodowania.info.pl\/index.php?rest_route=\/wp\/v2\/users\/2"}],"replies":[{"embeddable":true,"href":"https:\/\/www.odszkodowania.info.pl\/index.php?rest_route=%2Fwp%2Fv2%2Fcomments&post=2559"}],"version-history":[{"count":1,"href":"https:\/\/www.odszkodowania.info.pl\/index.php?rest_route=\/wp\/v2\/posts\/2559\/revisions"}],"predecessor-version":[{"id":2560,"href":"https:\/\/www.odszkodowania.info.pl\/index.php?rest_route=\/wp\/v2\/posts\/2559\/revisions\/2560"}],"wp:attachment":[{"href":"https:\/\/www.odszkodowania.info.pl\/index.php?rest_route=%2Fwp%2Fv2%2Fmedia&parent=2559"}],"wp:term":[{"taxonomy":"category","embeddable":true,"href":"https:\/\/www.odszkodowania.info.pl\/index.php?rest_route=%2Fwp%2Fv2%2Fcategories&post=2559"},{"taxonomy":"post_tag","embeddable":true,"href":"https:\/\/www.odszkodowania.info.pl\/index.php?rest_route=%2Fwp%2Fv2%2Ftags&post=2559"}],"curies":[{"name":"wp","href":"https:\/\/api.w.org\/{rel}","templated":true}]}}