{"id":2577,"date":"2015-09-20T16:45:08","date_gmt":"2015-09-20T15:45:08","guid":{"rendered":"http:\/\/www.odszkodowania.info.pl\/?p=2577"},"modified":"2015-09-20T16:45:08","modified_gmt":"2015-09-20T15:45:08","slug":"szef-gangu-pozwal-polske-i-wygral-musimy-mu-zaplacic-za-blad-sadu","status":"publish","type":"post","link":"https:\/\/www.odszkodowania.info.pl\/?p=2577","title":{"rendered":"Szef gangu pozwa\u0142 Polsk\u0119 i wygra\u0142. Musimy mu zap\u0142aci\u0107 za b\u0142\u0105d s\u0105du"},"content":{"rendered":"<p>Stanis\u0142aw S., szef gangu bokser\u00f3w, jednej z najniebezpieczniejszych grup przest\u0119pczych w \u015awidnicy, otrzyma\u0142 od pa\u0144stwa polskiego, czyli nas wszystkich, 13 tysi\u0119cy z\u0142otych odszkodowania za zbyt d\u0142ugie, tymczasowe aresztowanie. To decyzja Trybuna\u0142u Praw Cz\u0142owieka w Strasburgu. Stanis\u0142aw S. domaga\u0142 si\u0119 a\u017c 50 tysi\u0119cy z\u0142otych.<\/p>\n<p>&#8211; Trybuna\u0142 nie mia\u0142 w\u0105tpliwo\u015bci, \u017ce dosz\u0142o do naruszenia art. 5 \u00a7 3 konwencji, czyli prawa do wolno\u015bci i bezpiecze\u0144stwa osobistego na skutek przewlek\u0142ego stosowania tymczasowego aresztowania. Nie zgodzi\u0142 si\u0119 natomiast co do wysoko\u015bci \u017c\u0105danej kwoty. Zas\u0105dzone odszkodowanie zosta\u0142o przelane na rachunek skar\u017c\u0105cego &#8211; t\u0142umaczy Marcin Wojciechowski, rzecznik Ministerstwa Spraw Zagranicznych.<\/p>\n<p>Stanis\u0142aw S. przebywa\u0142 w areszcie ponad 6 lat, bez prawomocnego wyroku skazuj\u0105cego, cho\u0107 taki zapad\u0142. W 2009 roku m.in. za kierowanie zorganizowan\u0105 grup\u0105 przest\u0119pcz\u0105 zosta\u0142 skazany na 13 lat wi\u0119zienia. Jednak rok p\u00f3\u017aniej S\u0105d Najwy\u017cszy wyrok uniewa\u017cni\u0142 i nakaza\u0142 rozpatrzenie sprawy raz jeszcze.<\/p>\n<p>Chodzi\u0142o o to, \u017ce jednego z oskar\u017conych na 18 rozprawach reprezentowa\u0142 nie adwokat, a zatrudniony u niego aplikant pierwszego roku, kt\u00f3ry nie mia\u0142 jeszcze uprawnie\u0144 do stawania przed s\u0105dem okr\u0119gowym.<\/p>\n<p>&#8211; S\u0105d zorientowa\u0142 si\u0119 w ko\u0144cu \u017ce ten konkretny aplikant nie powinien stawia\u0107 si\u0119 na rozprawach i zobowi\u0105za\u0142 do tego adwokata. Strony nie wnosi\u0142y jednak wtedy o powt\u00f3rzenie przes\u0142ucha\u0144 \u015bwiadk\u00f3w &#8211; t\u0142umaczy\u0142 Tomasz Bia\u0142ek, rzecznik S\u0105du Okr\u0119gowego w \u015awidnicy. I przyznaje, \u017ce to nauczka na przysz\u0142o\u015b\u0107. &#8211; Wychodzili\u015bmy z za\u0142o\u017cenia, \u017ce je\u015bli adwokat przysy\u0142a aplikanta, to wie o procedurach. Nie sprawdzali\u015bmy za ka\u017cdym razem, czy kto\u015b ma uprawnienia, ale b\u0119dziemy musieli zacz\u0105\u0107 tak robi\u0107 &#8211; dodawa\u0142.<\/p>\n<p>Adwokat odpowiedzia\u0142 za to dyscyplinarnie, ale konsekwencje by\u0142y wi\u0119ksze. Zaraz po kasacji wyroku Stanis\u0142aw S. wyszed\u0142 na wolno\u015b\u0107 (musia\u0142 wp\u0142aci\u0107 190 tys. z\u0142 kaucji, odda\u0107 paszport, a dodatkowo zosta\u0142 obj\u0119ty dozorem policyjnym). Poza tym proces, w kt\u00f3rym na \u0142awie oskar\u017conych poza Stanis\u0142awem S. zasiada 30 innych os\u00f3b, a kt\u00f3ry parali\u017cowa\u0142 przez wiele miesi\u0119cy prace s\u0105du i policji, ruszy\u0142 od nowa i wci\u0105\u017c trwa. Do tego dosz\u0142o odszkodowanie wyp\u0142acone z naszych podatk\u00f3w.<\/p>\n<p>gazetawroclawska.pl<\/p>\n","protected":false},"excerpt":{"rendered":"<p>Stanis\u0142aw S., szef gangu bokser\u00f3w, jednej z najniebezpieczniejszych grup przest\u0119pczych w \u015awidnicy, otrzyma\u0142 od pa\u0144stwa polskiego, czyli nas wszystkich, 13 tysi\u0119cy z\u0142otych odszkodowania za zbyt d\u0142ugie, tymczasowe aresztowanie. To decyzja Trybuna\u0142u Praw Cz\u0142owieka w Strasburgu. Stanis\u0142aw S. domaga\u0142 si\u0119 a\u017c 50 tysi\u0119cy z\u0142otych. &#8211; Trybuna\u0142 nie mia\u0142 w\u0105tpliwo\u015bci, \u017ce dosz\u0142o do naruszenia art. 5 \u00a7 [&hellip;]<\/p>\n","protected":false},"author":2,"featured_media":0,"comment_status":"open","ping_status":"open","sticky":false,"template":"","format":"standard","meta":{"footnotes":""},"categories":[8],"tags":[126,12,13],"class_list":["post-2577","post","type-post","status-publish","format-standard","hentry","category-aktualnosci","tag-etpc","tag-odszkodowanie","tag-zadoscuczynienie"],"_links":{"self":[{"href":"https:\/\/www.odszkodowania.info.pl\/index.php?rest_route=\/wp\/v2\/posts\/2577","targetHints":{"allow":["GET"]}}],"collection":[{"href":"https:\/\/www.odszkodowania.info.pl\/index.php?rest_route=\/wp\/v2\/posts"}],"about":[{"href":"https:\/\/www.odszkodowania.info.pl\/index.php?rest_route=\/wp\/v2\/types\/post"}],"author":[{"embeddable":true,"href":"https:\/\/www.odszkodowania.info.pl\/index.php?rest_route=\/wp\/v2\/users\/2"}],"replies":[{"embeddable":true,"href":"https:\/\/www.odszkodowania.info.pl\/index.php?rest_route=%2Fwp%2Fv2%2Fcomments&post=2577"}],"version-history":[{"count":1,"href":"https:\/\/www.odszkodowania.info.pl\/index.php?rest_route=\/wp\/v2\/posts\/2577\/revisions"}],"predecessor-version":[{"id":2578,"href":"https:\/\/www.odszkodowania.info.pl\/index.php?rest_route=\/wp\/v2\/posts\/2577\/revisions\/2578"}],"wp:attachment":[{"href":"https:\/\/www.odszkodowania.info.pl\/index.php?rest_route=%2Fwp%2Fv2%2Fmedia&parent=2577"}],"wp:term":[{"taxonomy":"category","embeddable":true,"href":"https:\/\/www.odszkodowania.info.pl\/index.php?rest_route=%2Fwp%2Fv2%2Fcategories&post=2577"},{"taxonomy":"post_tag","embeddable":true,"href":"https:\/\/www.odszkodowania.info.pl\/index.php?rest_route=%2Fwp%2Fv2%2Ftags&post=2577"}],"curies":[{"name":"wp","href":"https:\/\/api.w.org\/{rel}","templated":true}]}}