{"id":2600,"date":"2016-01-02T17:56:16","date_gmt":"2016-01-02T16:56:16","guid":{"rendered":"http:\/\/www.odszkodowania.info.pl\/?p=2600"},"modified":"2016-01-02T17:56:16","modified_gmt":"2016-01-02T16:56:16","slug":"przez-prokurature-stracil-majatek-chce-od-panstwa-43-mln-zl","status":"publish","type":"post","link":"https:\/\/www.odszkodowania.info.pl\/?p=2600","title":{"rendered":"Przez prokuratur\u0119 straci\u0142 maj\u0105tek. Chce od pa\u0144stwa 43 mln z\u0142"},"content":{"rendered":"<p>Spraw\u0119 Marka Kubali \u015bledz\u0105 tysi\u0105ce os\u00f3b. To on zak\u0142ada\u0142 znany ruch spo\u0142eczny Niepokonani, kt\u00f3ry walczy z pomy\u0142kami wymiaru sprawiedliwo\u015bci. Dzi\u015b za\u015b zajmuje si\u0119 sportem, g\u0142\u00f3wnie kolarstwem, i my\u015bli o za\u0142o\u017ceniu stowarzyszenia, kt\u00f3re mia\u0142oby pom\u00f3c w \u015bciganiu os\u00f3b, kt\u00f3re krzywdz\u0105 zwierz\u0119ta. Ale tym zajmie si\u0119 na powa\u017cnie, kiedy ju\u017c pozamyka sprawy s\u0105dowe.<\/p>\n<p>Nawet naj\u015bmielsi scenarzy\u015bci filmowi nie wymy\u015bliliby sprawy, w jak\u0105 wpl\u0105tano Kubal\u0119. &#8211; To, co przeszed\u0142em, jest nie do opisania. Czu\u0142em si\u0119 i czasami wci\u0105\u017c czuj\u0119 jak bohater &#8222;Procesu&#8221; Kafki &#8211; m\u00f3wi.<\/p>\n<p>Cztery akty<\/p>\n<p>Biznesmen opowiada o aresztowaniu w grudniu 2000 r. W areszcie sp\u0119dzi\u0142 trzy tygodnie.<\/p>\n<p>To wystarczy\u0142o, by bank, kt\u00f3ry chwil\u0119 wcze\u015bniej udzieli\u0142 mu kredytu na 3 mln z\u0142, wycofa\u0142 si\u0119 z umowy i za\u017c\u0105da\u0142 natychmiastowej jego sp\u0142aty. Z umowy wycofa\u0142 si\u0119 te\u017c koncern samochodowy, z kt\u00f3rym Kubala, znany w Polsce dealer samochodowy, podpisa\u0142 umow\u0119 na sprzeda\u017c ponad 330 samochod\u00f3w.<\/p>\n<p>Potem sytuacja posypa\u0142a si\u0119 jak domino. Kontrahenci jeden po drugim zacz\u0119li wypowiada\u0107 umowy, powo\u0142uj\u0105c si\u0119 na jego niestabilno\u015b\u0107 finansow\u0105 i tym samym brak gwarancji sp\u0142aty kredyt\u00f3w. Kubala w mgnieniu oka straci\u0142 wszystko, na co przez lata pracowa\u0142. &#8211; By\u0142em w areszcie, kiedy odbierano mi samochody, a banki si\u0119ga\u0142y po swoj\u0105 w\u0142asno\u015b\u0107. Nie mog\u0142em nic zrobi\u0107. Prokuratura postawi\u0142a mi ci\u0119\u017ckie zarzuty, wywo\u0142a\u0142a panik\u0119, kontrahenci stracili do mnie zaufanie, a ja sta\u0142em si\u0119 bankrutem &#8211; opowiada.<\/p>\n<p>W tle toczy\u0142a si\u0119 sprawa karna. Kubala zosta\u0142 oskar\u017cony m.in. o uszczuplanie podatku i przemyt samochod\u00f3w. S\u0105d trzy razy zwraca\u0142 prokuraturze akt oskar\u017cenia, bo ten by\u0142 niekompletny. Uda\u0142o si\u0119 dopiero za czwartym razem, cztery lata po zatrzymaniu Kubali. Potem toczy\u0142y si\u0119 procesy, odwo\u0142ania. W ko\u0144cu w 2011 r. Kubala zosta\u0142 ca\u0142kowicie i prawomocnie oczyszczony z zarzut\u00f3w.<\/p>\n<p>W mi\u0119dzyczasie biznesmen skar\u017cy\u0142 si\u0119 kilkakrotnie na &#8222;ra\u017c\u0105c\u0105 przewlek\u0142o\u015b\u0107 post\u0119powania&#8221;. S\u0105dy przyznawa\u0142y mu racj\u0119, za co w sumie wygra\u0142 od pa\u0144stwa 32 tys. z\u0142.<\/p>\n<p>Zosta\u0142 my\u015bliwym<\/p>\n<p>Marek Kubala bez zastanowienia podaje mi z pami\u0119ci sygnatury swoich spraw albo przytacza konkluzj\u0119 wyrok\u00f3w. Tak\u0105 pami\u0119\u0107 maj\u0105 najlepsi s\u0119dziowie i adwokaci. &#8211; To dlatego, \u017ce wszystkie swoje procesy prowadzi\u0142em samodzielnie. Jedynie przed apelacj\u0105, gdy obowi\u0105zuje tzw. przymus adwokacji, prosi\u0142em znajom\u0105 kancelari\u0119, by sprawdza\u0142a pisma. Nigdy nie mia\u0142a uwag i przedstawia\u0142a je jako swoje &#8211; zaznacza.<\/p>\n<p>M\u00f3wi, \u017ce po 11 latach s\u0105dowej batalii z ofiary zmieni\u0142 si\u0119 w my\u015bliwego i teraz to on pozywa skarb pa\u0144stwa za b\u0142\u0119dy prokuratury.<\/p>\n<p>Jego pozew z\u0142o\u017cony w 2011 r. sk\u0142ada si\u0119 z trzech element\u00f3w. Kubala domaga si\u0119 odszkodowania za straty, jakie poni\u00f3s\u0142 w wyniku nies\u0142usznego tymczasowego aresztowania, do tego dochodzi odszkodowanie w zwi\u0105zku z utraconymi korzy\u015bciami, czyli mo\u017cliwo\u015bciami, jakie oferowa\u0142aby jego firma, gdyby funkcjonowa\u0142a na rynku w latach 2001-2014. Ostatnim elementem pozwu jest roszczenie w zwi\u0105zku z naruszeniem jego wizerunku, wizerunku jego firmy &#8211; biznesmen dowodzi, \u017ce przez dzia\u0142ania prokuratury, a potem s\u0105du do\u015bwiadczy\u0142 utraty zaufania spo\u0142ecznego.<\/p>\n<p>Aresztowanie nies\u0142uszne<\/p>\n<p>&#8211; Pozew z\u0142o\u017cy\u0142em przed czterema laty. Spraw\u0105 zajmuje si\u0119 s\u0105d w \u015awidnicy. Tam te\u017c po dw\u00f3ch latach procesu zdecydowano, \u017ce nie mam racji, i m\u00f3j pozew oddalono. Z\u0142o\u017cy\u0142em odwo\u0142anie. Wroc\u0142awski s\u0105d apelacyjny zmia\u017cd\u017cy\u0142 orzeczenie pierwszej instancji. Nakaza\u0142 powt\u00f3rzy\u0107 proces i przede wszystkim powo\u0142a\u0107 bieg\u0142ych z zakresu ekonomii i bankowo\u015bci do oceny tego, czy rzeczywi\u015bcie ponios\u0142em straty [s\u0105d w \u015awidnicy bieg\u0142ych nie powo\u0142a\u0142 &#8211; przyp. red.] &#8211; m\u00f3wi.<\/p>\n<p>S\u0105d powo\u0142a\u0142 dwie dzia\u0142aj\u0105ce niezale\u017cnie specjalistki, kt\u00f3re przez kilka miesi\u0119cy analizowa\u0142y spraw\u0119 Kubali. Z blisko 70-stronicowej opinii bije jedna konkluzja: g\u0142\u00f3wn\u0105 przyczyn\u0105 upadku przedsi\u0119biorstwa Kubali by\u0142o jego nies\u0142uszne tymczasowe aresztowanie.<\/p>\n<p>W lipcu s\u0105d zdecydowa\u0142 si\u0119 przes\u0142ucha\u0107 bieg\u0142e, by te uzupe\u0142ni\u0142y swoj\u0105 opini\u0119 i rozwia\u0142y wszelkie w\u0105tpliwo\u015bci. Rozprawa trwa\u0142a prawie osiem godzin.<\/p>\n<p>Kubala: &#8211; Bieg\u0142e wyra\u017anie podkre\u015bli\u0142y, \u017ce przed moim aresztowaniem nie by\u0142o \u017cadnego argumentu, kt\u00f3ry pozwoli\u0142by bankom czy kontrahentom na odst\u0105pienie od umowy ze mn\u0105. Wi\u0119c jedynym wyt\u0142umaczeniem tego, co mnie p\u00f3\u017aniej spotka\u0142o, by\u0142a decyzja o aresztowaniu.<\/p>\n<p>Dobra wola<\/p>\n<p>Bieg\u0142e b\u0119d\u0105 wys\u0142uchiwane ponownie pod koniec pa\u017adziernika. S\u0105d chce r\u00f3wnie\u017c przes\u0142ucha\u0107 przedstawiciela koncernu samochodowego, kt\u00f3ry przed laty wypowiedzia\u0142 biznesmenowi umow\u0119. M\u0119\u017cczyzna uwa\u017ca, \u017ce to marnowanie czasu, bo \u015bwiadek ten ju\u017c by\u0142 przes\u0142uchiwany i t\u0142umaczy\u0142, \u017ce to nie on podj\u0105\u0142 decyzj\u0119. &#8211; S\u0105d mnie nie s\u0142ucha. Do tego kolejn\u0105 rozpraw\u0119 wyznaczy\u0142 dopiero w pa\u017adzierniku. Ponad trzy miesi\u0105ce od ostatniej rozprawy. Na co tu czeka\u0107? Uwa\u017cam, \u017ce to szyderstwo ze strony s\u0105du, prze\u015bladowanie mnie. Ja ju\u017c tyle przeszed\u0142em, \u017ce nie sta\u0107 mnie na dostrzeganie dobrej woli w s\u0105dzie &#8211; t\u0142umaczy.<\/p>\n<p>S\u0119dzia Agnieszka Po\u0142yniak, rzeczniczka \u015bwidnickiego s\u0105du okr\u0119gowego, uspokaja: &#8211; Trwa okres urlopowy. S\u0119dziowie te\u017c musieli zgra\u0107 terminy rozprawy z terminami innych spraw, kt\u00f3re prowadz\u0105. Wzi\u0119li r\u00f3wnie\u017c pod uwag\u0119 terminy, w jakich mog\u0105 si\u0119 stawi\u0107 bieg\u0142e, kt\u00f3re ponownie s\u0105d chce wys\u0142ucha\u0107. To wszystko sprawi\u0142o, \u017ce termin wyznaczono dopiero na pa\u017adziernik.<\/p>\n<p>Kubala i tak z\u0142o\u017cy\u0142 kolejn\u0105 skarg\u0119 na przewlek\u0142o\u015b\u0107 post\u0119powania. Jeszcze nie zosta\u0142a rozpoznana. <\/p>\n<p>gazeta.pl<\/p>\n","protected":false},"excerpt":{"rendered":"<p>Spraw\u0119 Marka Kubali \u015bledz\u0105 tysi\u0105ce os\u00f3b. To on zak\u0142ada\u0142 znany ruch spo\u0142eczny Niepokonani, kt\u00f3ry walczy z pomy\u0142kami wymiaru sprawiedliwo\u015bci. Dzi\u015b za\u015b zajmuje si\u0119 sportem, g\u0142\u00f3wnie kolarstwem, i my\u015bli o za\u0142o\u017ceniu stowarzyszenia, kt\u00f3re mia\u0142oby pom\u00f3c w \u015bciganiu os\u00f3b, kt\u00f3re krzywdz\u0105 zwierz\u0119ta. Ale tym zajmie si\u0119 na powa\u017cnie, kiedy ju\u017c pozamyka sprawy s\u0105dowe. Nawet naj\u015bmielsi scenarzy\u015bci filmowi [&hellip;]<\/p>\n","protected":false},"author":2,"featured_media":0,"comment_status":"open","ping_status":"open","sticky":false,"template":"","format":"standard","meta":{"footnotes":""},"categories":[8],"tags":[12,13],"class_list":["post-2600","post","type-post","status-publish","format-standard","hentry","category-aktualnosci","tag-odszkodowanie","tag-zadoscuczynienie"],"_links":{"self":[{"href":"https:\/\/www.odszkodowania.info.pl\/index.php?rest_route=\/wp\/v2\/posts\/2600","targetHints":{"allow":["GET"]}}],"collection":[{"href":"https:\/\/www.odszkodowania.info.pl\/index.php?rest_route=\/wp\/v2\/posts"}],"about":[{"href":"https:\/\/www.odszkodowania.info.pl\/index.php?rest_route=\/wp\/v2\/types\/post"}],"author":[{"embeddable":true,"href":"https:\/\/www.odszkodowania.info.pl\/index.php?rest_route=\/wp\/v2\/users\/2"}],"replies":[{"embeddable":true,"href":"https:\/\/www.odszkodowania.info.pl\/index.php?rest_route=%2Fwp%2Fv2%2Fcomments&post=2600"}],"version-history":[{"count":1,"href":"https:\/\/www.odszkodowania.info.pl\/index.php?rest_route=\/wp\/v2\/posts\/2600\/revisions"}],"predecessor-version":[{"id":2601,"href":"https:\/\/www.odszkodowania.info.pl\/index.php?rest_route=\/wp\/v2\/posts\/2600\/revisions\/2601"}],"wp:attachment":[{"href":"https:\/\/www.odszkodowania.info.pl\/index.php?rest_route=%2Fwp%2Fv2%2Fmedia&parent=2600"}],"wp:term":[{"taxonomy":"category","embeddable":true,"href":"https:\/\/www.odszkodowania.info.pl\/index.php?rest_route=%2Fwp%2Fv2%2Fcategories&post=2600"},{"taxonomy":"post_tag","embeddable":true,"href":"https:\/\/www.odszkodowania.info.pl\/index.php?rest_route=%2Fwp%2Fv2%2Ftags&post=2600"}],"curies":[{"name":"wp","href":"https:\/\/api.w.org\/{rel}","templated":true}]}}