{"id":2630,"date":"2016-05-05T16:13:27","date_gmt":"2016-05-05T15:13:27","guid":{"rendered":"http:\/\/www.odszkodowania.info.pl\/?p=2630"},"modified":"2016-05-05T16:13:27","modified_gmt":"2016-05-05T15:13:27","slug":"potracony-przez-samochod-80-latek-za-stary-na-godne-zadoscuczynienie","status":"publish","type":"post","link":"https:\/\/www.odszkodowania.info.pl\/?p=2630","title":{"rendered":"Potr\u0105cony przez samoch\u00f3d 80-latek za stary na godne zado\u015b\u0107uczynienie"},"content":{"rendered":"<p>S\u0105d w Sosnowcu potwierdzi\u0142, \u017ce potr\u0105cony przez samoch\u00f3d 80-latek w wyniku wypadku sta\u0142 si\u0119 osob\u0105 niepe\u0142nosprawn\u0105. Przyzna\u0142 mu jednak tylko 10 tys. z\u0142 zado\u015b\u0107uczynienia. &#8211; Gdyby by\u0142 m\u0142ody, by\u0142oby inaczej &#8211; stwierdzi\u0142 przewodnicz\u0105cy sk\u0142adu orzekaj\u0105cego. Ryszard Czajewicz z Sosnowca cztery lata temu potrafi\u0142 sam przekopa\u0107 swoj\u0105 dzia\u0142k\u0119, odmalowa\u0107 altan\u0119, obsadzi\u0107 rabatki. W gara\u017cu mia\u0142 te\u017c w\u0142asny warsztat, w kt\u00f3rym obs\u0142ugiwa\u0142 spawark\u0119, szlifierk\u0119 i tokark\u0119. M\u0119\u017cczyzna opiekowa\u0142 si\u0119 r\u00f3wnie\u017c niedo\u0142\u0119\u017cn\u0105 \u017con\u0105. &#8211; Nie mog\u0142em usiedzie\u0107 na miejscu. Ka\u017cdego ranka bra\u0142em torb\u0119 i zasuwa\u0142em na zakupy, na dzia\u0142k\u0119 te\u017c chodzi\u0142em pieszo &#8211; wspomina pan Ryszard&#8230;\u00a0 <a href=\"http:\/\/katowice.wyborcza.pl\/katowice\/1,35063,20020740,potracony-przez-samochod-80-latek-za-stary-na-godne-zadoscuczynienie.html#ixzz47nJk0zoo\" target=\"_blank\">Ca\u0142y tekst<\/a><\/p>\n","protected":false},"excerpt":{"rendered":"<p>S\u0105d w Sosnowcu potwierdzi\u0142, \u017ce potr\u0105cony przez samoch\u00f3d 80-latek w wyniku wypadku sta\u0142 si\u0119 osob\u0105 niepe\u0142nosprawn\u0105. Przyzna\u0142 mu jednak tylko 10 tys. z\u0142 zado\u015b\u0107uczynienia. &#8211; Gdyby by\u0142 m\u0142ody, by\u0142oby inaczej &#8211; stwierdzi\u0142 przewodnicz\u0105cy sk\u0142adu orzekaj\u0105cego. Ryszard Czajewicz z Sosnowca cztery lata temu potrafi\u0142 sam przekopa\u0107 swoj\u0105 dzia\u0142k\u0119, odmalowa\u0107 altan\u0119, obsadzi\u0107 rabatki. W gara\u017cu mia\u0142 te\u017c [&hellip;]<\/p>\n","protected":false},"author":2,"featured_media":0,"comment_status":"open","ping_status":"open","sticky":false,"template":"","format":"standard","meta":{"footnotes":""},"categories":[8],"tags":[12,13],"class_list":["post-2630","post","type-post","status-publish","format-standard","hentry","category-aktualnosci","tag-odszkodowanie","tag-zadoscuczynienie"],"_links":{"self":[{"href":"https:\/\/www.odszkodowania.info.pl\/index.php?rest_route=\/wp\/v2\/posts\/2630","targetHints":{"allow":["GET"]}}],"collection":[{"href":"https:\/\/www.odszkodowania.info.pl\/index.php?rest_route=\/wp\/v2\/posts"}],"about":[{"href":"https:\/\/www.odszkodowania.info.pl\/index.php?rest_route=\/wp\/v2\/types\/post"}],"author":[{"embeddable":true,"href":"https:\/\/www.odszkodowania.info.pl\/index.php?rest_route=\/wp\/v2\/users\/2"}],"replies":[{"embeddable":true,"href":"https:\/\/www.odszkodowania.info.pl\/index.php?rest_route=%2Fwp%2Fv2%2Fcomments&post=2630"}],"version-history":[{"count":1,"href":"https:\/\/www.odszkodowania.info.pl\/index.php?rest_route=\/wp\/v2\/posts\/2630\/revisions"}],"predecessor-version":[{"id":2631,"href":"https:\/\/www.odszkodowania.info.pl\/index.php?rest_route=\/wp\/v2\/posts\/2630\/revisions\/2631"}],"wp:attachment":[{"href":"https:\/\/www.odszkodowania.info.pl\/index.php?rest_route=%2Fwp%2Fv2%2Fmedia&parent=2630"}],"wp:term":[{"taxonomy":"category","embeddable":true,"href":"https:\/\/www.odszkodowania.info.pl\/index.php?rest_route=%2Fwp%2Fv2%2Fcategories&post=2630"},{"taxonomy":"post_tag","embeddable":true,"href":"https:\/\/www.odszkodowania.info.pl\/index.php?rest_route=%2Fwp%2Fv2%2Ftags&post=2630"}],"curies":[{"name":"wp","href":"https:\/\/api.w.org\/{rel}","templated":true}]}}