{"id":2644,"date":"2016-06-24T08:42:06","date_gmt":"2016-06-24T07:42:06","guid":{"rendered":"http:\/\/www.odszkodowania.info.pl\/?p=2644"},"modified":"2016-06-24T08:42:06","modified_gmt":"2016-06-24T07:42:06","slug":"euco-w-powaznych-tarapatach-sprawa-dla-cba","status":"publish","type":"post","link":"https:\/\/www.odszkodowania.info.pl\/?p=2644","title":{"rendered":"EuCO w powa\u017cnych tarapatach &#8211; sprawa dla CBA?"},"content":{"rendered":"<p>Wiceprezes PZU u\u017cytkuje luksusowe sportowe auto nale\u017c\u0105ce do firmy, kt\u00f3ra procesuje si\u0119 z pa\u0144stwowym ubezpieczycielem o wielomilionowe odszkodowania \u2013 ustali\u0142a \u201eGazeta Polska Codziennie\u201d.<\/p>\n<p>Ferrari california to luksusowy kabriolet posiadaj\u0105cy pod mask\u0105 560 koni. Dzi\u0119ki temu zaledwie w 3,6 sekundy rozp\u0119dza si\u0119 do setki. Za tak\u0105 sportow\u0105 maszyn\u0119 trzeba jednak s\u0142ono zap\u0142aci\u0107. U\u017cywany model kosztuje blisko 850 tys. z\u0142. Tymczasem to w\u0142a\u015bnie takim autem je\u017adzi Sebastian Klimek, od 21 marca br. wiceprezes PZU zasiadaj\u0105cy tak\u017ce w zarz\u0105dzie PZU \u017bycie.<\/p>\n<p>\u201eGPC\u201d jest w posiadaniu zdj\u0119\u0107 z parkingu ubezpieczyciela w siedzibie Grupy [do wiadomo\u015bci redakcji]. Na jednym z nich wida\u0107 siedz\u0105cego za kierownic\u0105 Klimka i zajmuj\u0105cego siedzenie dla pasa\u017cera Dariusza Krzewin\u0119, wiceprezesa PZU, niedawno odwo\u0142anego z funkcji prezesa PZU \u017bycie w zwi\u0105zku z zawiadomieniem z\u0142o\u017conym do Centralnego Biura Antykorupcyjnego.<\/p>\n<p>Sprawdzili\u015bmy, do kogo nale\u017cy to czerwone ferrari. Okazuje si\u0119, \u017ce w\u0142a\u015bcicielem auta nie jest Sebastian Klimek. Z dokument\u00f3w, do kt\u00f3rych dotarli\u015bmy, wynika, \u017ce posiadaczem luksusowego auta \u2013 ubezpieczonego w PZU \u2013 jest jedna ze sp\u00f3\u0142ek <strong>Europejskiego Centrum Odszkodowa\u0144 (EuCO)<\/strong> \u2013 ustali\u0142a \u201eGPC\u201d.<\/p>\n<p>Na jego stronie internetowej mo\u017cna znale\u017a\u0107 nawet zdj\u0119cia tego ferrari (o identycznym numerze rejestracyjnym jak auto, kt\u00f3rym je\u017adzi Klimek) na tle baneru reklamowego <strong>EuCO<\/strong>. W pa\u017adzierniku 2015 r. maszyn\u0105 chwali\u0142 si\u0119 na Facebooku Marek Prucnal, dyrektor generalny sp\u00f3\u0142ki. Komentarz znajduj\u0105cy si\u0119 pod zdj\u0119ciem by\u0142 bardzo kr\u00f3tki: \u201ePierwsze Ferrari we flocie EUCO\u201d.<\/p>\n<p>Sprawa u\u017cytkowania przez Klimka luksusowego auta mo\u017ce budzi\u0107 powa\u017cne w\u0105tpliwo\u015bci. Grupa EuCO specjalizuje si\u0119 bowiem w odzyskiwaniu odszkodowa\u0144 od firm ubezpieczeniowych, w tym tak\u017ce od PZU. Obecnie pozwy skierowane przez ni\u0105 przeciwko pa\u0144stwowemu ubezpieczycielowi opiewaj\u0105 na niespe\u0142na 200 mln z\u0142. To nie koniec. Nale\u017c\u0105ce do Grupy PZU Towarzystwo Funduszy Inwestycyjnych wy\u0142o\u017cy\u0142o w czasach rz\u0105d\u00f3w PO-PSL kilkana\u015bcie milion\u00f3w z\u0142otych na akcje EuCO (obecnie pa\u0144stwowy ubezpieczyciel poprzez TFI posiada ich niespe\u0142na 2 proc.). W kwietniu 2015 r. zadowolenia z op\u0142acalno\u015bci inwestycji nie kry\u0142 jeden z mened\u017cer\u00f3w pa\u0144stwowego ubezpieczyciela.<\/p>\n<p>W jakich okoliczno\u015bciach Klimek otrzyma\u0142 do u\u017cytku czerwone ferrari? \u201eZgodnie z ustaleniami przeprowadzonymi wewn\u0105trz firmy samoch\u00f3d zosta\u0142 udost\u0119pniony w ramach bezp\u0142atnego godzinowego u\u017cyczenia osobie, kt\u00f3ra \u2013 s\u0105dz\u0105c po nazwisku \u2013 mo\u017ce by\u0107 cz\u0142onkiem rodziny Pana Sebastiana Klimka\u201d \u2013 stwierdzi\u0142 w pi\u015bmie do \u201eGPC\u201d Damian Kura\u015b z EuCO. Podkre\u015bli\u0142, \u017ce Klimek \u201enigdy nie by\u0142 i nie jest w \u017caden spos\u00f3b zwi\u0105zany z Europejskim Centrum Odszkodowa\u0144\u201d.<\/p>\n<p>Jak spraw\u0119 komentuje sam wiceprezes Klimek? \u201eAuto, o kt\u00f3rym mowa w Pa\u0144skich pytaniach, zosta\u0142o u\u017cyczone na zasadach kole\u017ce\u0144skich cz\u0142onkowi rodziny prezesa Klimka, kt\u00f3ry nie mia\u0142 \u015bwiadomo\u015bci, \u017ce jest to auto nale\u017c\u0105ce do firmy EUCO\u201d \u2013 stwierdzi\u0142 Artur Dzieka\u0144ski z biura prasowego PZU. Zaznaczy\u0142, \u017ce Klimek o tym, do kogo faktycznie nale\u017cy u\u017cytkowane przez niego ferrari, dowiedzia\u0142 si\u0119 z pyta\u0144 \u201eGPC\u201d. \u201eSp\u00f3\u0142ka analizuje t\u0119 spraw\u0119 i b\u0119dzie post\u0119powa\u0142a zgodnie z obowi\u0105zuj\u0105cymi procedurami\u201d \u2013 doda\u0142 Dzieka\u0144ski. Wczoraj, po pytaniach \u201eGPC\u201d, Klimek zosta\u0142 odwo\u0142any z zarz\u0105du PZU \u017bycie. Dzisiaj w jego sprawie obradowa\u0107 b\u0119dzie Rada Nadzorcza PZU.<\/p>\n<p>Autor: Piotr Nisztor<\/p>\n<p>Artyku\u0142 w ca\u0142o\u015bci ukaza\u0142 si\u0119 w najnowszym wydaniu &#8222;Gazety Polskiej Codziennie&#8221;<\/p>\n","protected":false},"excerpt":{"rendered":"<p>Wiceprezes PZU u\u017cytkuje luksusowe sportowe auto nale\u017c\u0105ce do firmy, kt\u00f3ra procesuje si\u0119 z pa\u0144stwowym ubezpieczycielem o wielomilionowe odszkodowania \u2013 ustali\u0142a \u201eGazeta Polska Codziennie\u201d. Ferrari california to luksusowy kabriolet posiadaj\u0105cy pod mask\u0105 560 koni. Dzi\u0119ki temu zaledwie w 3,6 sekundy rozp\u0119dza si\u0119 do setki. Za tak\u0105 sportow\u0105 maszyn\u0119 trzeba jednak s\u0142ono zap\u0142aci\u0107. U\u017cywany model kosztuje blisko [&hellip;]<\/p>\n","protected":false},"author":2,"featured_media":0,"comment_status":"open","ping_status":"open","sticky":false,"template":"","format":"standard","meta":{"footnotes":""},"categories":[8,45],"tags":[75],"class_list":["post-2644","post","type-post","status-publish","format-standard","hentry","category-aktualnosci","category-artykul-glowny","tag-euco"],"_links":{"self":[{"href":"https:\/\/www.odszkodowania.info.pl\/index.php?rest_route=\/wp\/v2\/posts\/2644","targetHints":{"allow":["GET"]}}],"collection":[{"href":"https:\/\/www.odszkodowania.info.pl\/index.php?rest_route=\/wp\/v2\/posts"}],"about":[{"href":"https:\/\/www.odszkodowania.info.pl\/index.php?rest_route=\/wp\/v2\/types\/post"}],"author":[{"embeddable":true,"href":"https:\/\/www.odszkodowania.info.pl\/index.php?rest_route=\/wp\/v2\/users\/2"}],"replies":[{"embeddable":true,"href":"https:\/\/www.odszkodowania.info.pl\/index.php?rest_route=%2Fwp%2Fv2%2Fcomments&post=2644"}],"version-history":[{"count":1,"href":"https:\/\/www.odszkodowania.info.pl\/index.php?rest_route=\/wp\/v2\/posts\/2644\/revisions"}],"predecessor-version":[{"id":2645,"href":"https:\/\/www.odszkodowania.info.pl\/index.php?rest_route=\/wp\/v2\/posts\/2644\/revisions\/2645"}],"wp:attachment":[{"href":"https:\/\/www.odszkodowania.info.pl\/index.php?rest_route=%2Fwp%2Fv2%2Fmedia&parent=2644"}],"wp:term":[{"taxonomy":"category","embeddable":true,"href":"https:\/\/www.odszkodowania.info.pl\/index.php?rest_route=%2Fwp%2Fv2%2Fcategories&post=2644"},{"taxonomy":"post_tag","embeddable":true,"href":"https:\/\/www.odszkodowania.info.pl\/index.php?rest_route=%2Fwp%2Fv2%2Ftags&post=2644"}],"curies":[{"name":"wp","href":"https:\/\/api.w.org\/{rel}","templated":true}]}}