{"id":2652,"date":"2016-07-18T08:24:17","date_gmt":"2016-07-18T07:24:17","guid":{"rendered":"http:\/\/www.odszkodowania.info.pl\/?p=2652"},"modified":"2016-07-18T08:24:17","modified_gmt":"2016-07-18T07:24:17","slug":"fatalny-w-skutkach-porod-ani-miala-byc-zdrowa-nie-ma-szans-na-normalne-zycie","status":"publish","type":"post","link":"https:\/\/www.odszkodowania.info.pl\/?p=2652","title":{"rendered":"Fatalny w skutkach por\u00f3d Ani. Mia\u0142a by\u0107 zdrowa, nie ma szans na normalne \u017cycie"},"content":{"rendered":"<p>Dziewczynka mia\u0142a urodzi\u0107 si\u0119 zdrowa, ale przez b\u0142\u0105d lekarzy dozna\u0142a pora\u017cenia m\u00f3zgowego i nie ma szans na normalne \u017cycie. Po 10 latach od fatalnego porodu s\u0105d przyzna\u0142 jej ponad 600 tys. z\u0142 zado\u015b\u0107uczynienia i do\u017cywotni\u0105 rent\u0119.<\/p>\n<p>Nic nie zapowiada\u0142o tragedii. Na karcie przyj\u0119cia do szpitala w Wo\u0142owie w 2006 r. odnotowano, \u017ce mam\u0119 Ani przyj\u0119to &#8222;w stanie og\u00f3lnie dobrym&#8221;. Zdecydowano jednak, \u017ce por\u00f3d odb\u0119dzie si\u0119 z u\u017cyciem pompy pr\u00f3\u017cniowej. 10 minut po porodzie do kartoteki wpisano wynik pierwszego badania noworodka, okre\u015blaj\u0105c jego stan jako &#8222;\u015bredni&#8221;. Lekarze zacz\u0119li uwa\u017cniej obserwowa\u0107 dziewczynk\u0119. P\u00f3\u0142 godziny p\u00f3\u017aniej stan dziecka zacz\u0105\u0142 si\u0119 nieco poprawia\u0107, ale po po\u0142udniu pogorszy\u0142 si\u0119, a wyniki bada\u0144 by\u0142y coraz mniej optymistyczne, wi\u0119c wezwano pogotowie, kt\u00f3re zabra\u0142o je do specjalistycznego szpitala we Wroc\u0142awiu. Zdiagnozowano m\u00f3zgowe pora\u017cenie dzieci\u0119ce, a rodzice uwa\u017cali, \u017ce jego przyczyn\u0105 by\u0142y zaniedbania przy porodzie.<\/p>\n<p>Od tamtej pory 10-letnia dzi\u015b Ania przechodzi nieustanne leczenie i rehabilitacj\u0119. Jest przykuta do \u0142\u00f3\u017cka, nie potrafi siedzie\u0107 bez podparcia ani m\u00f3wi\u0107. W sytuacjach gdy do\u015bwiadcza silnych emocji, wydaje jedynie d\u017awi\u0119ki. S\u0142abo widzi. Zmaga si\u0119 tak\u017ce z padaczk\u0105, kt\u00f3ra pojawi\u0142a si\u0119 kilka miesi\u0119cy po porodzie.<\/p>\n<p>W ubieg\u0142ym roku musia\u0142a przej\u015b\u0107 kolejn\u0105 operacj\u0119 biodra. W tym roku lekarze zoperuj\u0105 jej kr\u0119gos\u0142up. Powo\u0142any do sprawy bieg\u0142y bez ogr\u00f3dek stwierdzi\u0142, \u017ce dziewczynka b\u0119dzie musia\u0142a by\u0107 leczona przez ca\u0142e \u017cycie, a szanse na popraw\u0119 jej zdrowia s\u0105 nik\u0142e.<\/p>\n<p><strong>Czy lekarze pope\u0142nili b\u0142\u0105d?<\/strong><\/p>\n<p>Po trzech latach od feralnego porodu rodzice Ani wyst\u0105pili z pozwem o zado\u015b\u0107uczynienie i rent\u0119 dla dziecka. Przekonywali, \u017ce do pora\u017cenia dosz\u0142o z winy pracownik\u00f3w szpitala, kt\u00f3rzy dopu\u015bcili do zach\u0142y\u015bni\u0119cia si\u0119 dziewczynki wodami p\u0142odowymi, czego efektem by\u0142o niedotlenienie oko\u0142oporodowe dziecka.<\/p>\n<p>Dowodzili, \u017ce Ania wymaga nieustannej uwagi i pomocy w ka\u017cdej, nawet najprostszej czynno\u015bci. Jej mama zrezygnowa\u0142a z pracy, by m\u00f3c si\u0119 ni\u0105 zajmowa\u0107. Najprawdopodobniej z pracy zrezygnuje r\u00f3wnie\u017c jej ojciec, kt\u00f3ry i tak ju\u017c dzi\u015b cz\u0119sto musi bra\u0107 zwolnienia, by pom\u00f3c zawie\u017a\u0107 c\u00f3rk\u0119 do szpitala albo na rehabilitacj\u0119.<\/p>\n<p>Rodzice w imieniu c\u00f3rki domagali si\u0119 od powiatu wo\u0142owskiego, kt\u00f3remu podlega szpital, p\u00f3\u0142 miliona z\u0142otych zado\u015b\u0107uczynienia za utrat\u0119 jej zdrowia i comiesi\u0119czn\u0105 rent\u0119 w wysoko\u015bci 4 tys. z\u0142. Wyliczyli, \u017ce Ania potrzebuje nieustannej rehabilitacji (godzina kosztuje 70 z\u0142) i turnus\u00f3w rehabilitacyjnych (dwa tygodnie to koszt oko\u0142o 4 tys. z\u0142).<\/p>\n<p>W odpowiedzi na pozew powiat wo\u0142owski i PZU, ubezpieczyciel szpitala, przekonywali, \u017ce by\u0107 mo\u017ce na stan dziecka mia\u0142y wp\u0142yw np. czynniki genetyczne. W pierwszej kolejno\u015bci s\u0105d zdecydowa\u0142 si\u0119 wi\u0119c ustali\u0107, czy rzeczywi\u015bcie lekarze s\u0105 odpowiedzialni za stan dziecka.<\/p>\n<p>W wyroku wst\u0119pnym, wydanym w 2013 r., s\u0105d uzna\u0142, \u017ce do pora\u017cenia dziecka dosz\u0142o na skutek b\u0142\u0119d\u00f3w i zaniedba\u0144 pope\u0142nionych przez pracownik\u00f3w szpitala. Jednocze\u015bnie s\u0105d uzna\u0142, \u017ce odpowiedzialno\u015b\u0107 za to ponosz\u0105 powiat wo\u0142owski jako jednostka zwierzchnia szpitala i PZU jako ubezpieczyciel plac\u00f3wki. <\/p>\n<p><strong>Za pozbawienie dziecka szans<\/strong><\/p>\n<p>Od tamtej pory toczy\u0142 si\u0119 proces o wysoko\u015b\u0107 zado\u015b\u0107uczynienia i renty. Opinie powo\u0142anych w sprawie bieg\u0142ych by\u0142y niekorzystne dla szpitala, wi\u0119c wyrok s\u0105du I instancji m\u00f3g\u0142 by\u0107 tylko jeden.<\/p>\n<p>&#8211; Dziecko wymaga pomocy we wszystkich czynno\u015bciach \u017cycia codziennego, a poniewa\u017c rokowania na przysz\u0142o\u015b\u0107 co do wyleczenia s\u0105 niepomy\u015blne, b\u0119dzie wymaga\u0142o opieki przez ca\u0142e \u017cycie &#8211; uzna\u0142 s\u0119dzia S\u0142awomir Urbaniak, dodaj\u0105c, \u017ce przez b\u0142\u0105d lekarzy Ania nigdy nie b\u0119dzie mia\u0142a szansy cieszy\u0107 si\u0119 \u017cyciem tak jak zdrowe dzieci. &#8211; Nigdy nie mia\u0142a mo\u017cliwo\u015bci zazna\u0107 innego sposobu \u017cycia, szansy takiej zosta\u0142a bowiem pozbawiona ju\u017c w momencie swych narodzin z winy pracownik\u00f3w szpitala &#8211; zaznaczy\u0142 s\u0119dzia.<\/p>\n<p>Dlatego te\u017c s\u0105d przyzna\u0142 dziewczynce 608 tys. z\u0142 zado\u015b\u0107uczynienia. Orzek\u0142 r\u00f3wnie\u017c, \u017ce i powiat wo\u0142owski, i PZU maj\u0105 na jej rzecz p\u0142aci\u0107 rent\u0119 w wysoko\u015bci 4 tys. z\u0142 miesi\u0119cznie.<\/p>\n<p>Zar\u00f3wno powiat, jak i PZU z\u0142o\u017cy\u0142y odwo\u0142anie, domagaj\u0105c si\u0119 zmniejszenia zas\u0105dzonych kwot. Ale s\u0105d apelacyjny pozosta\u0142 nieugi\u0119ty, w pe\u0142ni podzielaj\u0105c ustalenia s\u0105du I instancji. Wyrok jest prawomocny.<\/p>\n<p>gazeta.pl<\/p>\n","protected":false},"excerpt":{"rendered":"<p>Dziewczynka mia\u0142a urodzi\u0107 si\u0119 zdrowa, ale przez b\u0142\u0105d lekarzy dozna\u0142a pora\u017cenia m\u00f3zgowego i nie ma szans na normalne \u017cycie. Po 10 latach od fatalnego porodu s\u0105d przyzna\u0142 jej ponad 600 tys. z\u0142 zado\u015b\u0107uczynienia i do\u017cywotni\u0105 rent\u0119. Nic nie zapowiada\u0142o tragedii. Na karcie przyj\u0119cia do szpitala w Wo\u0142owie w 2006 r. odnotowano, \u017ce mam\u0119 Ani przyj\u0119to [&hellip;]<\/p>\n","protected":false},"author":2,"featured_media":0,"comment_status":"open","ping_status":"open","sticky":false,"template":"","format":"standard","meta":{"footnotes":""},"categories":[8],"tags":[120,12,13],"class_list":["post-2652","post","type-post","status-publish","format-standard","hentry","category-aktualnosci","tag-blad-medyczny","tag-odszkodowanie","tag-zadoscuczynienie"],"_links":{"self":[{"href":"https:\/\/www.odszkodowania.info.pl\/index.php?rest_route=\/wp\/v2\/posts\/2652","targetHints":{"allow":["GET"]}}],"collection":[{"href":"https:\/\/www.odszkodowania.info.pl\/index.php?rest_route=\/wp\/v2\/posts"}],"about":[{"href":"https:\/\/www.odszkodowania.info.pl\/index.php?rest_route=\/wp\/v2\/types\/post"}],"author":[{"embeddable":true,"href":"https:\/\/www.odszkodowania.info.pl\/index.php?rest_route=\/wp\/v2\/users\/2"}],"replies":[{"embeddable":true,"href":"https:\/\/www.odszkodowania.info.pl\/index.php?rest_route=%2Fwp%2Fv2%2Fcomments&post=2652"}],"version-history":[{"count":1,"href":"https:\/\/www.odszkodowania.info.pl\/index.php?rest_route=\/wp\/v2\/posts\/2652\/revisions"}],"predecessor-version":[{"id":2653,"href":"https:\/\/www.odszkodowania.info.pl\/index.php?rest_route=\/wp\/v2\/posts\/2652\/revisions\/2653"}],"wp:attachment":[{"href":"https:\/\/www.odszkodowania.info.pl\/index.php?rest_route=%2Fwp%2Fv2%2Fmedia&parent=2652"}],"wp:term":[{"taxonomy":"category","embeddable":true,"href":"https:\/\/www.odszkodowania.info.pl\/index.php?rest_route=%2Fwp%2Fv2%2Fcategories&post=2652"},{"taxonomy":"post_tag","embeddable":true,"href":"https:\/\/www.odszkodowania.info.pl\/index.php?rest_route=%2Fwp%2Fv2%2Ftags&post=2652"}],"curies":[{"name":"wp","href":"https:\/\/api.w.org\/{rel}","templated":true}]}}