{"id":2678,"date":"2016-09-10T17:43:55","date_gmt":"2016-09-10T16:43:55","guid":{"rendered":"http:\/\/www.odszkodowania.info.pl\/?p=2678"},"modified":"2016-09-10T17:43:55","modified_gmt":"2016-09-10T16:43:55","slug":"rowni-i-rowniejsi-2","status":"publish","type":"post","link":"https:\/\/www.odszkodowania.info.pl\/?p=2678","title":{"rendered":"R\u00d3WNI i r\u00f3wniejsi"},"content":{"rendered":"<p>MON p\u0142aci zado\u015b\u0107uczynienia rodzinom ofiar katastrofy smole\u0144skiej. Dzi\u015b pe\u0142nomocnik resortu podpisa\u0142 kolejne dwie ugody.<\/p>\n<p>Pe\u0142nomocnik Ministerstwa Obrony Narodowej Andrzej Lew-Mirski podpisa\u0142 dzi\u015b ugody z dwoma kolejnymi osobami, kt\u00f3re domaga\u0142y si\u0119 zado\u015b\u0107uczynienia za \u015bmier\u0107 bliskich w katastrofie smole\u0144skiej. M\u0105\u017c zmar\u0142ej senator PiS Janiny Fetli\u0144skiej-W\u0142odzimierz i jej syn Bartosz \u017c\u0105dali od resortu po 750 tys. z\u0142. Zgodnie z zawartym dzi\u015b porozumieniem, pa\u0144stwo wyp\u0142aci im po 200 tys. z\u0142.<\/p>\n<p>Wcze\u015bniej, w korytarzu S\u0105du Rejonowego Warszawa \u015ar\u00f3dmie\u015bcie, gdzie podpisywane by\u0142y ugody, komentowano wczorajszy artyku\u0142 OKO.press (kt\u00f3ry dzi\u015b wydrukowa\u0142a tak\u017ce \u201eGazeta Wyborcza\u201d).<\/p>\n<p>Przedstawiciel MON zastanawia\u0142 si\u0119, czy w wyniku naszej publikacji, resort nie wstrzyma negocjacji z kolejnymi rodzinami ofiar.<\/p>\n<p>Wczoraj na portalu OKO.press ujawnili\u015bmy, \u017ce od kilku miesi\u0119cy do S\u0105du Rejonowego Warszawa-\u015ar\u00f3dmie\u015bcie wp\u0142ywaj\u0105 pisma krewnych ofiar katastrofy z 10 kwietnia 2010 r. Wzywaj\u0105 MON do zawarcia ug\u00f3d. Domagaj\u0105 si\u0119 setek tysi\u0119cy, a nawet milion\u00f3w z\u0142otych rekompensaty za \u015bmier\u0107 bliskich.<\/p>\n<p><strong>Kolejka po odszkodowania<\/strong><\/p>\n<p>Magdalena Merta (wdowa po wiceministrze kultury Tomaszu Mercie, kt\u00f3ry osieroci\u0142 trzy c\u00f3rki) \u017c\u0105da od MON 2 mln z\u0142. W wezwaniu do ugody pisze, \u017ce jej m\u0105\u017c zarabia\u0142 rocznie 190 tys. z\u0142. W chwili katastrofy mia\u0142 44 lata, \u201eby\u0142 w pe\u0142ni zdrowy i aktywny\u201d \u2013 m\u00f3g\u0142 wi\u0119c jeszcze pracowa\u0107 co najmniej 20 lat. \u017b\u0105danie 2 mln z\u0142 nie jest wi\u0119c, wed\u0142ug niej, wyg\u00f3rowane.<\/p>\n<p>Zuzanna Kurtyka (wdowa po szefie IPN Januszu Kurtyce) domaga si\u0119 za \u015bmier\u0107 m\u0119\u017ca miliona z\u0142otych zado\u015b\u0107uczynienia (plus odsetki od 11 kwietnia 2010 r.). \u201eZdaj\u0105c sobie spraw\u0119 z ogranicze\u0144 finansowych Skarbu Pa\u0144stwa\u201d, wnosi jednak o wyp\u0142at\u0119 po\u0142owy tej kwoty, czyli  500 tys. z\u0142. Uzasadnia, \u017ce straci\u0142a osob\u0119, z kt\u00f3r\u0105 utrzymywa\u0142a \u201esta\u0142y, serdeczny kontakt i g\u0142\u0119bok\u0105 relacj\u0119\u201d. A tak\u017ce, \u017ce od czasu katastrofy \u201enast\u0105pi\u0142o znaczne pogorszenie jej sytuacji \u017cyciowej\u201d. To g\u0142\u00f3wnie jej m\u0105\u017c utrzymywa\u0142 dom, zarabiaj\u0105c 240 tys. z\u0142 rocznie. Przez \u201e20 lat spodziewanej aktywno\u015bci zawodowej\u201d zarobi\u0142by wi\u0119c, co najmniej 4,8 mln z\u0142.<\/p>\n<p>Zuzanna Kurtyka pisze te\u017c, \u017ce w zwi\u0105zku ze \u015bmierci\u0105 m\u0119\u017ca \u201ezmuszona jest samodzielnie utrzymywa\u0107 dom i pomaga\u0107 dzieciom (\u2026) samodzielnie sp\u0142aca\u0107 kredyt hipoteczny zaci\u0105gni\u0119ty na zakup domu\u201d. I \u017ce musia\u0142a podj\u0105\u0107 \u201edodatkow\u0105 prac\u0119 pozaetatow\u0105, w tym tak\u017ce ca\u0142odobow\u0105\u201d.<\/p>\n<p>Oddzielny wniosek z\u0142o\u017cy\u0142a w imieniu swojego m\u0142odszego syna \u2013 Krzysztofa Kurtyki. Domaga si\u0119 dla niego 450 tys. z\u0142 zado\u015b\u0107uczynienia.<\/p>\n<p>O rekompensat\u0119 za \u015bmier\u0107 ojca ubiega si\u0119 tak\u017ce starszy syn Kurytk\u00f3w \u2013 26-letni Pawe\u0142. Uzasadnia, \u017ce w przysz\u0142o\u015bci nie b\u0119dzie m\u00f3g\u0142 liczy\u0107 na pomoc finansow\u0105 ze strony ojca. Przekonuje, \u017ce m\u00f3g\u0142by dochodzi\u0107 2,4 mln z\u0142 \u201etytu\u0142em utraconych dochod\u00f3w ojca\u201d (zak\u0142adaj\u0105c, \u017ce ojciec m\u00f3g\u0142by jeszcze pracowa\u0107 przez 10 lat), ale \u201eogranicza swe \u017c\u0105dania\u201d do 350 tys. z\u0142.<\/p>\n<p>Rekompensaty od pa\u0144stwa chc\u0105 te\u017c bliscy Wojciecha Lubi\u0144skiego \u2013 zmar\u0142ego pod Smole\u0144skiem lekarza prezydenta Lecha Kaczy\u0144skiego, wicekomendanta Wojskowego Instytutu Medycznego CSK MON. Uda\u0142o si\u0119 nam dotrze\u0107 do akt sprawy z\u0142o\u017conej przez jego \u017con\u0119 Beat\u0119 w imieniu ma\u0142oletniego syna\u2013 Jana Lubi\u0144skiego. Domaga si\u0119 dla niego 250 tys z\u0142.<\/p>\n<p>Jak dowiedzieli\u015bmy si\u0119 nieoficjalnie w s\u0105dzie, sama Beata Lubi\u0144ska podpisa\u0142a ju\u017c ugod\u0119 z MON \u2013 na 180 tys. z\u0142.<\/p>\n<p>21-letnia Katarzyna Mikke \u2013 c\u00f3rka Stanis\u0142awa Mikke, adwokata, wiceprzewodnicz\u0105cego Rady Pami\u0119ci Walk i M\u0119cze\u0144stwa ubiega si\u0119 o 500 tys. z\u0142 zado\u015b\u0107uczynienia. Uzasadnia, \u017ce poprzednie \u201enie by\u0142o adekwatne do ogromu zaznanej krzywdy\u201d. W wezwaniu do ugody pisze, \u017ce \u015bmier\u0107 ojca by\u0142a \u201ewstrz\u0105sem w \u017cyciu ca\u0142ej rodziny\u201d. A tak\u017ce wp\u0142yn\u0119\u0142a na pogorszenie warunk\u00f3w jej \u017cycia. \u017be ojciec patronowa\u0142 pasji \u2013 nauce j\u0119zyka japo\u0144skiego i \u201efinansowa\u0142 jej coroczne wyjazdy do Japonii\u201d. Katastrofa to przerwa\u0142a.<\/p>\n<p>Tak\u017ce o 500 tys. z\u0142 ubiega si\u0119 Joanna Cie\u015blikowska, c\u00f3rka Andrzeja Przewo\u017anika \u2013 sekretarza Rady Pami\u0119ci Walk i M\u0119cze\u0144stwa. W pi\u015bmie z\u0142o\u017conym w s\u0105dzie przypomina, \u017ce w dniu katastrofy oczekiwa\u0142a na ojca w Smole\u0144sku, gdzie mia\u0142a si\u0119 odby\u0107 uroczysto\u015b\u0107 upami\u0119tniaj\u0105ca \u017co\u0142nierzy zamordowanych w Katyniu i \u017ce w zwi\u0105zku z tym \u201eprze\u017cy\u0142a ten moment w osamotnieniu, bez rodziny\u201d.<\/p>\n<p>O tym, \u017ce nie mogli spokojnie prze\u017cy\u0107 \u017ca\u0142oby, pisz\u0105 w swoim wniosku rodzice i brat stewardesy z TU-154 \u2013 Barbary Maciejczyk. Wyliczaj\u0105, \u017ce mia\u0142a ona a\u017c trzy pogrzeby \u2013 g\u0142\u00f3wny i dwa dodatkowe, w kt\u00f3rym pochowano odnalezione p\u00f3\u017aniej cz\u0119\u015bci zw\u0142ok. Wnioskuj\u0105 o wyp\u0142at\u0119 \u0142\u0105cznie 2 mln z\u0142.<\/p>\n<p>Tomasz Komorowski \u2013 syn Stanis\u0142awa Komorowskiego, dyplomaty, w ostatnich latach przed katastrof\u0105 wiceministra obrony narodowej, wyst\u0105pi\u0142 o 1 mln z\u0142 rekompensaty za \u015bmier\u0107 ojca. A Jolanta Bigoszewska \u2013 c\u00f3rka Zbigniewa D\u0119bskiego, emerytowanego wojskowego, chce 250 tys. z\u0142.<\/p>\n<p>Jak ustalili\u015bmy, sprawy przeciwko MON tocz\u0105 si\u0119 tak\u017ce przed S\u0105dem Okr\u0119gowym w Warszawie. Kilka miesi\u0119cy temu dziennikarka Joanna Racewicz z\u0142o\u017cy\u0142a w nim pozew przeciwko resortowi, domagaj\u0105c si\u0119 dla siebie i syna 900 tys. z\u0142 tytu\u0142em \u201ezado\u015b\u0107uczynienia za krzywd\u0119 wywo\u0142an\u0105 \u015bmierci\u0105 m\u0119\u017ca\u201d i \u201eodszkodowania za pogorszenie si\u0119 warunk\u00f3w \u017cyciowych\u201d.<\/p>\n<p>Racewicz pisze, \u017ce straci\u0142a prac\u0119 w TVP, wi\u0105\u017c\u0105c to z atmosfer\u0105 wok\u00f3\u0142 kolejnej rocznicy katastrofy smole\u0144skiej (w mi\u0119dzyczasie zn\u00f3w zosta\u0142a zatrudniona w telewizji) i szczeg\u00f3\u0142owo wylicza miesi\u0119czne koszty utrzymania swoje (\u0142\u0105cznie 12 tys. z\u0142) i syna (m.in. 1,7 tys. na prywatn\u0105 szko\u0142\u0119, 2 tys. z\u0142 na zaj\u0119cia dodatkowe, 2,5 tys. z\u0142 na opiekunk\u0119 i 1 tys. na ubrania).<\/p>\n<p>Ministerstwo obrony nie udzieli\u0142o nam odpowiedzi na pytanie, ile os\u00f3b wyst\u0105pi\u0142o w ostatnim czasie z roszczeniami dotycz\u0105cymi katastrofy smole\u0144skiej i w ilu sprawach podpisano ju\u017c ugody.<\/p>\n<p>W kilkunastu sprawach, kt\u00f3re uda\u0142o nam si\u0119 znale\u017a\u0107 w warszawskich s\u0105dach i kt\u00f3rych akta czytali\u015bmy, pe\u0142nomocnik MON Andrzej Lew-Mirski pisze do s\u0105d\u00f3w, \u017ce trwaj\u0105 rozmowy z bliskimi ofiar \u201erokuj\u0105ce mo\u017cliwo\u015b\u0107 znalezienia kompromisu\u201d i zapowiada:<\/p>\n<p>    \u201eminister obrony narodowej ma zamiar zawrze\u0107 ugod\u0119 w zakresie roszczenia o zado\u015b\u0107uczynienie, o ile jej warunki \u2013 zwi\u0105zane z ograniczeniami bud\u017cetowymi \u2013 zostan\u0105 zaakceptowane\u201d.<\/p>\n<p><strong>Tak\u017ce dla rodze\u0144stwa i wnuk\u00f3w<\/strong><\/p>\n<p>MON zamierza zawrze\u0107 porozumienia r\u00f3wnie\u017c z krewnymi ofiar, kt\u00f3rzy wcze\u015bniej nie otrzymali zado\u015b\u0107uczynie\u0144 \u2013 bra\u0107mi, siostrami i wnukami ofiar. Prokuratoria Generalna, kt\u00f3ra negocjowa\u0142a ugody z rodzinami w 2011 r. uzna\u0142a, \u017ce nie mo\u017ce za\u0142o\u017cy\u0107 z g\u00f3ry, \u017ce doros\u0142e rodze\u0144stwo lub dziadk\u00f3w i wnuk\u00f3w, wi\u0105za\u0142y relacje na tyle bliskie, \u017ce uzasadniona jest wyp\u0142ata zado\u015b\u0107uczynie\u0144. Uznano w\u00f3wczas, \u017ce ka\u017cdy taki przypadek powinien zbada\u0107 s\u0105d. Teraz ocenia to \u2013 upowa\u017cniony przez Antoniego Macierewicza \u2013 pe\u0142nomocnik MON.<\/p>\n<p>Zado\u015b\u0107uczynienie wyp\u0142acono ju\u017c bratu Bo\u017ceny Momontowicz-\u0141ojek, przewodnicz\u0105cej Federacji Rodzin Katy\u0144skich, kt\u00f3ry uzasadnia\u0142, \u017ce \u201ebardzo silnie odczu\u0142 \u015bmier\u0107 siostry\u201d z kt\u00f3r\u0105 \u201ewsp\u00f3lnie omawiali i rozwa\u017cali sprawy rodzinne\u201d i \u201ekt\u00f3ra tworzy\u0142a rodzinn\u0105 atmosfer\u0119\u201d. Ubiega\u0142 si\u0119 o 500 tys. z\u0142. Wyp\u0142acono mu 150 tys. z\u0142.<\/p>\n<p>W kolejce czeka wnuk Czes\u0142awa Cywi\u0144skiego \u2013 Micha\u0142 Kowalewski. Chce 1,25 mln z\u0142. Pisze w wezwaniu do ugody, \u017ce gdy by\u0142 ma\u0142y dziadek wspiera\u0142 go w nauce, sporcie, lubili razem sp\u0119dza\u0107 czas, rozmawia\u0107 o sprawach powa\u017cnych i \u017cartowa\u0107.<\/p>\n<p>    A w ostatnich latach codziennie rozmawiali przez telefon i \u017ce \u201eutrata tak wa\u017cnej wi\u0119zi rodzinnej, jak intymno\u015b\u0107 \u0142\u0105cz\u0105ca dziadk\u00f3w i wnuki, uzasadnia roszczenie\u201d.<\/p>\n<p>Trwaj\u0105 r\u00f3wnie\u017c negocjacje z Ma\u0142gorzat\u0105 Biernack\u0105-Posadzk\u0105 \u2013 siostr\u0105 zmar\u0142ej Izabeli Tomaszewskiej, kt\u00f3ra ubiega si\u0119 o 250 tys. z\u0142.<br \/>\nIle pa\u0144stwo zap\u0142aci\u0142o<\/p>\n<p>Z naszych informacji wynika, \u017ce os\u00f3b ubiegaj\u0105cych si\u0119 o zado\u015b\u0107uczynienia jest znacznie wi\u0119cej. S\u0119dziowie warszawskich s\u0105d\u00f3w m\u00f3wi\u0105 o co najmniej kilkudziesi\u0119ciu takich sprawach.<\/p>\n<p>Krewni ofiar dowodz\u0105, \u017ce do dzi\u015b odczuwaj\u0105 b\u00f3l zwi\u0105zany z ich strat\u0105 i \u017ce po katastrofie pogorszy\u0142a si\u0119 ich sytuacja materialna. Poniewa\u017c TU-154 nie by\u0142 ubezpieczony, a nale\u017ca\u0142 do pu\u0142ku, nad kt\u00f3rym nadz\u00f3r sprawowa\u0142 MON \u2013 to w\u0142a\u015bnie ten resort powinien wyp\u0142aci\u0107 im zado\u015b\u0107uczynienia i odszkodowania.<\/p>\n<p>    Bliscy ofiar \u2013 \u0142\u0105cznie 270 os\u00f3b \u2013 dostali ju\u017c w 2011 r. po 250 tys. zado\u015b\u0107uczynienia.<\/p>\n<p>Po katastrofie ka\u017cda rodzina otrzyma\u0142a r\u00f3wnie\u017c jednorazowe wsparcie od rz\u0105du w wysoko\u015bci 40 tys. z\u0142. A 73 osieroconym dzieciom premier Donald Tusk przyzna\u0142 renty specjalne \u2013 2 tys. z\u0142 miesi\u0119cznie (trojgu niepe\u0142nosprawnym do\u017cywotnio, pozosta\u0142ym do uko\u0144czenia 25 roku \u017cycia). Renty dostali te\u017c niepracuj\u0105cy ma\u0142\u017conkowie ofiar, trzy \u017cony, kt\u00f3re zosta\u0142y same z wi\u0119cej ni\u017c dw\u00f3jk\u0105 dzieci, i kilkoro rodzic\u00f3w ofiar.<\/p>\n<p>Wed\u0142ug cz\u0119\u015bci rodzin smole\u0144skich, now\u0105 okoliczno\u015bci\u0105 w sprawie \u2013 uzasadniaj\u0105c\u0105 wniosek o wyp\u0142at\u0119 kolejnych rekompensat \u2013 jest to, \u017ce minister obrony narodowej Antoni Macierewicz powo\u0142a\u0142 podkomisj\u0119, kt\u00f3ra ma na nowo zbada\u0107 przebieg katastrofy. Pisz\u0105, \u017ce skoro minister Macierewicz powo\u0142a\u0142 podkomisj\u0119, musia\u0142y wyj\u015b\u0107 na jaw nowe \u201eokoliczno\u015bci sprawy\u201d. A wi\u0119c ich roszczenia w stosunku do pa\u0144stwa s\u0105 w pe\u0142ni uzasadnione.<\/p>\n<p>oko.press<\/p>\n","protected":false},"excerpt":{"rendered":"<p>MON p\u0142aci zado\u015b\u0107uczynienia rodzinom ofiar katastrofy smole\u0144skiej. Dzi\u015b pe\u0142nomocnik resortu podpisa\u0142 kolejne dwie ugody. Pe\u0142nomocnik Ministerstwa Obrony Narodowej Andrzej Lew-Mirski podpisa\u0142 dzi\u015b ugody z dwoma kolejnymi osobami, kt\u00f3re domaga\u0142y si\u0119 zado\u015b\u0107uczynienia za \u015bmier\u0107 bliskich w katastrofie smole\u0144skiej. M\u0105\u017c zmar\u0142ej senator PiS Janiny Fetli\u0144skiej-W\u0142odzimierz i jej syn Bartosz \u017c\u0105dali od resortu po 750 tys. z\u0142. Zgodnie [&hellip;]<\/p>\n","protected":false},"author":2,"featured_media":0,"comment_status":"open","ping_status":"open","sticky":false,"template":"","format":"standard","meta":{"footnotes":""},"categories":[8],"tags":[12,13],"class_list":["post-2678","post","type-post","status-publish","format-standard","hentry","category-aktualnosci","tag-odszkodowanie","tag-zadoscuczynienie"],"_links":{"self":[{"href":"https:\/\/www.odszkodowania.info.pl\/index.php?rest_route=\/wp\/v2\/posts\/2678","targetHints":{"allow":["GET"]}}],"collection":[{"href":"https:\/\/www.odszkodowania.info.pl\/index.php?rest_route=\/wp\/v2\/posts"}],"about":[{"href":"https:\/\/www.odszkodowania.info.pl\/index.php?rest_route=\/wp\/v2\/types\/post"}],"author":[{"embeddable":true,"href":"https:\/\/www.odszkodowania.info.pl\/index.php?rest_route=\/wp\/v2\/users\/2"}],"replies":[{"embeddable":true,"href":"https:\/\/www.odszkodowania.info.pl\/index.php?rest_route=%2Fwp%2Fv2%2Fcomments&post=2678"}],"version-history":[{"count":1,"href":"https:\/\/www.odszkodowania.info.pl\/index.php?rest_route=\/wp\/v2\/posts\/2678\/revisions"}],"predecessor-version":[{"id":2679,"href":"https:\/\/www.odszkodowania.info.pl\/index.php?rest_route=\/wp\/v2\/posts\/2678\/revisions\/2679"}],"wp:attachment":[{"href":"https:\/\/www.odszkodowania.info.pl\/index.php?rest_route=%2Fwp%2Fv2%2Fmedia&parent=2678"}],"wp:term":[{"taxonomy":"category","embeddable":true,"href":"https:\/\/www.odszkodowania.info.pl\/index.php?rest_route=%2Fwp%2Fv2%2Fcategories&post=2678"},{"taxonomy":"post_tag","embeddable":true,"href":"https:\/\/www.odszkodowania.info.pl\/index.php?rest_route=%2Fwp%2Fv2%2Ftags&post=2678"}],"curies":[{"name":"wp","href":"https:\/\/api.w.org\/{rel}","templated":true}]}}