{"id":2685,"date":"2016-10-07T10:21:03","date_gmt":"2016-10-07T09:21:03","guid":{"rendered":"http:\/\/www.odszkodowania.info.pl\/?p=2685"},"modified":"2026-03-11T19:43:49","modified_gmt":"2026-03-11T18:43:49","slug":"konferencja-ietl-xvii-dni-europejskiego-prawa-ubezpieczen-komunikacyjnych","status":"publish","type":"post","link":"https:\/\/www.odszkodowania.info.pl\/?p=2685","title":{"rendered":"Konferencja IETL &#8211; XVII Dni Europejskiego Prawa Ubezpiecze\u0144 Komunikacyjnych"},"content":{"rendered":"<p>Instytut Europejskiego Prawa Ubezpiecze\u0144 Komunikacyjnych z siedzib\u0105 w Luksemburgu by\u0142 organizatorem XVII Dni Europejskiego Prawa Ubezpiecze\u0144 Komunikacyjnych w Warszawie. Konferencja odby\u0142a si\u0119 w dniach 5-7 pa\u017adziernika w Warszawie. Bez w\u0105tpienia by\u0142o to najwa\u017cniejsze wydarzenie w naszym kraju po\u015bwi\u0119cone tematyce prawa ubezpiecze\u0144 komunikacyjnych w tym problematyce odszkodowa\u0144 i zado\u015b\u0107uczynienia. Najbardziej znani prelegenci z kraju i z Europy, komplet uczestnik\u00f3w oraz gor\u0105ce panele dyskusyjne to to co najwa\u017cniejsze na takich konferencjach. Bez w\u0105tpienia profesjonalna organizacja konferencji jak i jej skala pozwalaj\u0105 na ocen\u0119 wydarzenia jako najwa\u017cniejszego jakie odby\u0142o w 2016 roku.<\/p>\n<p>Instytut Europejskiego Prawa Ubezpiecze\u0144 Komunikacyjnych jest organizacj\u0105 po\u017cytku publicznego z siedzib\u0105 w Luksemburgu. Instytut to nie tylko forum ekspert\u00f3w z zakresu prawa ubezpiecze\u0144 komunikacyjnych, ale r\u00f3wnie\u017c miejsce, z kt\u00f3rego p\u0142yn\u0105 wa\u017cne impulsy wywieraj\u0105ce wp\u0142yw na kszta\u0142t prawa europejskiego. Instytut wsp\u00f3\u0142pracuje bowiem z decyzyjnymi Instytucjami Unii Europejskiej.<\/p>\n<p>Celem instytutu jest rozwi\u0105zywanie aktualnych problem\u00f3w zwi\u0105zanych z poruszaniem si\u0119 po mi\u0119dzynarodowych drogach i wypracowanie rozwi\u0105za\u0144 harmonizuj\u0105cych stosowanie prawa w Europie, poprzez mi\u0119dzy innymi:<br \/>\n&#8211; Wspieranie wymiany najnowszej wiedzy i praktycznych rozwi\u0105za\u0144 prawnych w Europie;<br \/>\n&#8211; Stworzenie forum spotka\u0144 wybitnym ekspertom;<br \/>\n&#8211; Dialog z Instytucjami Unii Europejskiej;<br \/>\n&#8211; Wypracowywanie kierunk\u00f3w rozwoju i kszta\u0142towania prawa w UE;<br \/>\n&#8211; Wspieranie rozwoju prac naukowych w zakresie prawa prywatnego mi\u0119dzynarodowego.<\/p>\n\n\t\t<div class=\"wppdfemb-frame-container-1\" style=\"-webkit-overflow-scrolling:auto;\">\n\t\t\t<iframe class=\"pdfembed-iframe nonfullscreen wppdf-emb-iframe-1\"\n\t\t\t\tsrc=\"https:\/\/www.odszkodowania.info.pl\/?pdfemb-data=eyJ1cmwiOiJodHRwczpcL1wvd3d3Lm9kc3prb2Rvd2FuaWEuaW5mby5wbFwvd3AtY29udGVudFwvdXBsb2Fkc1wvUHJvZ3JhbV9Eemllbl9wb2xza2lfMDUxMDIwMTZfZmluYWwucGRmIiwidGl0bGUiOiJQcm9ncmFtIER6aWVuIFBvbHNraV8wNTEwMjAxNl9maW5hbCIsImluZGV4IjoxLCJwZGZJRCI6MH0\"\n\t\t\t\ttitle=\"Program Dzien Polski_05102016_final\"\t\t\t\tdata-pdf-id=\"0\"\n\t\t\t\tdata-pdf-index=\"1\"\n\t\t\t\tstyle=\"border:none;width:100%;max-width:100%;height:100vh;\"\n\t\t\t\tscrolling=\"yes\">\n\t\t\t<\/iframe>\n\t\t<\/div>\n\n\t\t\n","protected":false},"excerpt":{"rendered":"<p>Instytut Europejskiego Prawa Ubezpiecze\u0144 Komunikacyjnych z siedzib\u0105 w Luksemburgu by\u0142 organizatorem XVII Dni Europejskiego Prawa Ubezpiecze\u0144 Komunikacyjnych w Warszawie. Konferencja odby\u0142a si\u0119 w dniach 5-7 pa\u017adziernika w Warszawie. Bez w\u0105tpienia by\u0142o to najwa\u017cniejsze wydarzenie w naszym kraju po\u015bwi\u0119cone tematyce prawa ubezpiecze\u0144 komunikacyjnych w tym problematyce odszkodowa\u0144 i zado\u015b\u0107uczynienia. Najbardziej znani prelegenci z kraju i z [&hellip;]<\/p>\n","protected":false},"author":2,"featured_media":0,"comment_status":"open","ping_status":"open","sticky":false,"template":"","format":"standard","meta":{"footnotes":""},"categories":[8,45],"tags":[144,12,13],"class_list":["post-2685","post","type-post","status-publish","format-standard","hentry","category-aktualnosci","category-artykul-glowny","tag-ietl","tag-odszkodowanie","tag-zadoscuczynienie"],"_links":{"self":[{"href":"https:\/\/www.odszkodowania.info.pl\/index.php?rest_route=\/wp\/v2\/posts\/2685","targetHints":{"allow":["GET"]}}],"collection":[{"href":"https:\/\/www.odszkodowania.info.pl\/index.php?rest_route=\/wp\/v2\/posts"}],"about":[{"href":"https:\/\/www.odszkodowania.info.pl\/index.php?rest_route=\/wp\/v2\/types\/post"}],"author":[{"embeddable":true,"href":"https:\/\/www.odszkodowania.info.pl\/index.php?rest_route=\/wp\/v2\/users\/2"}],"replies":[{"embeddable":true,"href":"https:\/\/www.odszkodowania.info.pl\/index.php?rest_route=%2Fwp%2Fv2%2Fcomments&post=2685"}],"version-history":[{"count":2,"href":"https:\/\/www.odszkodowania.info.pl\/index.php?rest_route=\/wp\/v2\/posts\/2685\/revisions"}],"predecessor-version":[{"id":4117,"href":"https:\/\/www.odszkodowania.info.pl\/index.php?rest_route=\/wp\/v2\/posts\/2685\/revisions\/4117"}],"wp:attachment":[{"href":"https:\/\/www.odszkodowania.info.pl\/index.php?rest_route=%2Fwp%2Fv2%2Fmedia&parent=2685"}],"wp:term":[{"taxonomy":"category","embeddable":true,"href":"https:\/\/www.odszkodowania.info.pl\/index.php?rest_route=%2Fwp%2Fv2%2Fcategories&post=2685"},{"taxonomy":"post_tag","embeddable":true,"href":"https:\/\/www.odszkodowania.info.pl\/index.php?rest_route=%2Fwp%2Fv2%2Ftags&post=2685"}],"curies":[{"name":"wp","href":"https:\/\/api.w.org\/{rel}","templated":true}]}}