{"id":2700,"date":"2016-11-03T18:01:21","date_gmt":"2016-11-03T17:01:21","guid":{"rendered":"http:\/\/www.odszkodowania.info.pl\/?p=2700"},"modified":"2016-11-03T18:01:21","modified_gmt":"2016-11-03T17:01:21","slug":"zostal-zatrzymany-jako-polski-dzihadysta-sad-zdecydowal-ze-dostanie-zadoscuczynienie","status":"publish","type":"post","link":"https:\/\/www.odszkodowania.info.pl\/?p=2700","title":{"rendered":"Zosta\u0142 zatrzymany jako \u201cpolski d\u017cihadysta\u201d. S\u0105d zdecydowa\u0142, \u017ce dostanie zado\u015b\u0107uczynienie"},"content":{"rendered":"<p>90 tys. z\u0142otych zado\u015b\u0107uczynienia wraz z odsetkami ma dosta\u0107 od pa\u0144stwa za 9 miesi\u0119cy nies\u0142usznego aresztu Artur \u0141. &#8211; zatrzymany w 2012 r. przez Agencj\u0119 Bezpiecze\u0144stwa Wewn\u0119trznego jako rzekomy &#8222;polski d\u017cihadysta&#8221;. Wyrok jest prawomocny. Obrona, kt\u00f3ra domaga\u0142a si\u0119 300 tys. z\u0142, nie wyklucza kasacji.<\/p>\n<p>Chodzi o g\u0142o\u015bn\u0105 medialnie spraw\u0119 bezrobotnego, niezdolnego do pracy 22-latka, maj\u0105cego k\u0142opoty z adaptacj\u0105 w spo\u0142ecze\u0144stwie. Artur \u0141. trafi\u0142 do aresztu w czerwcu 2012 r. po zatrzymaniu przez ABW. Zarzucono mu, \u017ce doradza\u0142 w internecie, jak konstruowa\u0107 bomby, oraz pochwala\u0142 zamachy na USA z 2001 r. &#8211; dowodami by\u0142y zamieszczone w sieci filmiki, na kt\u00f3rych \u0141., skrywaj\u0105cy twarz za chust\u0105, m.in. \u015bpiewa\u0142 piosenki wys\u0142awiaj\u0105ce Osam\u0119 ben Ladena; obchodzi\u0142 te\u017c rocznic\u0119 &#8222;b\u0142ogos\u0142awionego ataku z 11 wrze\u015bnia&#8221;. Ostatecznie \u015bledztwo umorzono wobec niepoczytalno\u015bci m\u0119\u017cczyzny. Za bezpodstawny i nies\u0142uszny areszt domaga\u0142 si\u0119 on 300 tys. z\u0142 zado\u015b\u0107uczynienia oraz 5 tys. z\u0142 odszkodowania.<\/p>\n<p>S\u0105d Apelacyjny, uzasadniaj\u0105c sw\u00f3j wyrok, odwo\u0142a\u0142 si\u0119 do uchwa\u0142y S\u0105du Najwy\u017cszego z wrze\u015bnia 1999 r. S\u0119dzia Marek Motuk podkre\u015bla\u0142, \u017ce zgodnie z ni\u0105 odpowiedzialno\u015b\u0107 Skarbu Pa\u0144stwa za stosowanie areszt\u00f3w tymczasowych opiera si\u0119 na zasadzie ryzyka. Jak doda\u0142, w tym przypadku zastosowanie aresztu by\u0142o &#8222;niew\u0105tpliwie nies\u0142uszne&#8221;, na co wskazuje ostateczne rozstrzygni\u0119cie sprawy, czyli umorzenie jej ze wzgl\u0119du na niepoczytalno\u015b\u0107 Artura \u0141.<\/p>\n<p>S\u0119dzia oceni\u0142 te\u017c, \u017ce wysoko\u015b\u0107 zado\u015b\u0107uczynienia jest adekwatna do sytuacji i uwzgl\u0119dnia m.in. stan psychiczny \u0141. oraz to, \u017ce 6 z 9 miesi\u0119cy pozbawienia wolno\u015bci m\u0119\u017cczyzna sp\u0119dzi\u0142 w oddziale psychiatrycznym aresztu. W ramach odszkodowania Arturowi \u0141. ma zosta\u0107 zwr\u00f3cone te\u017c ok. 80 z\u0142 (wraz z odsetkami &#8211; PAP) &#8211; to koszt lek\u00f3w.<\/p>\n<p>PAP<\/p>\n","protected":false},"excerpt":{"rendered":"<p>90 tys. z\u0142otych zado\u015b\u0107uczynienia wraz z odsetkami ma dosta\u0107 od pa\u0144stwa za 9 miesi\u0119cy nies\u0142usznego aresztu Artur \u0141. &#8211; zatrzymany w 2012 r. przez Agencj\u0119 Bezpiecze\u0144stwa Wewn\u0119trznego jako rzekomy &#8222;polski d\u017cihadysta&#8221;. Wyrok jest prawomocny. Obrona, kt\u00f3ra domaga\u0142a si\u0119 300 tys. z\u0142, nie wyklucza kasacji. Chodzi o g\u0142o\u015bn\u0105 medialnie spraw\u0119 bezrobotnego, niezdolnego do pracy 22-latka, maj\u0105cego [&hellip;]<\/p>\n","protected":false},"author":2,"featured_media":0,"comment_status":"open","ping_status":"open","sticky":false,"template":"","format":"standard","meta":{"footnotes":""},"categories":[8],"tags":[12,13],"class_list":["post-2700","post","type-post","status-publish","format-standard","hentry","category-aktualnosci","tag-odszkodowanie","tag-zadoscuczynienie"],"_links":{"self":[{"href":"https:\/\/www.odszkodowania.info.pl\/index.php?rest_route=\/wp\/v2\/posts\/2700","targetHints":{"allow":["GET"]}}],"collection":[{"href":"https:\/\/www.odszkodowania.info.pl\/index.php?rest_route=\/wp\/v2\/posts"}],"about":[{"href":"https:\/\/www.odszkodowania.info.pl\/index.php?rest_route=\/wp\/v2\/types\/post"}],"author":[{"embeddable":true,"href":"https:\/\/www.odszkodowania.info.pl\/index.php?rest_route=\/wp\/v2\/users\/2"}],"replies":[{"embeddable":true,"href":"https:\/\/www.odszkodowania.info.pl\/index.php?rest_route=%2Fwp%2Fv2%2Fcomments&post=2700"}],"version-history":[{"count":1,"href":"https:\/\/www.odszkodowania.info.pl\/index.php?rest_route=\/wp\/v2\/posts\/2700\/revisions"}],"predecessor-version":[{"id":2701,"href":"https:\/\/www.odszkodowania.info.pl\/index.php?rest_route=\/wp\/v2\/posts\/2700\/revisions\/2701"}],"wp:attachment":[{"href":"https:\/\/www.odszkodowania.info.pl\/index.php?rest_route=%2Fwp%2Fv2%2Fmedia&parent=2700"}],"wp:term":[{"taxonomy":"category","embeddable":true,"href":"https:\/\/www.odszkodowania.info.pl\/index.php?rest_route=%2Fwp%2Fv2%2Fcategories&post=2700"},{"taxonomy":"post_tag","embeddable":true,"href":"https:\/\/www.odszkodowania.info.pl\/index.php?rest_route=%2Fwp%2Fv2%2Ftags&post=2700"}],"curies":[{"name":"wp","href":"https:\/\/api.w.org\/{rel}","templated":true}]}}