{"id":2753,"date":"2017-02-27T08:16:27","date_gmt":"2017-02-27T07:16:27","guid":{"rendered":"http:\/\/www.odszkodowania.info.pl\/?p=2753"},"modified":"2017-02-27T08:16:27","modified_gmt":"2017-02-27T07:16:27","slug":"domagal-sie-rekordowego-odszkodowania-za-bezprawny-areszt-jest-wyrok","status":"publish","type":"post","link":"https:\/\/www.odszkodowania.info.pl\/?p=2753","title":{"rendered":"Domaga\u0142 si\u0119 rekordowego odszkodowania za bezprawny areszt. Jest wyrok"},"content":{"rendered":"<p>Marek Kubala, biznesmen z Wa\u0142brzycha, nie dostanie od pa\u0144stwa rekordowego odszkodowania, kt\u00f3rego domaga\u0142 si\u0119 za utrat\u0119 maj\u0105tku i dobrego imienia. Jego kasacj\u0119 oddali\u0142 S\u0105d Najwy\u017cszy.<\/p>\n<p>Na poziomie krajowym to koniec sprawy, kt\u00f3r\u0105 \u015bledzi\u0142y tysi\u0105ce os\u00f3b. Marek Kubala za\u0142o\u017cy\u0142 m.in. ruch spo\u0142eczny Niepokonani, kt\u00f3ry walczy z pomy\u0142kami wymiaru sprawiedliwo\u015bci. By\u0142 te\u017c aktywny w mediach i portalach spo\u0142eczno\u015bciowych.<\/p>\n<p>Przed polskimi s\u0105dami walczy\u0142 w sumie prawie 17 lat. Najpierw o uniewinnienie, potem o odszkodowanie.<\/p>\n<p><strong>Oskar\u017cony o przemyt<\/strong><\/p>\n<p>13 grudnia 2000 roku o godzinie sz\u00f3stej do jego domu oraz firmy wkroczyli policjanci w maskach i z broni\u0105. Trafi\u0142 na miesi\u0105c do aresztu. Prokurator oskar\u017cy\u0142 go o przemyt, korupcj\u0119, przebijanie numer\u00f3w rejestracyjnych, a tak\u017ce oszustwa podatkowe. Kubala sprowadza\u0142 wtedy auta z Kanady oraz Stan\u00f3w Zjednoczonych. Mia\u0142 38 lat i \u015bwietnie prosperuj\u0105c\u0105 firm\u0119. Po miesi\u0105cu nie by\u0142o do czego wraca\u0107. Banki wycofa\u0142y si\u0119 z kredyt\u00f3w, kontrahenci z um\u00f3w, a na wa\u0142brzyszanina czeka\u0142 komornik.<\/p>\n<p>Biznesmen przez ponad dekad\u0119 walczy\u0142 o uniewinnienie. Gdy to si\u0119 uda\u0142o i uznano jego areszt za niezgodny z prawem, pi\u0119\u0107 lat temu rozpocz\u0105\u0142 starania o odszkodowanie. Najwi\u0119ksze w historii Polski \u2013 48 mln z\u0142. Ta kwota mia\u0142a mu zrekompensowa\u0107 utracon\u0105 firm\u0119 oraz dobre imi\u0119. Mog\u0142a te\u017c pom\u00f3c wyj\u015b\u0107 z d\u0142ug\u00f3w, w kt\u00f3re popad\u0142.<\/p>\n<p><strong>Brak zwi\u0105zku<\/strong><\/p>\n<p>S\u0105dy wszystkich instancji przyzna\u0142y, \u017ce zado\u015b\u0107uczynienie mu si\u0119 nale\u017cy. Nie by\u0142o ono jednak tak wielkie, jak oczekiwa\u0142.<\/p>\n<p>S\u0105d Okr\u0119gowy w \u015awidnicy zas\u0105dzi\u0142 mu 89 tys. z\u0142, S\u0105d Apelacyjny we Wroc\u0142awiu \u2013 150 tys.<\/p>\n<p>Zdaniem s\u0119dzi\u00f3w S\u0105du Najwy\u017cszego w poprzednich instancjach nie pope\u0142niono b\u0142\u0119d\u00f3w i nie ma podstaw do kasacji. Nie spos\u00f3b te\u017c wykaza\u0107 zwi\u0105zku mi\u0119dzy aresztowaniem a zerwaniem um\u00f3w przez kontrahent\u00f3w, co podnosi biznesmen.<\/p>\n<p>\u2013 Firma Marka Kubali pozostawa\u0142a w tak zwanej spirali kredytowej. Brak bezpo\u015bredniego zwi\u0105zku przyczynowo-skutkowego, o kt\u00f3ry ta sprawa si\u0119 rozbija. Kontrakty zosta\u0142y wypowiedziane w oparciu o inne przes\u0142anki, a nie areszt \u2013 wyja\u015bnia\u0142a s\u0119dzia sprawozdawca.<\/p>\n<p><strong>&#8222;Skandaliczny wyrok&#8221;<\/strong><\/p>\n<p>Kubala na wyrok zareagowa\u0142 bardzo emocjonalnie. Sw\u00f3j wpis na Facebooku oznaczy\u0142 jako po\u017cegnanie i podzi\u0119kowanie. Napisa\u0142: \u2013 Przegra\u0142em po 17 latach trudnej walki z wymiarem sprawiedliwo\u015bci, kt\u00f3ry potrafi cz\u0142owiekowi zniszczy\u0107 \u017cycie, ale nie potrafi i nie ma odwagi naprawi\u0107 wyrz\u0105dzonej wielomilionowej szkody. Skandaliczny wyrok S\u0105du Najwy\u017cszego skazuje mnie na gehenn\u0119 do ko\u0144ca \u017cycia z wielomilionowym d\u0142ugiem i komornikami na plecach. Jestem jednym z wielu tysi\u0119cy zniszczonych przez bezprawne dzia\u0142ania wymiaru sprawiedliwo\u015bci.<\/p>\n<p>gazeta.pl<\/p>\n","protected":false},"excerpt":{"rendered":"<p>Marek Kubala, biznesmen z Wa\u0142brzycha, nie dostanie od pa\u0144stwa rekordowego odszkodowania, kt\u00f3rego domaga\u0142 si\u0119 za utrat\u0119 maj\u0105tku i dobrego imienia. Jego kasacj\u0119 oddali\u0142 S\u0105d Najwy\u017cszy. Na poziomie krajowym to koniec sprawy, kt\u00f3r\u0105 \u015bledzi\u0142y tysi\u0105ce os\u00f3b. Marek Kubala za\u0142o\u017cy\u0142 m.in. ruch spo\u0142eczny Niepokonani, kt\u00f3ry walczy z pomy\u0142kami wymiaru sprawiedliwo\u015bci. By\u0142 te\u017c aktywny w mediach i portalach [&hellip;]<\/p>\n","protected":false},"author":2,"featured_media":0,"comment_status":"open","ping_status":"open","sticky":false,"template":"","format":"standard","meta":{"footnotes":""},"categories":[8],"tags":[12,114,13],"class_list":["post-2753","post","type-post","status-publish","format-standard","hentry","category-aktualnosci","tag-odszkodowanie","tag-sn","tag-zadoscuczynienie"],"_links":{"self":[{"href":"https:\/\/www.odszkodowania.info.pl\/index.php?rest_route=\/wp\/v2\/posts\/2753","targetHints":{"allow":["GET"]}}],"collection":[{"href":"https:\/\/www.odszkodowania.info.pl\/index.php?rest_route=\/wp\/v2\/posts"}],"about":[{"href":"https:\/\/www.odszkodowania.info.pl\/index.php?rest_route=\/wp\/v2\/types\/post"}],"author":[{"embeddable":true,"href":"https:\/\/www.odszkodowania.info.pl\/index.php?rest_route=\/wp\/v2\/users\/2"}],"replies":[{"embeddable":true,"href":"https:\/\/www.odszkodowania.info.pl\/index.php?rest_route=%2Fwp%2Fv2%2Fcomments&post=2753"}],"version-history":[{"count":1,"href":"https:\/\/www.odszkodowania.info.pl\/index.php?rest_route=\/wp\/v2\/posts\/2753\/revisions"}],"predecessor-version":[{"id":2754,"href":"https:\/\/www.odszkodowania.info.pl\/index.php?rest_route=\/wp\/v2\/posts\/2753\/revisions\/2754"}],"wp:attachment":[{"href":"https:\/\/www.odszkodowania.info.pl\/index.php?rest_route=%2Fwp%2Fv2%2Fmedia&parent=2753"}],"wp:term":[{"taxonomy":"category","embeddable":true,"href":"https:\/\/www.odszkodowania.info.pl\/index.php?rest_route=%2Fwp%2Fv2%2Fcategories&post=2753"},{"taxonomy":"post_tag","embeddable":true,"href":"https:\/\/www.odszkodowania.info.pl\/index.php?rest_route=%2Fwp%2Fv2%2Ftags&post=2753"}],"curies":[{"name":"wp","href":"https:\/\/api.w.org\/{rel}","templated":true}]}}