{"id":2823,"date":"2017-06-16T17:06:51","date_gmt":"2017-06-16T16:06:51","guid":{"rendered":"http:\/\/www.odszkodowania.info.pl\/?p=2823"},"modified":"2017-06-16T17:06:51","modified_gmt":"2017-06-16T16:06:51","slug":"jak-sprzedawano-dane-z-policyjnych-baz-nie-na-porsche-ani-brylanty","status":"publish","type":"post","link":"https:\/\/www.odszkodowania.info.pl\/?p=2823","title":{"rendered":"Jak sprzedawano dane z policyjnych baz. &#8222;Nie na Porsche, ani brylanty&#8221;"},"content":{"rendered":"<p>Ze sprzeda\u017cy policyjnych danych Marek M. uczyni\u0142 sobie \u017ar\u00f3d\u0142o niez\u0142ego dochodu. Za jedn\u0105 osob\u0119 otrzymywa\u0142 z regu\u0142y jakie\u015b 200 z\u0142. Od Wioletty P. zainkasowa\u0142 w sumie przesz\u0142o 50 tys. z\u0142. Ta, jako pracownica firmy odszkodowawczej, wiedzia\u0142a ju\u017c potem do kogo si\u0119 uda\u0107&#8230;<\/p>\n<p>W S\u0105dzie Okr\u0119gowym w Kielcach zapad\u0142 ju\u017c prawomocny wyrok w tej bulwersuj\u0105cej sprawie.<\/p>\n<p>51-letni Marek M., by\u0142y ju\u017c policjant wydzia\u0142u kontroli i ochrony informacji niejawnych Komendy Miejskiej Policji w Kielcach, zosta\u0142 skazany na 2 lata wi\u0119zienia w zawieszeniu na 5 lat. Ma te\u017c zap\u0142aci\u0107 grzywn\u0119 25 tys. z\u0142 i zwr\u00f3ci\u0107 pieni\u0105dze pochodz\u0105ce z przest\u0119pstwa. Kara dla Wioletty P., pracownicy znanej kancelarii odszkodowawczej, to 2 lata w zawieszeniu na 5 lat i 25 tys. z\u0142 grzywny.<\/p>\n<p>Prokuratura dla Marka M. domaga\u0142a si\u0119 w czwartek kary 2 lat bezwzgl\u0119dnego wi\u0119zienia.<\/p>\n<p>\u2013 S\u0105d nie podziela argumentu, \u017ce kara razi \u0142agodno\u015bci\u0105 \u2013 m\u00f3wi\u0142 jednak s\u0119dzia Marcin Cha\u0142o\u0144ski.<\/p>\n<p>Obro\u0144ca Maciej Sobczyk chcia\u0142 z\u0142agodzenia wyroku i ni\u017cszej grzywny.<\/p>\n<p>Proceder trwa\u0142 przez sze\u015b\u0107 lat \u2013 od stycznia 2009 roku. Za ka\u017cd\u0105 osob\u0119 bra\u0142 od kilkudziesi\u0119ciu do kilkuset z\u0142otych. Najcz\u0119\u015bciej by\u0142o to jakie\u015b 200 z\u0142 od osoby.<\/p>\n<p>\u2013 Jestem troch\u0119 rozczarowany, bo spodziewa\u0142em si\u0119, \u017ce okres pr\u00f3by b\u0119dzie kr\u00f3tszy. Oskar\u017cony w policji przepracowa\u0142 ponad 20 lat, by\u0142a to nienaganna s\u0142u\u017cba, i my\u015bleli\u015bmy, \u017ce s\u0105d to we\u017amie pod uwag\u0119. Ten cz\u0142owiek zosta\u0142 obj\u0119ty swego rodzaju infami\u0105 w \u015brodowisku policyjnym, straci\u0142 prac\u0119, straci pewnie \u015bwiadczenia [emerytur\u0119 \u2013 red.] \u2013 m\u00f3wi \u201eWyborczej\u201d adwokat.<br \/>\nKilkaset z\u0142otych za osob\u0119<\/p>\n<p>Policjant zosta\u0142 zatrzymany na pocz\u0105tku 2015 roku przez biuro spraw wewn\u0119trznych komendy g\u0142\u00f3wnej.<\/p>\n<p>Pracuj\u0105c w wydziale informacji niejawnych przekazywa\u0142 Wioletcie P. dane z policyjnych baz \u2013 m.in. Krajowego Systemu Informacji Policji, Systemu Ewidencji Wypadk\u00f3w i Kolizji. W sumie dotyczy\u0142y 224 os\u00f3b. Proceder trwa\u0142 przez sze\u015b\u0107 lat \u2013 od stycznia 2009 roku. Za ka\u017cd\u0105 osob\u0119 bra\u0142 od kilkudziesi\u0119ciu do kilkuset z\u0142otych. Najcz\u0119\u015bciej by\u0142o to jakie\u015b 200 z\u0142 od osoby.<\/p>\n<p>Z akt sprawy wynika, \u017ce mia\u0142 dost\u0119p do bazy wypadk\u00f3w i kolizji \u201eprawdopodobnie na ca\u0142y kraj\u201d.<\/p>\n<p>Jaros\u0142aw Lisowski, obecnie naczelnik wydzia\u0142u og\u00f3lnego KMP w Kielcach, zeznawa\u0142 w listopadzie w s\u0105dzie: \u2013 Do teraz w sumie nie mog\u0119 w to uwierzy\u0107. Nie potrafi\u0119 powiedzie\u0107, co mo\u017ce by\u0107 powodem tego, \u017ce zacz\u0105\u0142 si\u0119 tak zachowywa\u0107. Z tego co wiem, pieni\u0105dze z tego nie by\u0142y du\u017ce. To bez sensu.<br \/>\n\u201eD\u0142ugo si\u0119 zastanawia\u0142em&#8230;\u201d<\/p>\n<p>Sam Marek M. nie do ko\u0144ca potrafi\u0142 odnale\u017a\u0107 sens w swoich dzia\u0142aniach.<\/p>\n<p>Pod koniec zesz\u0142ego roku t\u0142umaczy\u0142 si\u0119: \u2013 D\u0142ugo si\u0119 zastanawia\u0142em, dlaczego to zrobi\u0142em. Rozmawia\u0142em z psychologiem, nie znam jednoznacznej odpowiedzi. Nie mo\u017cna tego usprawiedliwia\u0107, ale by\u0107 mo\u017ce jaki\u015b wp\u0142yw na to mia\u0142a moja sytuacja w pracy.<\/p>\n<p>Jak opowiada\u0142, w 2006 roku \u201eprzesta\u0142 by\u0107 prze\u0142o\u017conym\u201d. To mia\u0142o niebagatelny wp\u0142yw na niego.<\/p>\n<p>Wiadomo, \u017ce w poprzednich latach by\u0142 komendantem w Daleszycach.<\/p>\n<p>\u2013 Pierwsze lata pracy w kontroli wnosi\u0142y co\u015b nowego, czego\u015b nowego si\u0119 nauczy\u0142em. Czeka\u0142em na kontynuacj\u0119 tego, ale zawsze by\u0142em stawiany na bok \u2013 szuka\u0142 usprawiedliwienia dla samego siebie.<\/p>\n<p>I zapewnia\u0142: \u2013 Na pewno g\u0142\u00f3wnym powodem mojego zachowania nie by\u0142y pieni\u0105dze.<\/p>\n<p>Marek M. w s\u0105dzie twierdzi\u0142, \u017ce wiele os\u00f3b, do kt\u00f3rych dotar\u0142a firma ubezpieczeniowa, nie wiedzia\u0142o, \u017ce \u201emo\u017ce uzyska\u0107 wi\u0119ksze \u015bwiadczenia\u201d. Czyli de facto firma, kt\u00f3rej sprzedawa\u0142 dane, im pomog\u0142a.<br \/>\nNie na Porsche, ani brylanty<\/p>\n<p>Je\u015bli wierzy\u0107 55-letniej dzi\u015b Wioletcie P., prac\u0119 w znanej krakowskiej kancelarii odszkodowawczej zacz\u0119\u0142a z&#8230; konieczno\u015bci.<\/p>\n<p>\u2013 To nie by\u0142o tak, \u017ce wsta\u0142am pewnego dnia i stwierdzi\u0142am, \u017ce nie mam pieni\u0119dzy na Porsche, czy brylanty \u2013 t\u0142umaczy\u0142a obrazowo przed s\u0105dem. M\u0105\u017c pracowa\u0142, ale \u2013 jak stwierdzi\u0142a \u2013 \u201enie mia\u0142 g\u0142owy do interes\u00f3w\u201d. \u2013 Wzi\u0105\u0142 400 tysi\u0119cy kredytu i kiedy\u015b powiedzia\u0142, \u017ce nie ma za co zrobi\u0107 zakup\u00f3w dla rodziny \u2013 opowiada\u0142a podczas jednej z rozpraw.<\/p>\n<p>Sama zacz\u0119\u0142a szuka\u0107 pracy. Znalaz\u0142a j\u0105 przez internet. Na pocz\u0105tku sz\u0142o jej bardzo kiepsko. Ma\u0142o tego, musia\u0142a utrzymywa\u0107 dom, pomaga\u0142a synowi na studiach. Postanowi\u0142a zatem p\u00f3j\u015b\u0107 na skr\u00f3ty.<\/p>\n<p>I pom\u00f3c sobie w szukaniu klient\u00f3w.<\/p>\n<p>\u2013 Wiedzia\u0142am, \u017ce takie dane [o uczestnikach wypadk\u00f3w \u2013 red.] mo\u017cna uzyska\u0107 w szpitalach, od piel\u0119gniarek, od policji, zw\u0142aszcza z drog\u00f3wki \u2013 wyja\u015bnia\u0142a. Nawi\u0105za\u0142a wsp\u00f3\u0142prac\u0119 z Markiem M.<\/p>\n<p>\u2013 Zaproponowa\u0142am to [kupowanie danych \u2013 red.] panu M., a on si\u0119 zgodzi\u0142 \u2013 opowiada\u0142a. To by\u0142 prze\u0142om.<\/p>\n<p>W s\u0105dzie wspomni: \u2013 M\u0105\u017c mnie do\u0142owa\u0142, \u017ce nic nie potrafi\u0119, nic nie umiem, a ja uwierzy\u0142am w siebie.<br \/>\nProwizja: nawet 30 proc.<\/p>\n<p>Otrzymuj\u0105c informacj\u0119 o uczestnikach wypadk\u00f3w i kolizji drogowych, Wioletta P. mia\u0142a gotowych klient\u00f3w. Proponowa\u0142a im, \u017ce zdob\u0119dzie dla nich odszkodowanie. Pod koniec zesz\u0142ego roku w s\u0105dzie zeznawa\u0142 te\u017c przedstawiciel kancelarii, w kt\u00f3rej pracowa\u0142a. Wylicza\u0142, \u017ce pracownikom wyp\u0142acano prowizje \u2013 od 5 do 30 proc. netto wyp\u0142acanego odszkodowania.<\/p>\n<p>\u2013 Na przestrzeni lat nie zauwa\u017cy\u0142em, \u017ce zacz\u0119\u0142o jej \u201eprzybywa\u0107\u201d klient\u00f3w \u2013 przypomina\u0142 sobie przed s\u0105dem m\u0119\u017cczyzna.<\/p>\n<p>A potem, jak wynika z s\u0105dowych akt, doda\u0142: \u2013 Ja mam do niej zaufanie, jest dobrym pracownikiem, kompetentnym. Nie wiem, czy ten proceder by\u0142, ale ju\u017c si\u0119 sko\u0144czy\u0142. Mnie to w \u017caden spos\u00f3b nie przeszkadza.<\/p>\n<p>gazeta.pl<\/p>\n<p>Dodajmy, i\u017c Wioletta P. to agentka firmy Lege Artis z Krakowa, do dnia dzisiejszego wsp\u00f3\u0142pracuj\u0105ca z firm\u0105 pomimo prawomocnego wyroku skazuj\u0105cego za pope\u0142nione przest\u0119pstwa.<br \/>\nCzytaj tak\u017ce: <a href=\"http:\/\/www.odszkodowania.info.pl\/?p=2795\">Czytaj o firmie Lege Artis Halina Kowalska<\/a><\/p>\n","protected":false},"excerpt":{"rendered":"<p>Ze sprzeda\u017cy policyjnych danych Marek M. uczyni\u0142 sobie \u017ar\u00f3d\u0142o niez\u0142ego dochodu. Za jedn\u0105 osob\u0119 otrzymywa\u0142 z regu\u0142y jakie\u015b 200 z\u0142. Od Wioletty P. zainkasowa\u0142 w sumie przesz\u0142o 50 tys. z\u0142. Ta, jako pracownica firmy odszkodowawczej, wiedzia\u0142a ju\u017c potem do kogo si\u0119 uda\u0107&#8230; W S\u0105dzie Okr\u0119gowym w Kielcach zapad\u0142 ju\u017c prawomocny wyrok w tej bulwersuj\u0105cej sprawie. [&hellip;]<\/p>\n","protected":false},"author":2,"featured_media":0,"comment_status":"open","ping_status":"open","sticky":false,"template":"","format":"standard","meta":{"footnotes":""},"categories":[8],"tags":[139,12],"class_list":["post-2823","post","type-post","status-publish","format-standard","hentry","category-aktualnosci","tag-lege-artis","tag-odszkodowanie"],"_links":{"self":[{"href":"https:\/\/www.odszkodowania.info.pl\/index.php?rest_route=\/wp\/v2\/posts\/2823","targetHints":{"allow":["GET"]}}],"collection":[{"href":"https:\/\/www.odszkodowania.info.pl\/index.php?rest_route=\/wp\/v2\/posts"}],"about":[{"href":"https:\/\/www.odszkodowania.info.pl\/index.php?rest_route=\/wp\/v2\/types\/post"}],"author":[{"embeddable":true,"href":"https:\/\/www.odszkodowania.info.pl\/index.php?rest_route=\/wp\/v2\/users\/2"}],"replies":[{"embeddable":true,"href":"https:\/\/www.odszkodowania.info.pl\/index.php?rest_route=%2Fwp%2Fv2%2Fcomments&post=2823"}],"version-history":[{"count":1,"href":"https:\/\/www.odszkodowania.info.pl\/index.php?rest_route=\/wp\/v2\/posts\/2823\/revisions"}],"predecessor-version":[{"id":2824,"href":"https:\/\/www.odszkodowania.info.pl\/index.php?rest_route=\/wp\/v2\/posts\/2823\/revisions\/2824"}],"wp:attachment":[{"href":"https:\/\/www.odszkodowania.info.pl\/index.php?rest_route=%2Fwp%2Fv2%2Fmedia&parent=2823"}],"wp:term":[{"taxonomy":"category","embeddable":true,"href":"https:\/\/www.odszkodowania.info.pl\/index.php?rest_route=%2Fwp%2Fv2%2Fcategories&post=2823"},{"taxonomy":"post_tag","embeddable":true,"href":"https:\/\/www.odszkodowania.info.pl\/index.php?rest_route=%2Fwp%2Fv2%2Ftags&post=2823"}],"curies":[{"name":"wp","href":"https:\/\/api.w.org\/{rel}","templated":true}]}}