{"id":2833,"date":"2017-07-07T22:05:46","date_gmt":"2017-07-07T21:05:46","guid":{"rendered":"http:\/\/www.odszkodowania.info.pl\/?p=2833"},"modified":"2017-07-07T22:05:46","modified_gmt":"2017-07-07T21:05:46","slug":"zamienili-ich-po-porodzie-drzwi-do-rozwiazania-tej-zagadki-mogly-sie-zamknac-na-zawsze","status":"publish","type":"post","link":"https:\/\/www.odszkodowania.info.pl\/?p=2833","title":{"rendered":"Zamienili ich po porodzie. &#8222;Drzwi do rozwi\u0105zania tej zagadki mog\u0142y si\u0119 zamkn\u0105\u0107 na zawsze&#8221;"},"content":{"rendered":"<p>To by\u0142 cud. Do akt dotar\u0142am w \u015brod\u0119, a mia\u0142y by\u0107 zniszczone w pi\u0105tek \u2013 m\u00f3wi\u0142a Joanna, kt\u00f3ra 31 lat po porodzie dowiedzia\u0142a si\u0119, \u017ce w szpitalu podmieniono jej dziecko. Po miesi\u0105cach poszukiwa\u0144 dotar\u0142a do biologicznego syna. Teraz pozwa\u0142a skarb pa\u0144stwa za pomy\u0142k\u0119 sprzed lat. O tej historii powiedzieli tylko najbli\u017cszym. <\/p>\n<p>&#8211; Nie ma bardziej intymnej sprawy. Tu chodzi o poczucie pewno\u015bci, \u017ce si\u0119 kogo\u015b ma na tym \u015bwiecie. Ja tak my\u015bla\u0142em. Ale by\u0142em w b\u0142\u0119dzie \u2013 opowiada \u0141ukasz (imi\u0119 zmienione). <\/p>\n<p>Ca\u0142e swoje \u017cycie s\u0142ysza\u0142, \u017ce jest inny ni\u017c jego rodzice i dwie siostry. Nic dziwnego. Nie by\u0142 z nimi spokrewniony. Kilka godzin po tym, jak przyszed\u0142 na \u015bwiat, kto\u015b zamieni\u0142 go z innym ch\u0142opcem, kt\u00f3ry urodzi\u0142 si\u0119 tego samego dnia w szpitalu w Piotrkowie Trybunalskim (woj. \u0142\u00f3dzkie). <\/p>\n<p>W czwartek w \u0142\u00f3dzkim s\u0105dzie ruszy\u0142 proces. Joanna domaga si\u0119 p\u00f3\u0142 miliona z\u0142otych odszkodowania. Takiej samej kwoty chce te\u017c jej biologiczny syn \u2013 Mateusz. Sam W tej sprawie ka\u017cda rozmowa jest trudna. Przed sal\u0105 w \u0142\u00f3dzkim s\u0105dzie pojawi\u0142o si\u0119 sze\u015b\u0107 os\u00f3b: Joanna, dwie jej siostry, biologiczny syn Mateusz, biologiczna c\u00f3rka i on \u2013 \u0141ukasz. Chocia\u017c to on sp\u0119dzi\u0142 ca\u0142e swoje \u017cycie z tymi kobietami, to Mateusz czu\u0142 si\u0119 w tym gronie du\u017co lepiej. <\/p>\n<p>&#8211; Mam dwie rodziny. Z tamt\u0105 kontakt si\u0119 och\u0142odzi\u0142, ale przecie\u017c oni po\u015bwi\u0119cili mi ca\u0142e swoje \u017cycie. A to te\u017c moja rodzina. Nowa. Wystarczy na nas spojrze\u0107 \u2013 m\u00f3wi\u0142 Mateusz. <\/p>\n<p>Faktycznie \u2013 podobie\u0144stwo jest widoczne na pierwszy rzut oka. Te same rysy twarzy, ta sama gestykulacja i pewno\u015b\u0107 siebie. \u0141ukasz by\u0142 z boku. Przyzna\u0142, \u017ce od 2012 roku \u2013 kiedy pozna\u0142 swoj\u0105 histori\u0119 \u2013 wpad\u0142 w depresj\u0119. Musi si\u0119 leczy\u0107.<\/p>\n<p>Czytaj wi\u0119cej<br \/>\n<a href=\"http:\/\/www.tvn24.pl\/lodz,69\/proces-w-sprawie-dzieci-zamienionych-po-porodzie,754985.html\" target=\"_blank\">http:\/\/www.tvn24.pl\/lodz,69\/proces-w-sprawie-dzieci-zamienionych-po-porodzie,754985.html<\/a><\/p>\n","protected":false},"excerpt":{"rendered":"<p>To by\u0142 cud. Do akt dotar\u0142am w \u015brod\u0119, a mia\u0142y by\u0107 zniszczone w pi\u0105tek \u2013 m\u00f3wi\u0142a Joanna, kt\u00f3ra 31 lat po porodzie dowiedzia\u0142a si\u0119, \u017ce w szpitalu podmieniono jej dziecko. Po miesi\u0105cach poszukiwa\u0144 dotar\u0142a do biologicznego syna. Teraz pozwa\u0142a skarb pa\u0144stwa za pomy\u0142k\u0119 sprzed lat. O tej historii powiedzieli tylko najbli\u017cszym. &#8211; Nie ma bardziej [&hellip;]<\/p>\n","protected":false},"author":2,"featured_media":0,"comment_status":"open","ping_status":"open","sticky":false,"template":"","format":"standard","meta":{"footnotes":""},"categories":[8],"tags":[12,13],"class_list":["post-2833","post","type-post","status-publish","format-standard","hentry","category-aktualnosci","tag-odszkodowanie","tag-zadoscuczynienie"],"_links":{"self":[{"href":"https:\/\/www.odszkodowania.info.pl\/index.php?rest_route=\/wp\/v2\/posts\/2833","targetHints":{"allow":["GET"]}}],"collection":[{"href":"https:\/\/www.odszkodowania.info.pl\/index.php?rest_route=\/wp\/v2\/posts"}],"about":[{"href":"https:\/\/www.odszkodowania.info.pl\/index.php?rest_route=\/wp\/v2\/types\/post"}],"author":[{"embeddable":true,"href":"https:\/\/www.odszkodowania.info.pl\/index.php?rest_route=\/wp\/v2\/users\/2"}],"replies":[{"embeddable":true,"href":"https:\/\/www.odszkodowania.info.pl\/index.php?rest_route=%2Fwp%2Fv2%2Fcomments&post=2833"}],"version-history":[{"count":1,"href":"https:\/\/www.odszkodowania.info.pl\/index.php?rest_route=\/wp\/v2\/posts\/2833\/revisions"}],"predecessor-version":[{"id":2834,"href":"https:\/\/www.odszkodowania.info.pl\/index.php?rest_route=\/wp\/v2\/posts\/2833\/revisions\/2834"}],"wp:attachment":[{"href":"https:\/\/www.odszkodowania.info.pl\/index.php?rest_route=%2Fwp%2Fv2%2Fmedia&parent=2833"}],"wp:term":[{"taxonomy":"category","embeddable":true,"href":"https:\/\/www.odszkodowania.info.pl\/index.php?rest_route=%2Fwp%2Fv2%2Fcategories&post=2833"},{"taxonomy":"post_tag","embeddable":true,"href":"https:\/\/www.odszkodowania.info.pl\/index.php?rest_route=%2Fwp%2Fv2%2Ftags&post=2833"}],"curies":[{"name":"wp","href":"https:\/\/api.w.org\/{rel}","templated":true}]}}