{"id":2877,"date":"2017-10-26T16:44:44","date_gmt":"2017-10-26T15:44:44","guid":{"rendered":"http:\/\/www.odszkodowania.info.pl\/?p=2877"},"modified":"2017-10-26T16:44:44","modified_gmt":"2017-10-26T15:44:44","slug":"kolejne-pytanie-prawne-dotyczace-odpowiedzialnosci-z-oc","status":"publish","type":"post","link":"https:\/\/www.odszkodowania.info.pl\/?p=2877","title":{"rendered":"Kolejne pytanie prawne dotycz\u0105ce odpowiedzialno\u015bci z OC"},"content":{"rendered":"<p>Do S\u0105du Najwy\u017cszego (SN) wp\u0142yn\u0105\u0142 kolejny wniosek o podj\u0119cie uchwa\u0142y w sprawie odpowiedzialno\u015bci zak\u0142adu ubezpiecze\u0144 z OC posiadaczy pojazd\u00f3w mechanicznych. Zadaniem S\u0105du b\u0119dzie rozstrzygni\u0119cie, czy ubezpieczyciel odpowiada za szkody osobowe, do kt\u00f3rych dosz\u0142o podczas naprawy pojazdu w warsztacie, zwi\u0105zane z uszkodzeniem maszyny wynikaj\u0105cym z jej eksploatacji.<\/p>\n<p>W sprawie o sygnaturze III CZP 94\/17 SN odpowie na pytanie prawne o nast\u0119puj\u0105cej tre\u015bci: \u201eCzy za szkody powsta\u0142e na osobie w trakcie naprawy (diagnostyki) pojazdu w warsztacie, w czasie jego postoju z wy\u0142\u0105czonym silnikiem, a pozostaj\u0105ce w bezpo\u015brednim zwi\u0105zku przyczynowym z uszkodzeniem pojazdu wynikaj\u0105cym z jego eksploatacji, zak\u0142ad ubezpiecze\u0144, w kt\u00f3rym pojazd ten jest ubezpieczony w zakresie obowi\u0105zkowego ubezpieczenia odpowiedzialno\u015bci cywilnej za szkody zwi\u0105zane z jego ruchem, ponosi odpowiedzialno\u015b\u0107 na zasadzie ryzyka (art. 436 \u00a7 1 k.c. w zw. z art. 435 \u00a7 1 k.c.), czy te\u017c na zasadach og\u00f3lnych (art. 415 k.c.)?\u201d.<\/p>\n<p>Z pytaniem do SN zwr\u00f3ci\u0142 si\u0119 S\u0105d Apelacyjny w Poznaniu (sygn. akt I ACa 351\/17). Spraw\u0119 rozpatrzy trzyosobowy sk\u0142ad s\u0119dzi\u00f3w S\u0105du Najwy\u017cszego.<\/p>\n<p>Stany wegetatywne nadal nierozstrzygni\u0119te<\/p>\n<p>Na rozstrzygniecie wci\u0105\u017c oczekuje inne pytanie prawne dotycz\u0105ce odpowiedzialno\u015bci z OC ppm. zadane przez Rzecznika Finansowego. W kwietniu tego roku RzF zwr\u00f3ci\u0142 si\u0119 do S\u0105du o podj\u0119cie uchwa\u0142y rozstrzygaj\u0105cej, czy bliscy os\u00f3b \u017cyj\u0105cych, ale ci\u0119\u017cko poszkodowanych w wypadkach komunikacyjnych, mog\u0105 \u017c\u0105da\u0107 od ubezpieczyciela sprawcy wypadku wyp\u0142aty zado\u015b\u0107uczynienia. W g\u0142\u00f3wnej mierze chodzi o przypadki obejmuj\u0105ce tzw. stany termalne czy wegetatywne. To takie, w kt\u00f3rych poszkodowany \u017cyje, ale nie ma z nim \u017cadnego kontaktu lub jest on mocno ograniczony, a leczenie nie rokuje znacz\u0105cej poprawy. Z analiz RzF wynika, \u017ce s\u0105dy w podobnych sytuacjach maj\u0105 zupe\u0142nie rozbie\u017cne stanowiska.<\/p>\n<p>gu.com.pl<\/p>\n","protected":false},"excerpt":{"rendered":"<p>Do S\u0105du Najwy\u017cszego (SN) wp\u0142yn\u0105\u0142 kolejny wniosek o podj\u0119cie uchwa\u0142y w sprawie odpowiedzialno\u015bci zak\u0142adu ubezpiecze\u0144 z OC posiadaczy pojazd\u00f3w mechanicznych. Zadaniem S\u0105du b\u0119dzie rozstrzygni\u0119cie, czy ubezpieczyciel odpowiada za szkody osobowe, do kt\u00f3rych dosz\u0142o podczas naprawy pojazdu w warsztacie, zwi\u0105zane z uszkodzeniem maszyny wynikaj\u0105cym z jej eksploatacji. W sprawie o sygnaturze III CZP 94\/17 SN odpowie [&hellip;]<\/p>\n","protected":false},"author":2,"featured_media":0,"comment_status":"open","ping_status":"open","sticky":false,"template":"","format":"standard","meta":{"footnotes":""},"categories":[8],"tags":[22,148,114],"class_list":["post-2877","post","type-post","status-publish","format-standard","hentry","category-aktualnosci","tag-oc","tag-rzf","tag-sn"],"_links":{"self":[{"href":"https:\/\/www.odszkodowania.info.pl\/index.php?rest_route=\/wp\/v2\/posts\/2877","targetHints":{"allow":["GET"]}}],"collection":[{"href":"https:\/\/www.odszkodowania.info.pl\/index.php?rest_route=\/wp\/v2\/posts"}],"about":[{"href":"https:\/\/www.odszkodowania.info.pl\/index.php?rest_route=\/wp\/v2\/types\/post"}],"author":[{"embeddable":true,"href":"https:\/\/www.odszkodowania.info.pl\/index.php?rest_route=\/wp\/v2\/users\/2"}],"replies":[{"embeddable":true,"href":"https:\/\/www.odszkodowania.info.pl\/index.php?rest_route=%2Fwp%2Fv2%2Fcomments&post=2877"}],"version-history":[{"count":1,"href":"https:\/\/www.odszkodowania.info.pl\/index.php?rest_route=\/wp\/v2\/posts\/2877\/revisions"}],"predecessor-version":[{"id":2878,"href":"https:\/\/www.odszkodowania.info.pl\/index.php?rest_route=\/wp\/v2\/posts\/2877\/revisions\/2878"}],"wp:attachment":[{"href":"https:\/\/www.odszkodowania.info.pl\/index.php?rest_route=%2Fwp%2Fv2%2Fmedia&parent=2877"}],"wp:term":[{"taxonomy":"category","embeddable":true,"href":"https:\/\/www.odszkodowania.info.pl\/index.php?rest_route=%2Fwp%2Fv2%2Fcategories&post=2877"},{"taxonomy":"post_tag","embeddable":true,"href":"https:\/\/www.odszkodowania.info.pl\/index.php?rest_route=%2Fwp%2Fv2%2Ftags&post=2877"}],"curies":[{"name":"wp","href":"https:\/\/api.w.org\/{rel}","templated":true}]}}