{"id":2916,"date":"2018-02-13T19:18:59","date_gmt":"2018-02-13T18:18:59","guid":{"rendered":"http:\/\/www.odszkodowania.info.pl\/?p=2916"},"modified":"2018-02-13T19:18:59","modified_gmt":"2018-02-13T18:18:59","slug":"sad-apelacyjny-w-krakowie-utrzymal-wyrok-ws-zadoscuczynienia-dla-bylego-polityka-po","status":"publish","type":"post","link":"https:\/\/www.odszkodowania.info.pl\/?p=2916","title":{"rendered":"S\u0105d Apelacyjny w Krakowie utrzyma\u0142 wyrok ws. zado\u015b\u0107uczynienia dla by\u0142ego polityka PO"},"content":{"rendered":"<p>Krakowski S\u0105d Apelacyjny utrzyma\u0142 w mocy wyrok, przyznaj\u0105cy 120 tys. z\u0142 zado\u015b\u0107uczynienia dla by\u0142ego polityka PO Jana R. za internowanie w latach 80. i doznane z tego powodu krzywdy \u2013 poinformowano dzi\u015b w S\u0105dzie Apelacyjnym. Wnioskodawca otrzyma 95 tys. z\u0142, poniewa\u017c 25 tys. z\u0142 zas\u0105dzono mu ju\u017c wcze\u015bniej. <\/p>\n<p>S\u0105d Apelacyjny uzna\u0142, \u017ce stanowisko s\u0105du pierwszej instancji by\u0142o s\u0142uszne i prawid\u0142owe. Wyrok, kt\u00f3ry zapad\u0142 8 lutego, jest prawomocny.<\/p>\n<p>By\u0142y polityk PO na pocz\u0105tku lat 80. by\u0142 przewodnicz\u0105cym Niezale\u017cnego Zrzeszenia Student\u00f3w na Uniwersytecie Jagiello\u0144skim, a jesieni\u0105 1981 przewodnicz\u0105cym Komitetu Strajkowego NZS Uczelni Krakowskich. Zosta\u0142 zatrzymany 21 stycznia 1982 r., a nast\u0119pnie internowany.<\/p>\n<p>We wniosku domaga\u0142 si\u0119 zado\u015b\u0107uczynienia za niemal dziewi\u0119\u0107 dni sp\u0119dzonych w areszcie i 158 dni w o\u015brodku internowania w Za\u0142\u0119\u017cu, tj. 5 miesi\u0119cy i 17 dni pozbawienia wolno\u015bci &#8211; jak wyliczy\u0142 s\u0105d.<\/p>\n<p>Chcia\u0142 tak\u017ce odszkodowania m.in. za to, \u017ce ju\u017c po zwolnieniu z internowania przez 69 miesi\u0119cy nie m\u00f3g\u0142 pracowa\u0107. Nie m\u00f3g\u0142 realizowa\u0107 ani kariery naukowej, ani prawniczej, cho\u0107 na aplikacj\u0119 adwokack\u0105 dosta\u0142 si\u0119 ze znakomitym wynikiem. Jak wskazywa\u0142, w latach 80. by\u0142 inwigilowany, pods\u0142uchiwany, zatrzymywany, nak\u0142aniany do wyjazdu z kraju, mimo to nadal dzia\u0142a\u0142 w opozycji.<\/p>\n<p>We wniosku z\u0142o\u017conym w lutym 2017 r. w s\u0105dzie by\u0142y polityk chcia\u0142 zas\u0105dzenia za okres internowania: 259 tys. 303 z\u0142 jako zado\u015b\u0107uczynienie za doznane krzywdy oraz 290 tys. 697 z\u0142 odszkodowania za utracone zarobki &#8211; w sumie 550 tys. z\u0142 od Skarbu Pa\u0144stwa.<\/p>\n<p>Przed zako\u0144czeniem procesu pe\u0142nomocniczka Jana R. sprecyzowa\u0142a, \u017ce domaga si\u0119 on w sumie ponad 338 tys. z\u0142 za okres aresztowania i internowania oraz odszkodowania za okres, gdy nie m\u00f3g\u0142 by\u0107 zatrudniony (w wysoko\u015bci 69 razy \u015brednie wynagrodzenie).<br \/>\nWyrok S\u0105du Okr\u0119gowego<\/p>\n<p>We wrze\u015bniu 2017 r. S\u0105d Okr\u0119gowy w Krakowie uzna\u0142, \u017ce Janowi R. nale\u017cy si\u0119 zado\u015b\u0107uczynienie i kwota 120 tys. z\u0142 jest adekwatna do poniesionej krzywdy. Jak wskaza\u0142, Jan R. w komendzie milicji przy ul. Mogilskiej by\u0142 przetrzymywany w brudnej piwnicy bez okien, doprowadzany na nocne przes\u0142uchania, popychany, poni\u017cany, spotyka\u0142 si\u0119 z wyzwiskami i gro\u017abami.<\/p>\n<p>Podobnie podczas internowania w Za\u0142\u0119\u017cu by\u0142 przetrzymywany w ma\u0142ej celi z innymi internowanymi, co nie zapewnia\u0142o mu intymno\u015bci, przeszed\u0142 tam &#8222;\u015bcie\u017ck\u0119 zdrowia&#8221;, represyjne rewizje osobiste i akty poni\u017cania, co niekorzystnie odbi\u0142o si\u0119 na jego stanie zdrowia. Dlatego s\u0105d zas\u0105dzi\u0142 zado\u015b\u0107uczynienie.<\/p>\n<p>S\u0105d oddali\u0142 jednak roszczenia odszkodowawcze. Jak wskaza\u0142, odszkodowanie przys\u0142uguje jedynie za szkody wynik\u0142e z internowania. Wnioskodawca dochodzi\u0142 za\u015b szkody z okresu p\u00f3\u017aniejszego, tj. od pa\u017adziernika 1983 do czerwca 1989. Prokurator, kt\u00f3ry przyst\u0105pi\u0142 do sprawy, wskaza\u0142, \u017ce wnioskodawca mo\u017ce ew. dochodzi\u0107 odpowiedzialno\u015bci Skarbu Pa\u0144stwa za szkody wyrz\u0105dzone bezprawnym dzia\u0142aniem na drodze cywilnej.<\/p>\n<p>W 2010 r. s\u0105d przyzna\u0142 ju\u017c Janowi R. 25 tys. z\u0142 jako zado\u015b\u0107uczynienie za internowanie w czasie stanu wojennego. By\u0142a to maksymalna kwota, o jak\u0105 mog\u0142y si\u0119 stara\u0107 osoby internowane na podstawie ustawy z wrze\u015bnia 2007 r. P\u00f3\u017aniej zmieni\u0142y si\u0119 przepisy i zniesiono g\u00f3rn\u0105 granic\u0119 odszkodowania. Proces zosta\u0142 wznowiony w marcu 2017 r.<\/p>\n<p>Przed pierwsz\u0105 rozpraw\u0105 w procesie o zado\u015b\u0107uczynienie wnioskodawca Jan R. powiedzia\u0142, \u017ce jest to jego prywatny proces, na temat kt\u00f3rego nie chce si\u0119 wypowiada\u0107 i nie \u017cyczy sobie podawania jego nazwiska.<\/p>\n<p>onet.pl<\/p>\n","protected":false},"excerpt":{"rendered":"<p>Krakowski S\u0105d Apelacyjny utrzyma\u0142 w mocy wyrok, przyznaj\u0105cy 120 tys. z\u0142 zado\u015b\u0107uczynienia dla by\u0142ego polityka PO Jana R. za internowanie w latach 80. i doznane z tego powodu krzywdy \u2013 poinformowano dzi\u015b w S\u0105dzie Apelacyjnym. Wnioskodawca otrzyma 95 tys. z\u0142, poniewa\u017c 25 tys. z\u0142 zas\u0105dzono mu ju\u017c wcze\u015bniej. S\u0105d Apelacyjny uzna\u0142, \u017ce stanowisko s\u0105du pierwszej [&hellip;]<\/p>\n","protected":false},"author":2,"featured_media":0,"comment_status":"open","ping_status":"open","sticky":false,"template":"","format":"standard","meta":{"footnotes":""},"categories":[8],"tags":[12,13],"class_list":["post-2916","post","type-post","status-publish","format-standard","hentry","category-aktualnosci","tag-odszkodowanie","tag-zadoscuczynienie"],"_links":{"self":[{"href":"https:\/\/www.odszkodowania.info.pl\/index.php?rest_route=\/wp\/v2\/posts\/2916","targetHints":{"allow":["GET"]}}],"collection":[{"href":"https:\/\/www.odszkodowania.info.pl\/index.php?rest_route=\/wp\/v2\/posts"}],"about":[{"href":"https:\/\/www.odszkodowania.info.pl\/index.php?rest_route=\/wp\/v2\/types\/post"}],"author":[{"embeddable":true,"href":"https:\/\/www.odszkodowania.info.pl\/index.php?rest_route=\/wp\/v2\/users\/2"}],"replies":[{"embeddable":true,"href":"https:\/\/www.odszkodowania.info.pl\/index.php?rest_route=%2Fwp%2Fv2%2Fcomments&post=2916"}],"version-history":[{"count":1,"href":"https:\/\/www.odszkodowania.info.pl\/index.php?rest_route=\/wp\/v2\/posts\/2916\/revisions"}],"predecessor-version":[{"id":2917,"href":"https:\/\/www.odszkodowania.info.pl\/index.php?rest_route=\/wp\/v2\/posts\/2916\/revisions\/2917"}],"wp:attachment":[{"href":"https:\/\/www.odszkodowania.info.pl\/index.php?rest_route=%2Fwp%2Fv2%2Fmedia&parent=2916"}],"wp:term":[{"taxonomy":"category","embeddable":true,"href":"https:\/\/www.odszkodowania.info.pl\/index.php?rest_route=%2Fwp%2Fv2%2Fcategories&post=2916"},{"taxonomy":"post_tag","embeddable":true,"href":"https:\/\/www.odszkodowania.info.pl\/index.php?rest_route=%2Fwp%2Fv2%2Ftags&post=2916"}],"curies":[{"name":"wp","href":"https:\/\/api.w.org\/{rel}","templated":true}]}}