{"id":2988,"date":"2018-08-17T17:26:02","date_gmt":"2018-08-17T16:26:02","guid":{"rendered":"http:\/\/www.odszkodowania.info.pl\/?p=2988"},"modified":"2018-08-17T17:26:02","modified_gmt":"2018-08-17T16:26:02","slug":"fotoreporter-wyborczej-otrzyma-od-policji-5-tys-zl-zadoscuczynienia","status":"publish","type":"post","link":"https:\/\/www.odszkodowania.info.pl\/?p=2988","title":{"rendered":"Fotoreporter &#8222;Wyborczej&#8221; otrzyma od policji 5 tys. z\u0142 zado\u015b\u0107uczynienia"},"content":{"rendered":"<p>Grzegorz Celejewski, fotoreporter &#8222;Wyborczej&#8221;, we wrze\u015bniu 2017 roku zosta\u0142 nies\u0142usznie zatrzymany przez policj\u0119 przed stadionem Ruchu Chorz\u00f3w, bo nie wykona\u0142 polecenia ochroniarza i nie wy\u0142o\u017cy\u0142 na chodniku drogiego sprz\u0119tu fotograficznego. W pi\u0105tek S\u0105d Apelacyjny w Katowicach przyzna\u0142 mu 5 tys. z\u0142 zado\u015b\u0107uczynienia.<\/p>\n<p>14 wrze\u015bnia 2017 roku Celejewski mia\u0142 robi\u0107 dla \u201eWyborczej\u201d zdj\u0119cia na meczu Ruchu Chorz\u00f3w z GKS-em Tychy. Na parkingu przed stadionem podeszli do niego ochroniarze. Poprosili, \u017ceby pokaza\u0142, co ma w torbie. Reporter odpowiedzia\u0142, \u017ce ma drogi sprz\u0119t fotograficzny. Zapyta\u0142, gdzie ma go pokaza\u0107. Ochroniarze powiedzieli, \u017ceby wyci\u0105gn\u0105\u0142 aparaty i po\u0142o\u017cy\u0142 je na ziemi.<\/p>\n<p><strong>Noc w izbie zatrzyma\u0144<\/strong><\/p>\n<p>Celejewski odpar\u0142, \u017ce poka\u017ce sprz\u0119t, ale w odpowiednich warunkach. Ochroniarze nie chcieli s\u0142ucha\u0107. Stwierdzili, \u017ce je\u017celi fotoreporter nie poka\u017ce zawarto\u015bci torby, nie zostanie wpuszczony na stadion. Po chwili na miejsce przyjecha\u0142a policja. Podczas legitymowania fotoreporter pokaza\u0142 policjantom akredytacj\u0119 dziennikarsk\u0105, ale od jednego z funkcjonariuszy us\u0142ysza\u0142, \u017ce jest zatrzymany. Zosta\u0142 przewieziony w kajdankach na komisariat. Dowiedzia\u0142 si\u0119 tam, \u017ce z\u0142ama\u0142 przepisy ustawy o bezpiecze\u0144stwie imprez masowych. Ca\u0142\u0105 noc sp\u0119dzi\u0142 w policyjnej izbie zatrzyma\u0144.<\/p>\n<p><strong>Policja \u017c\u0105da\u0142a dw\u00f3ch lat zakazu uczestnictwa w imprezach masowych<\/strong><\/p>\n<p>Dzie\u0144 p\u00f3\u017aniej odby\u0142a si\u0119 rozprawa. Policja w akcie oskar\u017cenia za\u017c\u0105da\u0142a na\u0142o\u017cenia na naszego fotoreportera 2 tys. z\u0142 grzywny i dw\u00f3ch lat zakazu uczestniczenia w imprezach masowych. S\u0105d uniewinni\u0142 go od zarzut\u00f3w.<\/p>\n<p>S\u0119dzia uzna\u0142 m.in., \u017ce czynno\u015bci takie jak przegl\u0105danie zawarto\u015bci baga\u017cy powinny by\u0107 wykonywane w spos\u00f3b zapewniaj\u0105cy poszanowanie godno\u015bci ludzkiej oraz innych d\u00f3br osobistych osoby, w stosunku do kt\u00f3rej zosta\u0142y podj\u0119te. A wym\u00f3g ten w tym przypadku nie zosta\u0142 dochowany. Od wyroku policja z\u0142o\u017cy\u0142a jeszcze apelacj\u0119, ale zdaniem s\u0105du by\u0142a ona kompletnie chybiona.<\/p>\n<p>gazeta.pl <\/p>\n","protected":false},"excerpt":{"rendered":"<p>Grzegorz Celejewski, fotoreporter &#8222;Wyborczej&#8221;, we wrze\u015bniu 2017 roku zosta\u0142 nies\u0142usznie zatrzymany przez policj\u0119 przed stadionem Ruchu Chorz\u00f3w, bo nie wykona\u0142 polecenia ochroniarza i nie wy\u0142o\u017cy\u0142 na chodniku drogiego sprz\u0119tu fotograficznego. W pi\u0105tek S\u0105d Apelacyjny w Katowicach przyzna\u0142 mu 5 tys. z\u0142 zado\u015b\u0107uczynienia. 14 wrze\u015bnia 2017 roku Celejewski mia\u0142 robi\u0107 dla \u201eWyborczej\u201d zdj\u0119cia na meczu Ruchu [&hellip;]<\/p>\n","protected":false},"author":2,"featured_media":0,"comment_status":"open","ping_status":"open","sticky":false,"template":"","format":"standard","meta":{"footnotes":""},"categories":[8],"tags":[123,13],"class_list":["post-2988","post","type-post","status-publish","format-standard","hentry","category-aktualnosci","tag-policja","tag-zadoscuczynienie"],"_links":{"self":[{"href":"https:\/\/www.odszkodowania.info.pl\/index.php?rest_route=\/wp\/v2\/posts\/2988","targetHints":{"allow":["GET"]}}],"collection":[{"href":"https:\/\/www.odszkodowania.info.pl\/index.php?rest_route=\/wp\/v2\/posts"}],"about":[{"href":"https:\/\/www.odszkodowania.info.pl\/index.php?rest_route=\/wp\/v2\/types\/post"}],"author":[{"embeddable":true,"href":"https:\/\/www.odszkodowania.info.pl\/index.php?rest_route=\/wp\/v2\/users\/2"}],"replies":[{"embeddable":true,"href":"https:\/\/www.odszkodowania.info.pl\/index.php?rest_route=%2Fwp%2Fv2%2Fcomments&post=2988"}],"version-history":[{"count":1,"href":"https:\/\/www.odszkodowania.info.pl\/index.php?rest_route=\/wp\/v2\/posts\/2988\/revisions"}],"predecessor-version":[{"id":2989,"href":"https:\/\/www.odszkodowania.info.pl\/index.php?rest_route=\/wp\/v2\/posts\/2988\/revisions\/2989"}],"wp:attachment":[{"href":"https:\/\/www.odszkodowania.info.pl\/index.php?rest_route=%2Fwp%2Fv2%2Fmedia&parent=2988"}],"wp:term":[{"taxonomy":"category","embeddable":true,"href":"https:\/\/www.odszkodowania.info.pl\/index.php?rest_route=%2Fwp%2Fv2%2Fcategories&post=2988"},{"taxonomy":"post_tag","embeddable":true,"href":"https:\/\/www.odszkodowania.info.pl\/index.php?rest_route=%2Fwp%2Fv2%2Ftags&post=2988"}],"curies":[{"name":"wp","href":"https:\/\/api.w.org\/{rel}","templated":true}]}}