{"id":3017,"date":"2018-12-14T12:14:26","date_gmt":"2018-12-14T11:14:26","guid":{"rendered":"http:\/\/www.odszkodowania.info.pl\/?p=3017"},"modified":"2019-02-23T11:48:09","modified_gmt":"2019-02-23T10:48:09","slug":"legatis-pracownicy-i-klienci-skarza-sie-na-kancelarie-prawna-z-lublina","status":"publish","type":"post","link":"https:\/\/www.odszkodowania.info.pl\/?p=3017","title":{"rendered":"LEGATIS: Pracownicy i klienci skar\u017c\u0105 si\u0119 na kancelari\u0119 prawn\u0105 z Lublina"},"content":{"rendered":"\n<p class=\"has-medium-font-size\">Skargi klient\u00f3w i \u017c\u0105dania zap\u0142aty od pracownik\u00f3w &#8211; z takimi problemami mierzy si\u0119 jedna z kancelarii prawnych w Lublinie. Zatrudnieni m\u00f3wi\u0105 o nieprawid\u0142owo\u015bciach, szef unika odpowiedzi, a prokuratura prowadzi post\u0119powanie. <\/p>\n\n\n\n<p>W czwartek w siedzibie kancelarii w centrum Lublina interweniowa\u0142a policja. Funkcjonariuszy wezwa\u0142 by\u0142y pracownik, kt\u00f3ry poskar\u017cy\u0142 si\u0119, \u017ce prze\u0142o\u017cony stosuje wobec niego przemoc fizyczn\u0105.- Jecha\u0142em samochodem s\u0142u\u017cbowym. <\/p>\n\n\n\n<p>W trakcie jazdy Tomasz P. wy\u0142\u0105czy\u0142 mi silnik. Grozi\u0142o to wypadkiem. Przyszed\u0142em do firmy wyja\u015bni\u0107 t\u0119 sytuacj\u0119 &#8211; wyja\u015bnia Piotr, by\u0142y pracownik kancelarii. Na miejscu spotka\u0142 si\u0119 z Tomaszem P. Dosz\u0142o do k\u0142\u00f3tni, kt\u00f3ra przerodzi\u0142a si\u0119 w przepychank\u0119. Nast\u0119pnie pracownik wezwa\u0142 policj\u0119. Wszystkiemu winne emocje, kt\u00f3re w\u015br\u00f3d zatrudnionych w kancelarii narastaj\u0105 ju\u017c od kilku dni. <\/p>\n\n\n\n<p>&#8211; Dziesi\u0105tego min\u0105\u0142 termin wyp\u0142aty, a cz\u0119\u015b\u0107 z nas nadal nie dosta\u0142a pieni\u0119dzy. Zbli\u017caj\u0105 si\u0119 \u015bwi\u0119ta, ka\u017cdy ma swoje wydatki, a nie mam nawet z czego zap\u0142aci\u0107 za mieszkanie &#8211; skar\u017cy si\u0119 jeden z pracownik\u00f3w. W podobnej sytuacji jest wi\u0119cej os\u00f3b, kt\u00f3re przysz\u0142y przed siedzib\u0119 firmy. Siedem os\u00f3b z\u0142o\u017cy\u0142o wypowiedzenia i domaga si\u0119 wyp\u0142aty zaleg\u0142ych pensji. &#8211; Jeste\u015bmy zatrudnieni na umow\u0119 zlecenie, a pracujemy jak na pe\u0142ny etat. Czyli od poniedzia\u0142ku do pi\u0105tku od godz. 8 do 16 &#8211; przyznaje Joanna, kt\u00f3ra odpowiada\u0142a za kontakty z klientami. Dodaje, \u017ce zarzut\u00f3w pod adresem kancelarii jest znacznie wi\u0119cej.<\/p>\n\n\n\n<div class=\"wp-block-image\"><figure class=\"aligncenter\"><img fetchpriority=\"high\" decoding=\"async\" width=\"1024\" height=\"534\" src=\"http:\/\/www.odszkodowania.info.pl\/wp-content\/uploads\/20190124_155450m-1024x534.jpg\" alt=\"LEGATIS Lublin\" class=\"wp-image-3040\" srcset=\"https:\/\/www.odszkodowania.info.pl\/wp-content\/uploads\/20190124_155450m-1024x534.jpg 1024w, https:\/\/www.odszkodowania.info.pl\/wp-content\/uploads\/20190124_155450m-300x156.jpg 300w, https:\/\/www.odszkodowania.info.pl\/wp-content\/uploads\/20190124_155450m-768x400.jpg 768w\" sizes=\"(max-width: 1024px) 100vw, 1024px\" \/><figcaption>LEGATIS Lublin<\/figcaption><\/figure><\/div>\n\n\n\n<p>Wed\u0142ug by\u0142ych pracownik\u00f3w kancelarii, zdarza\u0142y si\u0119 przypadki oszukiwania klient\u00f3w. Na przyk\u0142ad, kiedy poszkodowany przyszed\u0142 po pojedyncz\u0105 porad\u0119 prawn\u0105 us\u0142ysza\u0142, \u017ce b\u0119dzie to go kosztowa\u0142o 300 z\u0142. Po podpisaniu umowy okaza\u0142o si\u0119, \u017ce wykupi\u0142 roczny abonament po 300 z\u0142 miesi\u0119cznie. Jednak nawet taka op\u0142ata nie gwarantuje odzyskania pieni\u0119dzy za odszkodowanie. Cz\u0119\u015b\u0107 klient\u00f3w skar\u017cy si\u0119, \u017ce firma owszem, wywalczy\u0142a pieni\u0105dze za ubezpieczenie, ale nie przela\u0142a ich na konto poszkodowanych. To powoduje frustracj\u0119. Pracownicy z kt\u00f3rymi rozmawiali\u015bmy twierdz\u0105, \u017ce nie ma dnia, \u017ceby do kancelarii nie przyszed\u0142 niezadowolony klient. <\/p>\n\n\n\n<p>Du\u017co negatywnych komentarzy pracownik\u00f3w mo\u017cna znale\u017a\u0107 na stronie najgorsza-praca.pl. W\u015br\u00f3d nich: \u201e<strong><em>Przetrzymuj\u0105 pieni\u0105dze, nie wyp\u0142acaj\u0105 zgodnie z umow\u0105<\/em><\/strong>\u201d i \u201e<strong><em>Radz\u0119 trzyma\u0107 si\u0119 z daleka. NIE P\u0141AC\u0104!<\/em><\/strong>\u201d. Z drugiej strony, nie brakuje te\u017c pozytywnych opinii: \u201eBardzo dobrze wspominam nasz\u0105 wsp\u00f3\u0142prac\u0119\u201d &#8211; napisa\u0142 Dawid. \u201eDzi\u0119ki kancelarii uzyska\u0142em odszkodowanie\u201d &#8211; stwierdzi\u0142 Darek.<\/p>\n\n\n\n<p>Firma ma siedzib\u0119 w Lublinie, gdzie pracuje kilkana\u015bcie os\u00f3b, ale przedstawicieli handlowych ma w ca\u0142ej Polsce. Formalnie prezesem sp\u00f3\u0142ki jest Aneta P., ale faktycznie dzia\u0142alno\u015bci\u0105 kieruje prokurent Tomasz P. To w\u0142a\u015bnie jego zapytali\u015bmy o domniemane nieprawid\u0142owo\u015bci w firmie. &#8211; Takie sytuacje nie mia\u0142y miejsca &#8211; stwierdzi\u0142 Tomasz P. Zastrzeg\u0142, \u017ce nie ma dowod\u00f3w na jakiekolwiek oszustwa. Odm\u00f3wi\u0142 odpowiedzi na kolejne pytania i zako\u0144czy\u0142 rozmow\u0119.<\/p>\n\n\n\n<p>W czwartek byli zatrudnieni z\u0142o\u017cyli skarg\u0119 do Pa\u0144stwowej Inspekcji Pracy. Zastanawiaj\u0105 si\u0119 nad wytoczeniem firmie procesu zbiorowego. Pan Piotr, kt\u00f3ry rano zawiadomi\u0142 policj\u0119 o przepychance w kancelarii, r\u00f3wnie\u017c rozwa\u017ca zg\u0142oszenie sprawy do s\u0105du.<\/p>\n\n\n\n<p>&#8211; Pan nie dozna\u0142 \u017cadnych obra\u017ce\u0144, otrzyma\u0142 informacj\u0119 w jaki spos\u00f3b mo\u017ce dochodzi\u0107 swoich roszcze\u0144 &#8211; informuje nadkom. Renata Laszczka-Rusek, rzecznik KWP w Lublinie. Post\u0119powanie karne dotycz\u0105ce dzia\u0142alno\u015bci kancelarii prowadzi Prokuratura Rejonowa Lublin-P\u00f3\u0142noc.<\/p>\n\n\n\n<p><a href=\"https:\/\/kurierlubelski.pl\/pracownicy-i-klienci-skarza-sie-na-kancelarie-prawna-z-lublina\/ar\/13740834\/2\">Czytaj wi\u0119cej:  https:\/\/kurierlubelski.pl\/pracownicy-i-klienci-skarza-sie-na-kancelarie-prawna-z-lublina\/ar\/13740834\/2<\/a><\/p>\n","protected":false},"excerpt":{"rendered":"<p>Skargi klient\u00f3w i \u017c\u0105dania zap\u0142aty od pracownik\u00f3w &#8211; z takimi problemami mierzy si\u0119 jedna z kancelarii prawnych w Lublinie. Zatrudnieni m\u00f3wi\u0105 o nieprawid\u0142owo\u015bciach, szef unika odpowiedzi, a prokuratura prowadzi post\u0119powanie. W czwartek w siedzibie kancelarii w centrum Lublina interweniowa\u0142a policja. Funkcjonariuszy wezwa\u0142 by\u0142y pracownik, kt\u00f3ry poskar\u017cy\u0142 si\u0119, \u017ce prze\u0142o\u017cony stosuje wobec niego przemoc fizyczn\u0105.- Jecha\u0142em [&hellip;]<\/p>\n","protected":false},"author":2,"featured_media":0,"comment_status":"open","ping_status":"open","sticky":false,"template":"","format":"standard","meta":{"footnotes":""},"categories":[8,45],"tags":[155,12,13],"class_list":["post-3017","post","type-post","status-publish","format-standard","hentry","category-aktualnosci","category-artykul-glowny","tag-legatis","tag-odszkodowanie","tag-zadoscuczynienie"],"_links":{"self":[{"href":"https:\/\/www.odszkodowania.info.pl\/index.php?rest_route=\/wp\/v2\/posts\/3017","targetHints":{"allow":["GET"]}}],"collection":[{"href":"https:\/\/www.odszkodowania.info.pl\/index.php?rest_route=\/wp\/v2\/posts"}],"about":[{"href":"https:\/\/www.odszkodowania.info.pl\/index.php?rest_route=\/wp\/v2\/types\/post"}],"author":[{"embeddable":true,"href":"https:\/\/www.odszkodowania.info.pl\/index.php?rest_route=\/wp\/v2\/users\/2"}],"replies":[{"embeddable":true,"href":"https:\/\/www.odszkodowania.info.pl\/index.php?rest_route=%2Fwp%2Fv2%2Fcomments&post=3017"}],"version-history":[{"count":2,"href":"https:\/\/www.odszkodowania.info.pl\/index.php?rest_route=\/wp\/v2\/posts\/3017\/revisions"}],"predecessor-version":[{"id":3041,"href":"https:\/\/www.odszkodowania.info.pl\/index.php?rest_route=\/wp\/v2\/posts\/3017\/revisions\/3041"}],"wp:attachment":[{"href":"https:\/\/www.odszkodowania.info.pl\/index.php?rest_route=%2Fwp%2Fv2%2Fmedia&parent=3017"}],"wp:term":[{"taxonomy":"category","embeddable":true,"href":"https:\/\/www.odszkodowania.info.pl\/index.php?rest_route=%2Fwp%2Fv2%2Fcategories&post=3017"},{"taxonomy":"post_tag","embeddable":true,"href":"https:\/\/www.odszkodowania.info.pl\/index.php?rest_route=%2Fwp%2Fv2%2Ftags&post=3017"}],"curies":[{"name":"wp","href":"https:\/\/api.w.org\/{rel}","templated":true}]}}