{"id":3035,"date":"2019-02-13T19:37:59","date_gmt":"2019-02-13T18:37:59","guid":{"rendered":"http:\/\/www.odszkodowania.info.pl\/?p=3035"},"modified":"2019-02-13T19:38:01","modified_gmt":"2019-02-13T18:38:01","slug":"zmiany-w-przepisach-o-kancelariach-odszkodowawczych-uderza-w-poszkodowanych","status":"publish","type":"post","link":"https:\/\/www.odszkodowania.info.pl\/?p=3035","title":{"rendered":"Zmiany w przepisach o kancelariach odszkodowawczych uderz\u0105 w poszkodowanych"},"content":{"rendered":"\n<p>Sejmowa komisja przerwa\u0142a pierwsze  czytanie senackiego projektu reguluj\u0105cego rynek kancelarii  odszkodowawczych do czasu przedstawienia opinii przez rz\u0105d.  Przedstawicielka Ministerstwa Sprawiedliwo\u015bci wskaza\u0142a, \u017ce projekt  wymaga powa\u017cnych korekt. Pos\u0142owie, zar\u00f3wno PiS jak i opozycji  podkre\u015blali, \u017ce zyskaj\u0105 na nim tylko ubezpieczyciele. Je\u015bli zostanie  uchwalony zaszkodzi poszkodowanym, a tak\u017ce utrudni bezgot\u00f3wkowe  naprawienie samochod\u00f3w po wypadkach. <\/p>\n\n\n\n<p>W \u015brod\u0119, 13 lutego&nbsp; w sejmowej Komisji Sprawiedliwo\u015bci i Praw \nCz\u0142owieka rozpocz\u0119\u0142o si\u0119 pierwsze czytanie&nbsp; projektu ustawy o \n\u015bwiadczeniu us\u0142ug w zakresie dochodzenia roszcze\u0144 odszkodowawczych. \nPrzygotowa\u0142a go senacka Komisja Bud\u017cetu i Finans\u00f3w Publicznych, z \ninicjatywy jej przewodnicz\u0105cego Grzegorz Biereckiego, senatora PiS. Jego\n zdaniem ucywilizuje on rynek kancelarii odszkodowawczych, kt\u00f3re \u017ceruj\u0105 \nna ludzkim nieszcz\u0119\u015bciu, pobieraj\u0105 wysokie prowizje, podk\u0142adaj\u0105 do \npodpisania umowy na SOR, czy w domach pogrzebowych.<\/p>\n\n\n\n<p><strong>Projekt przewiduje, \u017ce kwota wynagrodzenia za us\u0142ugi doradcy \nnie mo\u017ce by\u0107 wy\u017csza ni\u017c 20 proc. uzyskanej rekompensaty. Zakazuje te\u017c \nbezpo\u015bredniej akwizycji&nbsp;lub reklamy&nbsp;us\u0142ug doradztwa odszkodowawczego, a \ntak\u017ce prowadzenia ich&nbsp;w miejscu udzielania \u015bwiadcze\u0144 zdrowotnych, w \nkaretkach, domach pogrzebowych, na cmentarzach,&nbsp;budynkach u\u017cyteczno\u015bci \npublicznej, w szczeg\u00f3lno\u015bci w urz\u0119d\u00f3w, s\u0105d\u00f3w, prokuratury. Nie b\u0119dzie \nmo\u017cna te\u017c jej prowadzi\u0107 w miejscu zamieszkania poszkodowanego lub jego \nnajbli\u017cszej rodziny. Przewiduje te\u017c, \u017ce nie b\u0119dzie mo\u017cna przenie\u015b\u0107 \nwierzytelno\u015bci z tytu\u0142u czyn\u00f3w niedozwolonych na doradc\u0119 lub osob\u0119 \ntrzeci\u0105. <\/strong><\/p>\n\n\n\n<p>Te dwa ostatnie przepisy wzbudzi\u0142y najwi\u0119ksze kontrowersje w\u015br\u00f3d  obecnych na posiedzeniu pos\u0142\u00f3w, a tak\u017ce fakt, \u017ce inicjatorem projektu  jest senator, kt\u00f3ry by\u0142 szefem SKOK-Ubezpieczenia, i przewodniczy radzie  nadzorczej firmy ubezpieczeniowej Saltus TUW. Pierwsze czytanie zosta\u0142o  jednak przerwane na wniosek Stanis\u0142awa Piotrowicza, pos\u0142a PiS i  przewodnicz\u0105cego komisji, do czasu przedstawienia opinii przez rz\u0105d. W  praktyce przygotuje je Ministerstwo Sprawiedliwo\u015bci. Obecna na  posiedzeniu Agnieszka Go\u0142aszewska z Departamentu Legislacyjnego Prawa  Cywilnego MS powiedzia\u0142a, \u017ce resort jest w trakcie przygotowywania  ostatecznego stanowiska. Zaznaczy\u0142a jednak, \u017ce projekt wymaga powa\u017cnych  korekt. Taka wypowied\u017a zdziwi\u0142a Grzegorza Biereckiego. Wskaza\u0142 on, \u017ce  podczas prac w Senacie wiceminister sprawiedliwo\u015bci \u2013 Marcin Warcho\u0142 &#8211;  popiera\u0142 projekt.<\/p>\n\n\n\n<h2 class=\"wp-block-heading\"> Kontrowersyjna cesja <\/h2>\n\n\n\n<p>Zgodnie z art. 9. Projektu nie mo\u017cna przenie\u015b\u0107 wierzytelno\u015bci z \ntytu\u0142u czyn\u00f3w niedozwolonych na doradc\u0119 lub osob\u0119 trzeci\u0105. Agnieszka \nGo\u0142aszewska wskaza\u0142a, \u017ce <strong>tak og\u00f3lny zakaz cesji budzi powa\u017cne w\u0105tpliwo\u015bci<\/strong>.<\/p>\n\n\n\n<p>\u2013 Roszczenia z tytu\u0142u czyn\u00f3w niedozwolonych nie dotycz\u0105 tylko szk\u00f3d \nkomunikacyjnych. To te\u017c inne sprawy, np. szkody wyrz\u0105dzenie przez osoby \nznajduj\u0105ce si\u0119 pod nadzorem, dzia\u0142aniem funkcjonariusze publicznego. Nie\n wszystkie one s\u0105 dochodzone przed zak\u0142adami ubezpieczeniowymi \u2013 \npodkre\u015bla\u0142a Agnieszka Go\u0142aszewska.<br>\nAleksander Daszewski, radca prawny w biurze Rzecznika Finansowego, wskaza\u0142 wprost, \u017ce <strong>wprowadzenie&nbsp;zakazu cesji w demokratycznym pa\u0144stwie prawa to rozwi\u0105zanie absurdalne<\/strong>.\n \u2013 Dlaczego obywatel nie ma prawa zby\u0107 swojego d\u0142ugu? Powinien mie\u0107 tak\u0105\n mo\u017cliwo\u015b\u0107, gdy nie ma sam czasu na zajmowanie si\u0119 spraw\u0105 \u2013 t\u0142umaczy\u0142 \nDaszewski.<\/p>\n\n\n\n<p>Pos\u0142owie pytali wprost, czy taki zapis nie zablokuje bezgot\u00f3wkowej  naprawy samochod\u00f3w.\u00a0 Senator Bierecki zapewnia\u0142, \u017ce ta regulacja nie  zniszczy dotychczasowego sposobu napraw powypadkowych, nie zmieni nic w  dzia\u0142alno\u015bci bran\u017cy warsztatowej. \u2013 Z danych Polskiego Biura  Ubezpieczycieli Komunikacyjnych wynika, \u017ce obecnie wi\u0119kszo\u015b\u0107  powypadkowych napraw \u2013 ponad 95 proc. &#8211; odbywa si\u0119 w warsztatach, kt\u00f3re  maj\u0105 podpisane umowy z ubezpieczycielami. W takiej sytuacji nie ma  konieczno\u015bci cesji. Jedynie od 3 do 5 proc. zdarze\u0144 jest realizowanych  przez cesje, reszta to na podstawie upowa\u017cnienia \u2013 t\u0142umaczy\u0142 Grzegorz  Bierecki. Problem w tym, \u017ce to poszkodowany b\u0119dzie m\u00f3g\u0142 odebra\u0107 wprost  pieni\u0105dze, a nie warsztat. O  problemie pisa\u0142 w Prawo.pl Pawe\u0142 Tuzinek, radca prawny Zwi\u0105zku Dealer\u00f3w  Samochod\u00f3w, prezes Stowarzyszenia Prawnik\u00f3w Rynku Motoryzacyjnego. &#8211; <strong>Je\u017celi  wejdzie &#8222;zakaz cesji&#8221; to cofniemy si\u0119 do pocz\u0105tku lat 90, poniewa\u017c  \u017caden warsztat nie b\u0119dzie klientowi prowadzi\u0142 naprawy z tym ryzykiem, \u017ce  klient we\u017amie pieni\u0105dze do r\u0119ki. Klienci wi\u0119c b\u0119d\u0105 musieli przedp\u0142aca\u0107 z  g\u00f3ry na napraw\u0119 <\/strong>\u2013 uwa\u017ca radca prawny Pawe\u0142 Tuzinek.<\/p>\n\n\n\n<p>Obecnie klient, kt\u00f3rego auto zosta\u0142o uszkodzone w wypadku przyje\u017cd\u017ca  do warsztatu,\u00a0zleca mu napraw\u0119 i jednocze\u015bnie zbywa przys\u0142uguj\u0105ce mu do  ubezpieczyciela roszczenie na warsztat. Jako \u017ce ubezpieczyciele maj\u0105 w  zwyczaju nie dop\u0142aca\u0107 do naprawy jakie\u015b niskie kwoty, po kt\u00f3re nie  op\u0142aca si\u0119 klientowi i\u015b\u0107 do s\u0105du, taka cesja jest konieczna. Warsztat  dokonuje naprawy wed\u0142ug tego co si\u0119 nale\u017cy klientowi zgodnie z  przepisami \/ umow\u0105 ubezpieczenia, a jak jest jaka\u015b niedop\u0142ata, to sam  idzie do s\u0105du przeciwko ubezpieczycielowi jako uprawniony.<\/p>\n\n\n\n<h2 class=\"wp-block-heading\">Zakaz reklamy i akwizycji<\/h2>\n\n\n\n<p>Zgodnie z projektem zakazana b\u0119dzie bezpo\u015brednia akwizycja lub \nreklama us\u0142ug doradztwa odszkodowawczego, a tak\u017ce prowadzona w miejscu \nudzielania \u015bwiadcze\u0144 zdrowotnych, w karetkach, domach pogrzebowych, na \ncmentarzach,&nbsp; budynkach u\u017cyteczno\u015bci publicznej, w szczeg\u00f3lno\u015bci w \nurz\u0119d\u00f3w, s\u0105d\u00f3w, prokuratury. Nie b\u0119dzie mo\u017cna te\u017c jej prowadzi\u0107 w \nmiejscu zamieszkania poszkodowanego lub jego najbli\u017cszej rodziny.&nbsp; <strong>Kamila\n Gasiuk-Pihowicz, pos\u0142anka PO, zapyta\u0142a wprost, gdzie poszkodowany \nb\u0119dzie m\u00f3g\u0142 podpisa\u0107 umow\u0119. Grzegorz Bierecki odpowiedzia\u0142, \u017ce w biurze \nkancelarii odszkodowawczej. <\/strong>\u2013 Je\u017celi&nbsp; kto\u015b nie mo\u017ce przyj\u015b\u0107, \nmo\u017ce to uczyni\u0107 przez jej pe\u0142nomocnika \u2013 odpowiedzia\u0142 Grzegorz Bierecki.\n I doda\u0142, \u017ce regulacja dotycz\u0105ca reklamy w rozumieniu senator\u00f3w powinna \nby\u0107 zbli\u017cona do tych dotycz\u0105cych innych zawod\u00f3w prawniczych. &#8211; Patrzymy \nna kancelarie odszkodowawcze jak na podmioty, kt\u00f3re w rzeczywisto\u015bci \n\u015bwiadcz\u0105 us\u0142ug\u0119 prawn\u0105. Skoro adwokaci nie mog\u0105 si\u0119 reklamowa\u0107, to te \nsame regu\u0142y gry wprowadzamy dla kancelarii. One dzia\u0142aj\u0105 na tym samym \nrynku. Dlatego to ograniczenie uwa\u017camy za sprawiedliwe i w\u0142a\u015bciwe &#8211; \npodkre\u015bla\u0142 Bierecki.<\/p>\n\n\n\n<p>Aleksander Daszewski uwa\u017ca jednak, \u017ce takie ograniczenie w \nprowadzeniu dzia\u0142alno\u015bci&nbsp;gospodarczej jest zbyt daleko id\u0105ce. &#8211; To jest \ntak, jakby\u015bmy zakazali ubezpieczycielom akwizycji, bo wciska\u0142y \npolisolokaty \u2013 t\u0142umaczy\u0142 obrazowo Daszewski. Ireneusz Zyska, pose\u0142 PiS, \nradca prawny t\u0142umaczy\u0142, \u017ce <strong>je\u015bli akwizycja zostanie zakazana, to\n praktycznie wyeliminuje kancelarie odszkodowawcze z rynku, co zaszkodzi\n poszkodowanym, a pomo\u017ce ubezpieczycielom.<\/strong><\/p>\n\n\n\n<h2 class=\"wp-block-heading\">Pomoc dla ubezpieczycieli<\/h2>\n\n\n\n<p>Pos\u0142owie, kt\u00f3rzy zabrali g\u0142os podczas posiedzenia komisji, nie mieli  w\u0105tpliwo\u015bci, \u017ce projekt w takim kszta\u0142cie wzmocni jedynie zak\u0142ady  ubezpiecze\u0144. Dlaczego? &#8211; Mia\u0142em zaszczyt reprezentowa\u0107 w s\u0105dach osoby  poszkodowane. St\u0105d wiem, \u017ce za\u0142o\u017cenia projektu s\u0105 fa\u0142szywe. Nie maj\u0105  wiele wsp\u00f3lnego z rzeczywisto\u015bci\u0105. Powszechn\u0105\u00a0praktyk\u0105 jest to, \u017ce firmy  ubezpieczeniowe zani\u017caj\u0105 odszkodowania dla os\u00f3b poszkodowanych, \u015brednio  trzy, czterokrotnie, ale zdarza si\u0119, \u017ce nawet dziesi\u0119ciokrotnie. Osoby  poszkodowane zwykle s\u0105 biedne, nie sta\u0107 ich\u00a0na wniesienie op\u0142at  s\u0105dowych. Pomoc im zapewniaj\u0105 w\u0142a\u015bnie mi\u0119dzy innymi kancelarie  odszkodowawcze. Te dominuj\u0105ce na rynku s\u0105 zrzeszone w izbach, kt\u00f3re  powsta\u0142y by wyeliminowa\u0107 negatywne zjawiska. By do nich przyst\u0105pi\u0107  trzeba przestrzega\u0107 kodeksu etyki. Je\u015bli ten projekt zostanie przyj\u0119ty w  takiej formie, \u015bmiem twierdzi\u0107, \u017ce zniszczy bran\u017ce profesjonalnej  pomocy, na czym zyskaj\u0105 tylko firmy ubezpieczeniowe \u2013 przekonywa\u0142  Ireneusz Zyska. Doda\u0142, \u017ce zale\u017cy mu na tym, aby rynek by\u0142 profesjonalny,  by \u015bwiadcz\u0105cy takie us\u0142ugi wykazywali si\u0119 etyk\u0105, taktem. &#8211; To nie jest  zwyk\u0142a dzia\u0142alno\u015b\u0107, na pewno trzeba j\u0105 uregulowa\u0107, ale ta ustawa idzie w  z\u0142ym kierunku. Zabije bran\u017ce, ale najbardziej zaszkodzi osobom  poszkodowanym &#8211; m\u00f3wi\u0142 Ireneusz Zyska.<br><\/p>\n\n\n\n<p>Aleksander Daszewski jego wyst\u0105pienie popar\u0142 liczbami. <strong>Z danych  Ministerstwa Sprawiedliwo\u015bci wynika, \u017ce w ostatnich latach do s\u0105d\u00f3w  skierowano ok. 180 tys. spraw przeciwko ubezpieczycielom dotycz\u0105cych  OC,\u00a0 z tego 90 proc. jest wygrywanych przez cesjonariuszy. Do RF rocznie  na ubezpieczyli wp\u0142ywa do 14 tys. do 16 tys. spraw rocznie, a na  kancelarie odszkodowawcze od 5 do 10. <\/strong><\/p>\n\n\n\n<p>Grzegorz Bierecki podkre\u015bla\u0142, \u017ce rzecznik nie mo\u017ce rozpatrywa\u0107 skarg \nna kancelarie, wiec to tylko b\u0142\u0119dnie skierowane skargi. &#8211; To same \nzak\u0142ady wyhodowa\u0142y swoich adwersarzy, bo zani\u017caj\u0105 wysoko\u015b\u0107 odszkodowania\n \u2013 podkre\u015bla\u0142 Daszewski.<\/p>\n\n\n\n<p>Kamila Gasiuk-Pihowicz pyta\u0142a te\u017c dlaczego\u00a0inicjatorem projektu jest  osoba, kt\u00f3ra by\u0142a szefem SKOK-Ubezpieczenia. Z kolei jej kolega klubowy  Arkadiusz Myrcha zauwa\u017cy\u0142, \u017ce senator Bierecki przewodniczy radzie  nadzorczej firmy ubezpieczeniowej Saltus TUW, kt\u00f3ra b\u0119dzie beneficjentem  ustawy. Grzegorz Bierecki odpowiedzia\u0142, \u017ce fakt, \u017ce jest zwi\u0105zany z  bran\u017c\u0105 finansow\u0105 jest powszechnie znany, a zajmuje si\u0119 tym projektem,  bo\u00a0 si\u0119 na tym zna, wie o czym m\u00f3wi i nie ulega emocjonalnym  wyst\u0105pieniom, kt\u00f3re nie s\u0105 prawdziwe.<\/p>\n\n\n\n<p>prawo.pl<\/p>\n","protected":false},"excerpt":{"rendered":"<p>Sejmowa komisja przerwa\u0142a pierwsze czytanie senackiego projektu reguluj\u0105cego rynek kancelarii odszkodowawczych do czasu przedstawienia opinii przez rz\u0105d. Przedstawicielka Ministerstwa Sprawiedliwo\u015bci wskaza\u0142a, \u017ce projekt wymaga powa\u017cnych korekt. Pos\u0142owie, zar\u00f3wno PiS jak i opozycji podkre\u015blali, \u017ce zyskaj\u0105 na nim tylko ubezpieczyciele. Je\u015bli zostanie uchwalony zaszkodzi poszkodowanym, a tak\u017ce utrudni bezgot\u00f3wkowe naprawienie samochod\u00f3w po wypadkach. W \u015brod\u0119, 13 [&hellip;]<\/p>\n","protected":false},"author":2,"featured_media":0,"comment_status":"open","ping_status":"open","sticky":false,"template":"","format":"standard","meta":{"footnotes":""},"categories":[8,45],"tags":[156,12,13],"class_list":["post-3035","post","type-post","status-publish","format-standard","hentry","category-aktualnosci","category-artykul-glowny","tag-cesja","tag-odszkodowanie","tag-zadoscuczynienie"],"_links":{"self":[{"href":"https:\/\/www.odszkodowania.info.pl\/index.php?rest_route=\/wp\/v2\/posts\/3035","targetHints":{"allow":["GET"]}}],"collection":[{"href":"https:\/\/www.odszkodowania.info.pl\/index.php?rest_route=\/wp\/v2\/posts"}],"about":[{"href":"https:\/\/www.odszkodowania.info.pl\/index.php?rest_route=\/wp\/v2\/types\/post"}],"author":[{"embeddable":true,"href":"https:\/\/www.odszkodowania.info.pl\/index.php?rest_route=\/wp\/v2\/users\/2"}],"replies":[{"embeddable":true,"href":"https:\/\/www.odszkodowania.info.pl\/index.php?rest_route=%2Fwp%2Fv2%2Fcomments&post=3035"}],"version-history":[{"count":1,"href":"https:\/\/www.odszkodowania.info.pl\/index.php?rest_route=\/wp\/v2\/posts\/3035\/revisions"}],"predecessor-version":[{"id":3036,"href":"https:\/\/www.odszkodowania.info.pl\/index.php?rest_route=\/wp\/v2\/posts\/3035\/revisions\/3036"}],"wp:attachment":[{"href":"https:\/\/www.odszkodowania.info.pl\/index.php?rest_route=%2Fwp%2Fv2%2Fmedia&parent=3035"}],"wp:term":[{"taxonomy":"category","embeddable":true,"href":"https:\/\/www.odszkodowania.info.pl\/index.php?rest_route=%2Fwp%2Fv2%2Fcategories&post=3035"},{"taxonomy":"post_tag","embeddable":true,"href":"https:\/\/www.odszkodowania.info.pl\/index.php?rest_route=%2Fwp%2Fv2%2Ftags&post=3035"}],"curies":[{"name":"wp","href":"https:\/\/api.w.org\/{rel}","templated":true}]}}