{"id":3038,"date":"2019-02-19T16:39:23","date_gmt":"2019-02-19T15:39:23","guid":{"rendered":"http:\/\/www.odszkodowania.info.pl\/?p=3038"},"modified":"2019-02-19T16:39:25","modified_gmt":"2019-02-19T15:39:25","slug":"parlament-europejski-zmienia-zasady-ubezpieczen-oc-polisy-znow-moga-zdrozec","status":"publish","type":"post","link":"https:\/\/www.odszkodowania.info.pl\/?p=3038","title":{"rendered":"Parlament Europejski zmienia zasady ubezpiecze\u0144 OC \u2013 polisy zn\u00f3w mog\u0105 zdro\u017ce\u0107"},"content":{"rendered":"\n<p>Parlament Europejski przyj\u0105\u0142 propozycj\u0119 dyrektywy zmieniaj\u0105cej zasady w  ubezpieczeniach komunikacyjnych. Wed\u0142ug nich ofiary wypadk\u00f3w b\u0119d\u0105 mog\u0142y  liczy\u0107 na wy\u017csze odszkodowania, a kierowcy bez polis b\u0119d\u0105 karani nawet  poza granicami swojego kraju. To pomys\u0142y, kt\u00f3re spowoduj\u0105 podwy\u017cszenie  ceny polis OC.<\/p>\n\n\n\n<p>Parlament\n Europejski przeg\u0142osowa\u0142 projekt dyrektywy, kt\u00f3ra zmieni zasady \nubezpiecze\u0144 komunikacyjnych. Eurodeputowani chc\u0105 przede wszystkim \nlepszej ochrony praw ofiar wypadk\u00f3w samochodowych. Zagwarantowa\u0107 to maj\u0105\n wy\u017csze sumy gwarancyjne. Z jednej strony to dobra wiadomo\u015b\u0107 dla os\u00f3b \nposzkodowanych, z drugiej jednak z\u0142a dla w\u0142a\u015bcicieli aut. Wszystko \nbowiem wskazuje na to, \u017ce czekaj\u0105 nas kolejne podwy\u017cki cen ubezpiecze\u0144. \nScenariusz taki jest szczeg\u00f3lnie prawdopodobny w Polsce, mamy bowiem \nnadal jedne z najni\u017cszych cen ubezpiecze\u0144 komunikacyjnych w ca\u0142ej UE.<\/p>\n\n\n\n<h2 class=\"wp-block-heading\">Wy\u017csze sumy gwarancyjne<\/h2>\n\n\n\n<p>Obecnie\n suma gwarancyjna, czyli maksymalna kwota odszkodowania, jak\u0105 mo\u017ce \nwyp\u0142aci\u0107 firma ubezpieczeniowa w ramach polisy OC, wynosi 5,21 mln euro w\n przypadku szk\u00f3d osobowych oraz 1,05 mln euro je\u015bli chodzi o szkody \nmaj\u0105tkowe. Przyj\u0119ta propozycja zak\u0142ada podwy\u017cszenie sum gwarancyjnych \nodpowiednio do 6,07 mln euro i 1,22 mln euro.<\/p>\n\n\n\n<p>Eurodeputowani\n chc\u0105 tak\u017ce zabezpieczy\u0107 ofiary na wypadek niewyp\u0142acalno\u015bci \nubezpieczyciela sprawcy z zagranicy. W takim przypadku osoba \nposzkodowana ma mie\u0107 zagwarantowan\u0105 wyp\u0142at\u0119 \u015bwiadczenia, ale ju\u017c ze \nswojego pa\u0144stwa zamieszkania. \u015awiadczenie, bez wzgl\u0119du na przebieg ca\u0142ej\n sprawy, ma by\u0107 wyp\u0142acone w terminie nie d\u0142u\u017cszym ni\u017c sze\u015b\u0107 miesi\u0119cy.<\/p>\n\n\n\n<h2 class=\"wp-block-heading\">Kontrole transgraniczne<\/h2>\n\n\n\n<p>Lepsza\n ochrona ofiar wypadk\u00f3w drogowych to nie jedyny z pomys\u0142\u00f3w Parlamentu \nEuropejskiego. Kolejn\u0105 propozycj\u0105 jest wprowadzenie og\u00f3lnoeuropejskiego \nsystemu kontroli aut pod k\u0105tem posiadania wa\u017cnej polisy OC. \nEurodeputowani zgodzili si\u0119&nbsp;na umo\u017cliwienie pa\u0144stwom UE dokonywania \ntransgranicznej kontroli obowi\u0105zkowego ubezpieczenia obywateli innych \npa\u0144stw wsp\u00f3lnoty. Sprawdzanie polis mia\u0142oby si\u0119 odbywa\u0107 za pomoc\u0105 kamer i\n oprogramowania rozpoznaj\u0105cego numery rejestracyjne. Przy\u0142apana w ten \nspos\u00f3b osoba musia\u0142aby zap\u0142aci\u0107 kar\u0119, nawet je\u015bli b\u0119dzie na terenie \nobcego pa\u0144stwa.<\/p>\n\n\n\n<h2 class=\"wp-block-heading\">\u0141atwiejsze przenoszenie zni\u017cek<\/h2>\n\n\n\n<p>Dobr\u0105\n wiadomo\u015bci\u0105 dla kierowc\u00f3w jest propozycja zglobalizowania systemu \nzni\u017cek za bezszkodow\u0105 jazd\u0119. Nowa dyrektywa ma nak\u0142oni\u0107 firmy \nubezpieczeniowe do respektowania zni\u017cek zdobytych na terenie ca\u0142ej Unii \nEuropejskiej. Pozwoli to osobom przeprowadzaj\u0105cym si\u0119 do innego kraju UE\n na zachowanie ju\u017c \u201ewypracowanych\u201d bonus\u00f3w.<\/p>\n\n\n\n<h2 class=\"wp-block-heading\">E-rowery i skutery elektryczne na innych zasadach<\/h2>\n\n\n\n<p>E-rowery\n i skutery elektryczne s\u0105 wy\u0142\u0105czone z zakresu nowej dyrektywy. PE uzna\u0142,\n \u017ce stwarzaj\u0105 one znacznie mniejsze zagro\u017cenie na drogach ni\u017c samochody,\n dlatego nie mo\u017cna ich obci\u0105\u017ca\u0107 tymi samymi obostrzeniami. Tym bardziej,\n \u017ce mog\u0142oby to zahamowa\u0107 rozw\u00f3j tych technologii i potencjalne innowacje\n w tym segmencie pojazd\u00f3w. Jednak Parlament Europejski za\u017c\u0105da\u0142 od pa\u0144stw\n cz\u0142onkowskich podj\u0119cie decyzji na szczeblu krajowym, w jaki spos\u00f3b \nchroni\u0107 potencjalne ofiary takich pojazd\u00f3w.<\/p>\n\n\n\n<p>Wniosek  zosta\u0142 przyj\u0119ty 562 g\u0142osami (tylko 36 eurodeputowanych by\u0142o przeciw, a  19 wstrzyma\u0142o si\u0119 od g\u0142osowania). Teraz dokumentacja zosta\u0142a przekazana  Komitetowi ds. Rynku Wewn\u0119trznego w celu mi\u0119dzyinstytucjonalnych  negocjacji.<\/p>\n\n\n\n<p>auto-swiat.pl<\/p>\n","protected":false},"excerpt":{"rendered":"<p>Parlament Europejski przyj\u0105\u0142 propozycj\u0119 dyrektywy zmieniaj\u0105cej zasady w ubezpieczeniach komunikacyjnych. Wed\u0142ug nich ofiary wypadk\u00f3w b\u0119d\u0105 mog\u0142y liczy\u0107 na wy\u017csze odszkodowania, a kierowcy bez polis b\u0119d\u0105 karani nawet poza granicami swojego kraju. To pomys\u0142y, kt\u00f3re spowoduj\u0105 podwy\u017cszenie ceny polis OC. Parlament Europejski przeg\u0142osowa\u0142 projekt dyrektywy, kt\u00f3ra zmieni zasady ubezpiecze\u0144 komunikacyjnych. Eurodeputowani chc\u0105 przede wszystkim lepszej ochrony [&hellip;]<\/p>\n","protected":false},"author":2,"featured_media":0,"comment_status":"open","ping_status":"open","sticky":false,"template":"","format":"standard","meta":{"footnotes":""},"categories":[8],"tags":[22,12,13],"class_list":["post-3038","post","type-post","status-publish","format-standard","hentry","category-aktualnosci","tag-oc","tag-odszkodowanie","tag-zadoscuczynienie"],"_links":{"self":[{"href":"https:\/\/www.odszkodowania.info.pl\/index.php?rest_route=\/wp\/v2\/posts\/3038","targetHints":{"allow":["GET"]}}],"collection":[{"href":"https:\/\/www.odszkodowania.info.pl\/index.php?rest_route=\/wp\/v2\/posts"}],"about":[{"href":"https:\/\/www.odszkodowania.info.pl\/index.php?rest_route=\/wp\/v2\/types\/post"}],"author":[{"embeddable":true,"href":"https:\/\/www.odszkodowania.info.pl\/index.php?rest_route=\/wp\/v2\/users\/2"}],"replies":[{"embeddable":true,"href":"https:\/\/www.odszkodowania.info.pl\/index.php?rest_route=%2Fwp%2Fv2%2Fcomments&post=3038"}],"version-history":[{"count":1,"href":"https:\/\/www.odszkodowania.info.pl\/index.php?rest_route=\/wp\/v2\/posts\/3038\/revisions"}],"predecessor-version":[{"id":3039,"href":"https:\/\/www.odszkodowania.info.pl\/index.php?rest_route=\/wp\/v2\/posts\/3038\/revisions\/3039"}],"wp:attachment":[{"href":"https:\/\/www.odszkodowania.info.pl\/index.php?rest_route=%2Fwp%2Fv2%2Fmedia&parent=3038"}],"wp:term":[{"taxonomy":"category","embeddable":true,"href":"https:\/\/www.odszkodowania.info.pl\/index.php?rest_route=%2Fwp%2Fv2%2Fcategories&post=3038"},{"taxonomy":"post_tag","embeddable":true,"href":"https:\/\/www.odszkodowania.info.pl\/index.php?rest_route=%2Fwp%2Fv2%2Ftags&post=3038"}],"curies":[{"name":"wp","href":"https:\/\/api.w.org\/{rel}","templated":true}]}}