{"id":3046,"date":"2019-03-18T13:13:14","date_gmt":"2019-03-18T12:13:14","guid":{"rendered":"http:\/\/www.odszkodowania.info.pl\/?p=3046"},"modified":"2026-03-11T19:52:32","modified_gmt":"2026-03-11T18:52:32","slug":"themis-to-nie-lex","status":"publish","type":"post","link":"https:\/\/www.odszkodowania.info.pl\/?p=3046","title":{"rendered":"THEMIS to nie LEX?"},"content":{"rendered":"\n<p>W dniu dzisiejszym otrzymali\u015bmy od Kancelarii Themis Sp. z o.o. z Krakowa wezwanie do usuni\u0119cia komentarza jednego z naszych czytelnik\u00f3w.<\/p>\n\n\n\n<p>Rzeczywi\u015bcie w komentarzu tym padaj\u0105 mocne twierdzenia, kt\u00f3rych autor komentarza nie udowodni\u0142. Jednak\u017ce z pisma sp\u00f3\u0142ki Themis wynika, i\u017c nie ma i nie by\u0142o \u017cadnego zwi\u0105zku pomi\u0119dzy Themis a Lex, pismo podpisa\u0142 prezes zarz\u0105du Kacper Madej &#8230;. wcze\u015bniej dyrektor w Lex, obie firmy z Krakowa. Sami Pa\u0144stwo oce\u0144cie czy owe powi\u0105zanie wyst\u0119puje czy nie. Bez w\u0105tpienia Lex jest firm\u0105 upad\u0142\u0105 i nikt teraz nie chce przyzna\u0107 si\u0119 do pracy w\/dla Lex. Zach\u0119camy do zapoznania si\u0119 z z naszym wcze\u015bniejszym tek\u015bcie o Lex &#8211; <a href=\"http:\/\/www.odszkodowania.info.pl\/?p=3044\" target=\"_blank\" rel=\"noreferrer noopener\" aria-label=\"http:\/\/www.odszkodowania.info.pl\/?p=3044 (otwiera si\u0119 na nowej zak\u0142adce)\">http:\/\/www.odszkodowania.info.pl\/?p=3044<\/a><\/p>\n\n\n\n\t\t<div class=\"wppdfemb-frame-container-1\" style=\"-webkit-overflow-scrolling:auto;\">\n\t\t\t<iframe class=\"pdfembed-iframe nonfullscreen wppdf-emb-iframe-1\"\n\t\t\t\tsrc=\"https:\/\/www.odszkodowania.info.pl\/?pdfemb-data=eyJwZGZJRCI6MzA0NywidXJsIjoiaHR0cHM6XC9cL3d3dy5vZHN6a29kb3dhbmlhLmluZm8ucGxcL3dwLWNvbnRlbnRcL3VwbG9hZHNcL1RoZW1pc193ZXp3YW5pZV80X21hcmNhXzIwMTkucGRmIiwiY2xhc3NOYW1lIjoid3AtYmxvY2stcGRmZW1iLXBkZi1lbWJlZGRlci12aWV3ZXIiLCJpbmRleCI6MX0\"\n\t\t\t\t\t\t\t\tdata-pdf-id=\"3047\"\n\t\t\t\tdata-pdf-index=\"1\"\n\t\t\t\tstyle=\"border:none;width:100%;max-width:100%;height:100vh;\"\n\t\t\t\tscrolling=\"yes\">\n\t\t\t<\/iframe>\n\t\t<\/div>\n\n\t\t\n\n\n<figure class=\"wp-block-image\"><img fetchpriority=\"high\" decoding=\"async\" width=\"781\" height=\"753\" src=\"http:\/\/www.odszkodowania.info.pl\/wp-content\/uploads\/Screenshot_2019-03-18-Ads-Praca-Zatrudnimy-Przedstawiciela-Reprezentanta-Kancelarii_www.jpg\" alt=\"\" class=\"wp-image-3048\" srcset=\"https:\/\/www.odszkodowania.info.pl\/wp-content\/uploads\/Screenshot_2019-03-18-Ads-Praca-Zatrudnimy-Przedstawiciela-Reprezentanta-Kancelarii_www.jpg 781w, https:\/\/www.odszkodowania.info.pl\/wp-content\/uploads\/Screenshot_2019-03-18-Ads-Praca-Zatrudnimy-Przedstawiciela-Reprezentanta-Kancelarii_www-300x289.jpg 300w, https:\/\/www.odszkodowania.info.pl\/wp-content\/uploads\/Screenshot_2019-03-18-Ads-Praca-Zatrudnimy-Przedstawiciela-Reprezentanta-Kancelarii_www-768x740.jpg 768w\" sizes=\"(max-width: 781px) 100vw, 781px\" \/><\/figure>\n\n\n\n<p><\/p>\n","protected":false},"excerpt":{"rendered":"<p>W dniu dzisiejszym otrzymali\u015bmy od Kancelarii Themis Sp. z o.o. z Krakowa wezwanie do usuni\u0119cia komentarza jednego z naszych czytelnik\u00f3w. Rzeczywi\u015bcie w komentarzu tym padaj\u0105 mocne twierdzenia, kt\u00f3rych autor komentarza nie udowodni\u0142. Jednak\u017ce z pisma sp\u00f3\u0142ki Themis wynika, i\u017c nie ma i nie by\u0142o \u017cadnego zwi\u0105zku pomi\u0119dzy Themis a Lex, pismo podpisa\u0142 prezes zarz\u0105du Kacper [&hellip;]<\/p>\n","protected":false},"author":2,"featured_media":0,"comment_status":"open","ping_status":"open","sticky":false,"template":"","format":"standard","meta":{"footnotes":""},"categories":[8],"tags":[137,12,157,13],"class_list":["post-3046","post","type-post","status-publish","format-standard","hentry","category-aktualnosci","tag-lex","tag-odszkodowanie","tag-themis","tag-zadoscuczynienie"],"_links":{"self":[{"href":"https:\/\/www.odszkodowania.info.pl\/index.php?rest_route=\/wp\/v2\/posts\/3046","targetHints":{"allow":["GET"]}}],"collection":[{"href":"https:\/\/www.odszkodowania.info.pl\/index.php?rest_route=\/wp\/v2\/posts"}],"about":[{"href":"https:\/\/www.odszkodowania.info.pl\/index.php?rest_route=\/wp\/v2\/types\/post"}],"author":[{"embeddable":true,"href":"https:\/\/www.odszkodowania.info.pl\/index.php?rest_route=\/wp\/v2\/users\/2"}],"replies":[{"embeddable":true,"href":"https:\/\/www.odszkodowania.info.pl\/index.php?rest_route=%2Fwp%2Fv2%2Fcomments&post=3046"}],"version-history":[{"count":2,"href":"https:\/\/www.odszkodowania.info.pl\/index.php?rest_route=\/wp\/v2\/posts\/3046\/revisions"}],"predecessor-version":[{"id":4127,"href":"https:\/\/www.odszkodowania.info.pl\/index.php?rest_route=\/wp\/v2\/posts\/3046\/revisions\/4127"}],"wp:attachment":[{"href":"https:\/\/www.odszkodowania.info.pl\/index.php?rest_route=%2Fwp%2Fv2%2Fmedia&parent=3046"}],"wp:term":[{"taxonomy":"category","embeddable":true,"href":"https:\/\/www.odszkodowania.info.pl\/index.php?rest_route=%2Fwp%2Fv2%2Fcategories&post=3046"},{"taxonomy":"post_tag","embeddable":true,"href":"https:\/\/www.odszkodowania.info.pl\/index.php?rest_route=%2Fwp%2Fv2%2Ftags&post=3046"}],"curies":[{"name":"wp","href":"https:\/\/api.w.org\/{rel}","templated":true}]}}