{"id":3098,"date":"2020-01-30T15:10:00","date_gmt":"2020-01-30T14:10:00","guid":{"rendered":"http:\/\/www.odszkodowania.info.pl\/?p=3098"},"modified":"2020-01-30T15:10:01","modified_gmt":"2020-01-30T14:10:01","slug":"policjanci-mieli-handlowac-danymi-ofiar-wypadkow-sa-kolejni-podejrzani-proceder-zaskakujaco-masowy","status":"publish","type":"post","link":"https:\/\/www.odszkodowania.info.pl\/?p=3098","title":{"rendered":"Policjanci mieli handlowa\u0107 danymi ofiar wypadk\u00f3w, s\u0105 kolejni podejrzani. &#8222;Proceder zaskakuj\u0105co masowy&#8221;"},"content":{"rendered":"\n<p> Prokuratura z Olsztyna od kilku lat prowadzi \u015bledztwo w sprawie  policjant\u00f3w z Wielkopolski, kt\u00f3rzy mieli gromadzi\u0107 dane ofiar wypadk\u00f3w i  sprzedawa\u0107 je firmom zajmuj\u0105cym si\u0119 \u015bwiadczeniem us\u0142ug  odszkodowawczych. Trzech policjant\u00f3w i dw\u00f3ch emerytowanych  funkcjonariuszy w\u0142a\u015bnie us\u0142ysza\u0142o zarzuty.  \u015aledczy okre\u015blaj\u0105 proceder  wycieku danych jako &#8222;zaskakuj\u0105co masowy&#8221;. <\/p>\n\n\n\n<p>Rzecznik Prokuratury Okr\u0119gowej w Olsztynie Krzysztof Stodolny poinformowa\u0142 w czwartek, \u017ce \u015bledztwo w sprawie wyprowadzania danych z policyjnych baz jest prowadzone od listopada 2017 roku. Handel personaliami dotyczy\u0142 ofiar wypadk\u00f3w z ca\u0142ego kraju i trwa\u0142 od 2012 do 2017 roku &#8211; ustalili \u015bledczy.<\/p>\n\n\n\n<p><strong>Grupa przest\u0119pcza <\/strong><\/p>\n\n\n\n<p>\u015aledztwo w tej sprawie prokuratura okre\u015bla jako &#8222;dzia\u0142anie zorganizowanej grupy przest\u0119pczej kierowanej przez dw\u00f3ch emerytowanych funkcjonariuszy policji z garnizonu wielkopolskiego, kt\u00f3rej celem by\u0142o zbieranie wbrew przepisom prawa danych osobowych z baz danych policji, dotycz\u0105cych os\u00f3b poszkodowanych w wypadkach drogowych i wykorzystanie ich do prowadzonej dzia\u0142alno\u015bci gospodarczej, polegaj\u0105cej na \u015bwiadczeniu us\u0142ug odszkodowawczych&#8221;.<\/p>\n\n\n\n<p>Pierwsze zarzuty na pocz\u0105tku 2018 roku us\u0142ysza\u0142 pracownik cywilny policji, kt\u00f3ry mia\u0142 przyj\u0105\u0107 kilkadziesi\u0105t tysi\u0119cy z\u0142otych w zamian za przekazanie firmie ubezpieczeniowej danych os\u00f3b poszkodowanych w wypadkach komunikacyjnych.<\/p>\n\n\n\n<p>Wed\u0142ug \u015bledczych, w lutym ubieg\u0142ego roku zarzuty przedstawiono kolejnym trzem osobom. Jednej z nich prokurator zarzuci\u0142 kierowanie grup\u0105 przest\u0119pcz\u0105.  &#8211; Pozosta\u0142ym zarzucono udzia\u0142 w grupie, a nadto udzielanie korzy\u015bci maj\u0105tkowej funkcjonariuszowi publicznemu w zamian za pozyskiwanie danych &#8211; poinformowa\u0142 prokurator Stodolny. Wobec podejrzanych zastosowano por\u0119czenia maj\u0105tkowe, dozory policji, zakazy opuszczania kraju i zakazy prowadzenia dzia\u0142alno\u015bci gospodarczej.<\/p>\n\n\n\n<p><strong>I\u00a0emerytowani, i\u00a0ci w\u00a0czynnej s\u0142u\u017cbie<\/strong><\/p>\n\n\n\n<p>Kolejne zarzuty dotycz\u0105ce pi\u0119ciu os\u00f3b przedstawiono w styczniu tego roku. W\u015br\u00f3d tej grupy dwie osoby to emerytowani funkcjonariusze policji i trzej funkcjonariusze pozostaj\u0105cy w czynnej s\u0142u\u017cbie. &#8211; Wobec dw\u00f3ch emerytowanych funkcjonariuszy, na wniosek prokuratora, s\u0105d zastosowa\u0142 tymczasowe aresztowanie na okres trzech miesi\u0119cy &#8211; poda\u0142 prokurator. <\/p>\n\n\n\n<p>Wyja\u015bni\u0142, \u017ce jednemu z podejrzanych zarzucono kierowanie zorganizowan\u0105 grup\u0105 przest\u0119pcz\u0105 i przekroczenie uprawnie\u0144 w celu osi\u0105gni\u0119cia korzy\u015bci maj\u0105tkowych w zwi\u0105zku z pozyskiwaniem danych, a drugiemu \u2013 udzia\u0142 w grupie i r\u00f3wnie\u017c przekroczenie uprawnie\u0144 w celu osi\u0105gni\u0119cia korzy\u015bci maj\u0105tkowych.<\/p>\n\n\n\n<p>&#8211; Pozosta\u0142ym trzem osobom przedstawiono zarzuty udzia\u0142u w zorganizowanej grupie przest\u0119pczej i przekroczenie uprawnie\u0144. Wobec tych podejrzanych prokurator zastosowa\u0142 por\u0119czenia maj\u0105tkowe, dozory policji, zakazy opuszczania kraju, a wobec dw\u00f3ch dodatkowo zawieszenie w obowi\u0105zkach s\u0142u\u017cbowych &#8211; doda\u0142 Stodolny.<\/p>\n\n\n\n<p><strong>Jedni dla korzy\u015bci, inni &#8222;z dobroci serca&#8221;?<\/strong><\/p>\n\n\n\n<p>Z ustale\u0144 PAP wynika, \u017ce cze\u015b\u0107 podejrzanych przyznaje si\u0119 do winy, ale s\u0105 te\u017c tacy, kt\u00f3rzy neguj\u0105 sw\u00f3j udzia\u0142 w grupie lub uwa\u017caj\u0105, \u017ce to, co robili, nie by\u0142o dzia\u0142alno\u015bci\u0105 w zorganizowanej grupie przest\u0119pczej. Wielu ma potwierdza\u0107, \u017ce za udost\u0119pnianie danych osobowych poszkodowanych w wypadkach otrzymywali \u0142ap\u00f3wki, inni podaj\u0105, \u017ce robili to &#8222;z dobroci serca&#8221;.<\/p>\n\n\n\n<p>Podejrzanym, w zale\u017cno\u015bci od rodzaju przedstawianych zarzut\u00f3w, gro\u017c\u0105 kary nawet do 10 lat wi\u0119zienia. Jak m\u00f3wi\u0105 \u015bledczy, sprawa ma charakter rozwojowy, a proceder &#8222;by\u0142 bardzo znaczny, szeroki, zaskakuj\u0105co masowy&#8221;.<\/p>\n\n\n\n<p>tvn24.pl<\/p>\n","protected":false},"excerpt":{"rendered":"<p>Prokuratura z Olsztyna od kilku lat prowadzi \u015bledztwo w sprawie policjant\u00f3w z Wielkopolski, kt\u00f3rzy mieli gromadzi\u0107 dane ofiar wypadk\u00f3w i sprzedawa\u0107 je firmom zajmuj\u0105cym si\u0119 \u015bwiadczeniem us\u0142ug odszkodowawczych. Trzech policjant\u00f3w i dw\u00f3ch emerytowanych funkcjonariuszy w\u0142a\u015bnie us\u0142ysza\u0142o zarzuty. \u015aledczy okre\u015blaj\u0105 proceder wycieku danych jako &#8222;zaskakuj\u0105co masowy&#8221;. Rzecznik Prokuratury Okr\u0119gowej w Olsztynie Krzysztof Stodolny poinformowa\u0142 w czwartek, [&hellip;]<\/p>\n","protected":false},"author":1,"featured_media":0,"comment_status":"open","ping_status":"open","sticky":false,"template":"","format":"standard","meta":{"footnotes":""},"categories":[8,45],"tags":[167,12,123,13],"class_list":["post-3098","post","type-post","status-publish","format-standard","hentry","category-aktualnosci","category-artykul-glowny","tag-korupcja","tag-odszkodowanie","tag-policja","tag-zadoscuczynienie"],"_links":{"self":[{"href":"https:\/\/www.odszkodowania.info.pl\/index.php?rest_route=\/wp\/v2\/posts\/3098","targetHints":{"allow":["GET"]}}],"collection":[{"href":"https:\/\/www.odszkodowania.info.pl\/index.php?rest_route=\/wp\/v2\/posts"}],"about":[{"href":"https:\/\/www.odszkodowania.info.pl\/index.php?rest_route=\/wp\/v2\/types\/post"}],"author":[{"embeddable":true,"href":"https:\/\/www.odszkodowania.info.pl\/index.php?rest_route=\/wp\/v2\/users\/1"}],"replies":[{"embeddable":true,"href":"https:\/\/www.odszkodowania.info.pl\/index.php?rest_route=%2Fwp%2Fv2%2Fcomments&post=3098"}],"version-history":[{"count":1,"href":"https:\/\/www.odszkodowania.info.pl\/index.php?rest_route=\/wp\/v2\/posts\/3098\/revisions"}],"predecessor-version":[{"id":3099,"href":"https:\/\/www.odszkodowania.info.pl\/index.php?rest_route=\/wp\/v2\/posts\/3098\/revisions\/3099"}],"wp:attachment":[{"href":"https:\/\/www.odszkodowania.info.pl\/index.php?rest_route=%2Fwp%2Fv2%2Fmedia&parent=3098"}],"wp:term":[{"taxonomy":"category","embeddable":true,"href":"https:\/\/www.odszkodowania.info.pl\/index.php?rest_route=%2Fwp%2Fv2%2Fcategories&post=3098"},{"taxonomy":"post_tag","embeddable":true,"href":"https:\/\/www.odszkodowania.info.pl\/index.php?rest_route=%2Fwp%2Fv2%2Ftags&post=3098"}],"curies":[{"name":"wp","href":"https:\/\/api.w.org\/{rel}","templated":true}]}}