{"id":3118,"date":"2020-03-18T18:19:10","date_gmt":"2020-03-18T17:19:10","guid":{"rendered":"http:\/\/www.odszkodowania.info.pl\/?p=3118"},"modified":"2020-03-18T18:19:11","modified_gmt":"2020-03-18T17:19:11","slug":"spor-o-auto-zastepcze-z-ubezpieczenia-uchwala-sadu-najwyzszego","status":"publish","type":"post","link":"https:\/\/www.odszkodowania.info.pl\/?p=3118","title":{"rendered":"Sp\u00f3r o auto zast\u0119pcze z ubezpieczenia &#8211; uchwa\u0142a S\u0105du Najwy\u017cszego"},"content":{"rendered":"\n<p>\n\nNie trzeba zap\u0142aci\u0107 za samoch\u00f3d, wystarczy go wynaj\u0105\u0107, by za\u017c\u0105da\u0107 od ubezpieczyciela refundacji tego wydatku.\n\n\t\t\t\t\t\t\t\t\t\n\t\t\t\t\t\t\t\t\t\t\n\n<\/p>\n\n\n\n<p><strong>To sedno najnowszej uchwa\u0142y S\u0105du Najwy\u017cszego<\/strong> wa\u017cnej dla rzesz poszkodowanych w wypadkach.<\/p>\n\n\n\n<p>To, \u017ce poszkodowany w wypadku ma prawo do samochodu na czas naprawy,  SN przes\u0105dzi\u0142 ju\u017c wcze\u015bniej, wskazuj\u0105c przy tym, \u017ce powinien wybra\u0107  samoch\u00f3d po cenie zbli\u017conej do oferty ubezpieczyciela (por. uchwa\u0142a SN z  24 sierpnia 2017 r. III CZP 20\/17). A jeszcze wcze\u015bniej w uchwale z  2011 r., wydanej na wniosek rzecznika ubezpieczonych \u2013 obecnie  finansowego, SN orzek\u0142, \u017ce poszkodowanemu nale\u017cy si\u0119 zwrot celowych i  ekonomicznie uzasadnionych wydatk\u00f3w na najem pojazdu zast\u0119pczego (III  CZP 05\/11).<\/p>\n\n\n\n<p><strong>Wynaj\u0105\u0142, nie zap\u0142aci\u0142<\/strong><\/p>\n\n\n\n<p>Nie wszystko jest jednak w tych sprawach jasne, a dodajmy, \u017ce dotycz\u0105  one du\u017cego rynku wynajmu pojazd\u00f3w zast\u0119pczych i firm odszkodowawczych.<\/p>\n\n\n\n<p>W\u0105tpliwo\u015bci powsta\u0142y te\u017c w sprawie wytoczonej towarzystwu ubezpiecze\u0144\n przez Andrzeja K., przedsi\u0119biorc\u0119 (dlatego spraw\u0105 zajmowa\u0142 si\u0119 s\u0105d \ngospodarczy), kt\u00f3ry naby\u0142 wierzytelno\u015b\u0107 o odszkodowanie za zast\u0119pcze \nauto (nieco ponad 3 tys. z\u0142), nawet nie bezpo\u015brednio od poszkodowanego w\n wypadku, ale firmy, kt\u00f3ra wynaj\u0119\u0142a mu takie auto.<\/p>\n\n\n\n<p>P\u0142ocki S\u0105d Okr\u0119gowy \u017c\u0105danie oddali\u0142, uznaj\u0105c, \u017ce pow\u00f3d nie wykaza\u0142 \nzasadno\u015bci stawki za jeden dzie\u0144 wynajmu, a przede wszystkim, by \nposzkodowany faktycznie poni\u00f3s\u0142 ten wydatek. Kr\u00f3tko m\u00f3wi\u0105c, by wyda\u0142 te \npieni\u0105dze. Sama faktura wynajmuj\u0105cego auto o tym nie \u015bwiadczy \u2013 wskaza\u0142 \nSO.<\/p>\n\n\n\n<p>Rozpatruj\u0105c apelacj\u0119, S\u0105d Okr\u0119gowy w \u0141odzi XIII Wydzia\u0142 Gospodarczy  Odwo\u0142awczy powzi\u0105\u0142 w\u0105tpliwo\u015bci, kt\u00f3re zawar\u0142 w pytaniu prawnym do S\u0105du  Najwy\u017cszego. Czy samo zaci\u0105gni\u0119cie d\u0142ugu w postaci zap\u0142aty za najem  pojazdu zast\u0119pczego stanowi szkod\u0119, a poszkodowany ma wierzytelno\u015b\u0107 z  tego tytu\u0142u w stosunku do sprawcy wypadku i zak\u0142adu ubezpiecze\u0144?<\/p>\n\n\n\n<p>W uzasadnieniu pytania SO \nwskaza\u0142, \u017ce zgodnie z art. 361 \u00a7 1 kodeksu cywilnego zobowi\u0105zany do \nodszkodowania ponosi odpowiedzialno\u015b\u0107 tylko za naprawienie szkody, kt\u00f3ra\n obejmuje straty poszkodowanego. I tu mo\u017cliwe s\u0105 dwa stanowiska: \npierwsze, \u017ce poszkodowany ponosi strat\u0119 dopiero wtedy, gdy realnie wyda \npieni\u0105dze na najem auta. Tego stanowiska broni\u0142 przed SN pe\u0142nomocnik \ntowarzystwa mec. Kamil Parla, wskazuj\u0105c, \u017ce w praktyce z roszczeniami \ntakimi wyst\u0119puj\u0105 firmy odszkodowawcze, \u017c\u0105daj\u0105c przy tym zwykle wiele \nwi\u0119kszego odszkodowania ni\u017c koszt wynajmu w firmie ubezpieczeniowej.<\/p>\n\n\n\n<p><strong>To poszkodowany ma wyb\u00f3r<\/strong><\/p>\n\n\n\n<p>Nie przekona\u0142 SN, kt\u00f3ry przyj\u0105\u0142 inne stanowisko, \u017ce to do \nposzkodowanego nale\u017cy wyb\u00f3r, czy dokona zap\u0142aty za zast\u0119pcze auto, czy \n\u201ezap\u0142aci\u201d przeniesieniem prawa do odszkodowania z OC na wynajmuj\u0105cego \nsamoch\u00f3d jak w tej sprawie.<\/p>\n\n\n\n<p>\u2013 Nie musi by\u0107 zap\u0142aty do r\u0119ki, by \u017c\u0105da\u0107 ubezpieczenia, gdy\u017c sytuacja\n poszkodowanego ma by\u0107 taka, jakby nie dozna\u0142 wypadku \u2013 wskaza\u0142a w \nuzasadnieniu uchwa\u0142y s\u0119dzia SN Maria Szulc. \u2013 Nie mo\u017ce by\u0107 oczywi\u015bcie \nprzy tej okazji wzbogacony, ale to inna kwestia, koszty wynajmu \nsamochodu maj\u0105 by\u0107 ekonomicznie uzasadnione, rynkowe.<\/p>\n\n\n\n<p>Przypomnijmy, \u017ce we wspomnianej uchwale z 2018 r. SN wskaza\u0142, \u017ce \nprawo poszkodowanego do samochodu na czas naprawy wymaga wyboru za cen\u0119 \nzbli\u017con\u0105 do oferty ubezpieczyciela, przy czym nie chodzi tylko o \npor\u00f3wnanie cen za wynajem, ale te\u017c innych \u201ekoszt\u00f3w\u201d, jak kaucja, forma \np\u0142atno\u015bci itp.<\/p>\n\n\n\n<p><strong>Sygnatura akt: III CZP 63\/19<\/strong><\/p>\n\n\n\n<p>rp.pl<\/p>\n","protected":false},"excerpt":{"rendered":"<p>Nie trzeba zap\u0142aci\u0107 za samoch\u00f3d, wystarczy go wynaj\u0105\u0107, by za\u017c\u0105da\u0107 od ubezpieczyciela refundacji tego wydatku. To sedno najnowszej uchwa\u0142y S\u0105du Najwy\u017cszego wa\u017cnej dla rzesz poszkodowanych w wypadkach. To, \u017ce poszkodowany w wypadku ma prawo do samochodu na czas naprawy, SN przes\u0105dzi\u0142 ju\u017c wcze\u015bniej, wskazuj\u0105c przy tym, \u017ce powinien wybra\u0107 samoch\u00f3d po cenie zbli\u017conej do oferty [&hellip;]<\/p>\n","protected":false},"author":1,"featured_media":0,"comment_status":"open","ping_status":"open","sticky":false,"template":"","format":"standard","meta":{"footnotes":""},"categories":[8,45,43],"tags":[151,12,114],"class_list":["post-3118","post","type-post","status-publish","format-standard","hentry","category-aktualnosci","category-artykul-glowny","category-prawo","tag-auto-zastepcze","tag-odszkodowanie","tag-sn"],"_links":{"self":[{"href":"https:\/\/www.odszkodowania.info.pl\/index.php?rest_route=\/wp\/v2\/posts\/3118","targetHints":{"allow":["GET"]}}],"collection":[{"href":"https:\/\/www.odszkodowania.info.pl\/index.php?rest_route=\/wp\/v2\/posts"}],"about":[{"href":"https:\/\/www.odszkodowania.info.pl\/index.php?rest_route=\/wp\/v2\/types\/post"}],"author":[{"embeddable":true,"href":"https:\/\/www.odszkodowania.info.pl\/index.php?rest_route=\/wp\/v2\/users\/1"}],"replies":[{"embeddable":true,"href":"https:\/\/www.odszkodowania.info.pl\/index.php?rest_route=%2Fwp%2Fv2%2Fcomments&post=3118"}],"version-history":[{"count":1,"href":"https:\/\/www.odszkodowania.info.pl\/index.php?rest_route=\/wp\/v2\/posts\/3118\/revisions"}],"predecessor-version":[{"id":3119,"href":"https:\/\/www.odszkodowania.info.pl\/index.php?rest_route=\/wp\/v2\/posts\/3118\/revisions\/3119"}],"wp:attachment":[{"href":"https:\/\/www.odszkodowania.info.pl\/index.php?rest_route=%2Fwp%2Fv2%2Fmedia&parent=3118"}],"wp:term":[{"taxonomy":"category","embeddable":true,"href":"https:\/\/www.odszkodowania.info.pl\/index.php?rest_route=%2Fwp%2Fv2%2Fcategories&post=3118"},{"taxonomy":"post_tag","embeddable":true,"href":"https:\/\/www.odszkodowania.info.pl\/index.php?rest_route=%2Fwp%2Fv2%2Ftags&post=3118"}],"curies":[{"name":"wp","href":"https:\/\/api.w.org\/{rel}","templated":true}]}}