{"id":3137,"date":"2020-08-05T11:48:31","date_gmt":"2020-08-05T10:48:31","guid":{"rendered":"http:\/\/www.odszkodowania.info.pl\/?p=3137"},"modified":"2020-08-05T11:48:48","modified_gmt":"2020-08-05T10:48:48","slug":"portretykobiet-agnieszka-wywalczyla-ponad-1-mln-zlotych-odszkodowania-dla-corki-chcialam-odkryc-prawde","status":"publish","type":"post","link":"https:\/\/www.odszkodowania.info.pl\/?p=3137","title":{"rendered":"#PortretyKobiet Agnieszka wywalczy\u0142a ponad 1 mln z\u0142otych odszkodowania dla c\u00f3rki. &#8222;Chcia\u0142am odkry\u0107 prawd\u0119&#8221;"},"content":{"rendered":"\n<p>Ostatnie 50 minut porodu to by\u0142 koszmar dla Agnieszki Lukowskiej. Akcja porodowa usta\u0142a, a na sali nie by\u0142o wsparcia. P\u00f3\u017aniej lekarz po\u0142o\u017cy\u0142 si\u0119 jej na brzuchu i wypchn\u0105\u0142 dziecko. Na skutek b\u0142\u0119d\u00f3w, jej c\u00f3rka urodzi\u0142a si\u0119 z dzieci\u0119cym pora\u017ceniem m\u00f3zgowym. Pi\u0119\u0107 lat kobieta dochodzi\u0142a sprawiedliwo\u015bci w s\u0105dzie, bez wsparcia adwokata. Dopiero przy apelacji si\u0119gn\u0119\u0142a po t\u0119 pomoc.<\/p>\n\n\n\n<p>Agnieszka Lukowska pochodzi z Bydgoszczy. Ostatnie lata \u017cycia po\u015bwi\u0119ci\u0142a na rehabilitacj\u0119 c\u00f3rki i walk\u0119 w s\u0105dzie. Domaga\u0142a si\u0119 uznania odpowiedzialno\u015bci szpitala za chorob\u0119 Zuzi i odszkodowania z tego tytu\u0142u. Po siedmiu latach od przyj\u015bcia na \u015bwiat dziewczynki m\u00f3wi, \u017ce w ko\u0144cu zacz\u0119\u0142a \u017cycie na nowo. Wygrywaj\u0105c spraw\u0119 s\u0105dow\u0105 z Wielospecjalistycznym Szpitalem w Bydgoszczy, przekroczy\u0142a Rubikon. Teraz pomaga innym ludziom w podobnej sytuacji. Odk\u0105d nag\u0142o\u015bni\u0142a wygran\u0105, odezwa\u0142o si\u0119 do niej 200 rodzin.<\/p>\n\n\n\n<figure class=\"wp-block-image size-large\"><img decoding=\"async\" src=\"https:\/\/v.wpimg.pl\/Njc5MzU0YQsCVztJektsHkEPbxM8EmJIFhd3WHp_YVxXATVVM1kiDxFQPRV7VzwfE1Q6CntAIkUCRSRVIwFhDgpGPRY0SWEPDlcoHnoFK1oBDStMMx14DAANYE40UXpHAg0sH3hTeAwBDH8fN1EsCFMXMA==\" alt=\"\"\/><figcaption>Zuzia Lukowska z mam\u0105 Agnieszk\u0105<\/figcaption><\/figure>\n\n\n\n<p><strong>Anna Podlaska, WP Kobieta: Cofnijmy si\u0119 w czasie do momentu porodu. Zuzia przysz\u0142a na \u015bwiat w 40. tygodniu prawid\u0142owo przebiegaj\u0105cej ci\u0105\u017cy.<\/strong><\/p>\n\n\n\n<p><strong>Agnieszka Lukowska:<\/strong> Zuzia by\u0142a planowanym, wyczekanym dzieckiem. Do dnia porodu nie wiedzieli\u015bmy, czy urodzi si\u0119 ch\u0142opiec, czy dziewczynka \u2013 chcieli\u015bmy mie\u0107 niespodziank\u0119. Do szpitala pojechali\u015bmy w 40. tygodniu ci\u0105\u017cy. Na 50 minut przed przyj\u015bciem dziecka na \u015bwiat wszystko by\u0142o w porz\u0105dku. Na sam koniec akcja porodowa usta\u0142a. W pobli\u017cu nie by\u0142o lekarza, piel\u0119gniarka nie podj\u0119\u0142a \u017cadnych dzia\u0142a\u0144. Z m\u0119\u017cem upominali\u015bmy j\u0105, \u017ce co\u015b jest nie tak, \u017ce KTG spada, s\u0105 wahania, \u017ce to jest wskazanie do cesarskiego ci\u0119cia.<\/p>\n\n\n\n<p><strong>Nie by\u0142o reakcji.<\/strong><\/p>\n\n\n\n<p>Dok\u0142adnie, a kiedy w ko\u0144cu na sali pojawi\u0142 si\u0119 lekarz, dosta\u0142am oksytocyn\u0119. Akcja porodowa ruszy\u0142a i on niespodziewanie po\u0142o\u017cy\u0142 mi si\u0119 na brzuchu i wypchn\u0105\u0142 dziecko. Nawet nie wiedzieli\u015bmy, czy na \u015bwiat przysz\u0142a dziewczynka, czy ch\u0142opiec. Widzia\u0142am k\u0105tem oka sine dzieci\u0105tko, a za plecami kto\u015b krzykn\u0105\u0142: reanimacja. P\u00f3\u017aniej przez d\u0142ugi czas nie mia\u0142am poj\u0119cia, co si\u0119 dzieje z moim dzieckiem.<\/p>\n\n\n\n<p>Najgorsze, \u017ce zosta\u0142am przewieziona na sal\u0119, na kt\u00f3rej by\u0142y szcz\u0119\u015bliwe mamy ze swoimi noworodkami. Ja si\u0119 ca\u0142y czas zastanawia\u0142am, czy moje dziecko w og\u00f3le \u017cyje. Po jakim\u015b czasie dosta\u0142am informacj\u0119, \u017ce urodzi\u0142am c\u00f3rk\u0119, \u017ce jej serce przesta\u0142o pracowa\u0107 i potrzebny by\u0142 zastrzyk z adrenaliny.<\/p>\n\n\n\n<p><strong>Kolejne dni, miesi\u0105ce \u017cycia Zuzi to by\u0142a dla was niepewno\u015b\u0107.<\/strong><\/p>\n\n\n\n<p>Po porodzie na miesi\u0105c trafi\u0142y\u015bmy na OIOM. Tam nie opu\u015bci\u0142am jej nawet na minut\u0119. Dosta\u0142am fotel i czuwa\u0142am tak dzie\u0144 i noc. Jak nas wypisywali ze szpitala, us\u0142ysza\u0142am od piel\u0119gniarek: &#8222;dziecko wam zniszczyli&#8221;. Z kolei lekarze twierdzili, \u017ce troszk\u0119 si\u0119 j\u0105 porehabilituje i wszystko b\u0119dzie dobrze.<\/p>\n\n\n\n<p><strong>\u017byli\u015bcie bez diagnozy, ze wskazaniem do wielospecjalistycznej opieki lekarskiej.<\/strong><\/p>\n\n\n\n<p>Nikt nie by\u0142 w stanie powiedzie\u0107 co dolega Zuzi, a ona strasznie p\u0142aka\u0142a, w og\u00f3le nie spa\u0142a w nocy. Kilka razy l\u0105dowali\u015bmy w szpitalu z przypuszczeniami kolki.<\/p>\n\n\n\n<p>Jak si\u0119 p\u00f3\u017aniej okaza\u0142o, to uszkodzenia w m\u00f3zgu nie pozwala\u0142y jej normalnie funkcjonowa\u0107. Po dziesi\u0119ciu miesi\u0105cach \u017cycia stwierdzono u niej dzieci\u0119ce pora\u017cenie m\u00f3zgowe. Dostaj\u0105c diagnoz\u0119, wiedzieli\u015bmy ju\u017c, w jakim kierunku mniej wi\u0119cej pokierowa\u0107 rehabilitacj\u0119.<\/p>\n\n\n\n<p><strong>Kiedy stwierdzili\u015bcie, \u017ce chcecie wytoczy\u0107 szpitalowi spraw\u0119 i domaga\u0107 si\u0119 odszkodowania?<\/strong><\/p>\n\n\n\n<p>Razem z m\u0119\u017cem po kilku miesi\u0105cach od porodu zacz\u0119li\u015bmy si\u0119 zastanawia\u0107, co tak naprawd\u0119 zasz\u0142o na szpitalnej sali i dlaczego nasza c\u00f3rka do ko\u0144ca \u017cycia b\u0119dzie niepe\u0142nosprawna. Postanowili\u015bmy wynaj\u0105\u0107 prawnika, jednak \u017caden nie chcia\u0142 nas wspom\u00f3c, twierdz\u0105c, \u017ce ze szpitalem si\u0119 nie wygra. Zacz\u0119li\u015bmy w pewnym momencie chodzi\u0107 do lekarzy i pokazywa\u0107 dokumentacj\u0119. Jednak r\u0119ka r\u0119k\u0119 myje, nikt nie chcia\u0142 pom\u00f3c. I tak przez cztery lata m\u00f3j m\u0105\u017c chodzi\u0142 od drzwi do drzwi. Ja przechodzi\u0142am depresj\u0119, mia\u0142am my\u015bli samob\u00f3jcze.<\/p>\n\n\n\n<p><strong>W tym tunelu pojawi\u0142o si\u0119 \u015bwiat\u0142o.<\/strong><\/p>\n\n\n\n<p>Na naszej drodze stan\u0105\u0142 ginekolog-po\u0142o\u017cnik dr Ryszard Frankowicz, specjalizuj\u0105cy si\u0119 w opiniach dotycz\u0105cych b\u0142\u0119d\u00f3w lekarskich. Przejrza\u0142 nasz\u0105 dokumentacj\u0119 medyczn\u0105 i zrobi\u0142 co\u015b jeszcze. Da\u0142 mi mentalnego kopa. Powiedzia\u0142, \u017ce albo przestan\u0119 p\u0142aka\u0107 i wezm\u0119 si\u0119 do roboty, albo \u017ale to si\u0119 sko\u0144czy. Dodatkowo uwierzy\u0142 we mnie. Powiedzia\u0142, \u017ce jestem silna i nie potrzebujemy na sprawie adwokata.<\/p>\n\n\n\n<p><strong>Podj\u0119\u0142a\u015b dzia\u0142anie. W s\u0105dzie reprezentowa\u0142a\u015b c\u00f3rk\u0119 sama z m\u0119\u017cem.<\/strong><\/p>\n\n\n\n<p>Aktualnie kodeks cywilny mam praktycznie w ma\u0142ym palcu. To efekt 5-letniej walki w s\u0105dzie. Sami z m\u0119\u017cem chodzili\u015bmy na rozprawy. Dr Frankowicz pomaga\u0142 nam pisa\u0107 pisma, przygotowywa\u0142 nas, udziela\u0142 wskaz\u00f3wek. Przez Skype konsultowali\u015bmy si\u0119, przewidywali\u015bmy, analizowali\u015bmy r\u00f3\u017cne warianty.<\/p>\n\n\n\n<p>W s\u0105dzie trafili\u015bmy na przychylny sk\u0142ad s\u0119dziowski, na bardzo dobry instytut bieg\u0142ych, kt\u00f3ry chcia\u0142 na szcz\u0119\u015bcie zobaczy\u0107 nasze dziecko, a nie decydowa\u0107 o Zuzi bez spojrzenia jej w oczy. Wspomn\u0119 te\u017c, \u017ce bywaj\u0105 specjali\u015bci, kt\u00f3rzy po prostu przegl\u0105daj\u0105 dokumentacj\u0119 medyczn\u0105, nie interesuj\u0105 si\u0119 wygl\u0105dem i stanem dziecka. W mojej opinii sam widok Zuzi pokazuje, jakie s\u0105 jej rokowania na przysz\u0142o\u015b\u0107. U nas opinia bieg\u0142ych by\u0142a miarodajna.<\/p>\n\n\n\n<figure class=\"wp-block-image size-large\"><img decoding=\"async\" src=\"https:\/\/v.wpimg.pl\/Njc5MzU0YQsCVztJektsHkEPbxM8EmJIFhd3WHp_YVxXATVVM1kiDxFQPRV7VzwfE1Q6CntAIkUCRSRVIwFhDgpGPRY0SWEPDlcoHnoBLVpXAX0fMx0tU1UGYE42BX9HWlN-SHgDeVlVBixDZlR_XAAXMA==\" alt=\"\"\/><figcaption>Zuzia z tat\u0105 na spacerze<\/figcaption><\/figure>\n\n\n\n<p><strong>Czego si\u0119 najbardziej obawia\u0142a\u015b? W ko\u0144cu rozpocz\u0119\u0142a\u015b walk\u0119, kt\u00f3ra z g\u00f3ry wygl\u0105da\u0142a na przegran\u0105.<\/strong><\/p>\n\n\n\n<p>Najgorzej by\u0142o zacz\u0105\u0107, pierwszy raz wej\u015b\u0107 na sal\u0119 s\u0105dow\u0105 i stan\u0105\u0107 oko w oko z obro\u0144cami. Bali\u015bmy si\u0119, \u017ce b\u0119dziemy pot\u0119piani, \u017ce b\u0119d\u0105 m\u00f3wili o nas najgorsze rzeczy \u2013 i tak te\u017c by\u0142o. Us\u0142yszeli\u015bmy, \u017ce \u017c\u0105daj\u0105c tak wysokiej kwoty dla swojego dziecka, pozbawiamy pieni\u0119dzy pacjent\u00f3w szpitala, czyli opieki i sprz\u0119t\u00f3w. To dawa\u0142o nam do my\u015blenia, by\u0142o trudne, sia\u0142o niepewno\u015b\u0107.<\/p>\n\n\n\n<p>Z drugiej strony zn\u00f3w przypominali\u015bmy sobie, \u017ce nasze dziecko b\u0119dzie do ko\u0144ca \u017cycia niepe\u0142nosprawne i \u017ce kto\u015b powinien za to odpowiedzie\u0107.<\/p>\n\n\n\n<p><strong>Wyrok zapad\u0142 we wrze\u015bniu 2017 roku. Zas\u0105dzono 800 tysi\u0119cy zado\u015b\u0107uczynienia. Ani wy, ani szpital nie zgodzili\u015bcie si\u0119 z werdyktem.<\/strong><\/p>\n\n\n\n<p>Obydwie strony wnios\u0142y o apelacj\u0119, kt\u00f3ra odby\u0142a si\u0119 rok p\u00f3\u017aniej w s\u0105dzie apelacyjnym w Gda\u0144sku. S\u0119dzia przyzna\u0142a nam o 400 tysi\u0119cy wi\u0119ksz\u0105 kwot\u0119 ni\u017c poprzedni sk\u0142ad, czyli 1 mln i 200 tysi\u0119cy z\u0142otych oraz dodatkowo odsetki, sta\u0142\u0105 rent\u0119 dla Zuzi i do\u017cywotni\u0105 opiek\u0119 szpitala.<\/p>\n\n\n\n<p><strong>Wygrali\u015bcie spraw\u0119, p\u00f3\u017aniej j\u0105 nag\u0142o\u015bnili\u015bcie. Wielu rodzic\u00f3w woli w spokoju \u017cy\u0107, nie uzewn\u0119trznia\u0107 si\u0119, nie m\u00f3wi\u0107 g\u0142o\u015bno o tym, \u017ce dostali pieni\u0105dze.<\/strong><\/p>\n\n\n\n<p>Dla mnie nie ma znaczenia, co kto\u015b pomy\u015bli. Kiedy\u015b mnie to bola\u0142o, potrafi\u0142o zrani\u0107, ale teraz mam dystans. Od czasu kiedy wygrali\u015bmy spraw\u0119 i opowiedzieli\u015bmy o nas \u015bwiatu, odezwa\u0142o si\u0119 do mnie oko\u0142o 200 rodzin. Zostali pokrzywdzeni przez b\u0142\u0119dy oko\u0142oporodowe. Wi\u0119kszo\u015b\u0107 os\u00f3b skierowa\u0142am do doktora Frankowicza.<\/p>\n\n\n\n<p><strong>Pomagasz innym, ale ci\u0105gle walczysz o swoje.<\/strong><\/p>\n\n\n\n<p>Wytoczyli\u015bmy spraw\u0119 o zado\u015b\u0107uczynienie dla mnie jako matki, dla ojca Zuzi i Weroniki, jej starszej siostry za utracone relacje i zdrowie. Patrz\u0105c wstecz, to wszyscy zostali\u015bmy bardzo pokrzywdzeni. My\u015bl\u0119 te\u017c o wytoczeniu sprawy karnej lekarzowi, kt\u00f3ry by\u0142 g\u0142\u00f3wnodowodz\u0105cym podczas mojego porodu. On nie poni\u00f3s\u0142 \u017cadnej odpowiedzialno\u015bci.<\/p>\n\n\n\n<p><strong>Co powiedzia\u0142aby\u015b teraz rodzicom, kt\u00f3rzy chcieliby tak jak ty, zawalczy\u0107 o prawd\u0119?<\/strong><\/p>\n\n\n\n<p>Spotykam wiele rodzin z niepe\u0142nosprawnymi dzie\u0107mi, s\u0105 cz\u0119sto zagubieni. Nie maj\u0105 opieki z zewn\u0105trz, ani psychologa, ani medycznego wsparcia, cz\u0119sto b\u0142\u0105dz\u0105. Wychodz\u0105 ze szpitala i nie wiedz\u0105, \u017ce mog\u0105 walczy\u0107 o wi\u0119cej. Kr\u0105\u017c\u0105 te\u017c b\u0142\u0119dne informacje, \u017ce o odszkodowanie w sprawach b\u0142\u0119d\u00f3w oko\u0142oporodowych mo\u017cna walczy\u0107 tylko do 3. roku \u017cycia dziecka \u2013 a mo\u017cna to zrobi\u0107, dop\u00f3ki nie sko\u0144czy ono 20 lat. Mo\u017cna te\u017c walczy\u0107 o odszkodowanie dla rodziny.<\/p>\n\n\n\n<p>My dzi\u015b nie musimy si\u0119 martwi\u0107 o zaplecze finansowe. Wiemy, \u017ce jak nas zabraknie, to Zuzia ma zapewniony byt. Po ca\u0142ej sprawie mamy te\u017c poczucie sprawiedliwo\u015bci. Ale uwa\u017cam, \u017ce aby zacz\u0105\u0107 walk\u0119 to trzeba pogodzi\u0107 si\u0119 z tym, co si\u0119 sta\u0142o. Stan\u0105\u0107 ponad wszystkim. B\u0119d\u0105c wrogo nastawionym, walki si\u0119 nie wygra. W\u00f3wczas b\u0119dzie pragnienie zemsty.<\/p>\n\n\n\n<p>Musi by\u0107 te\u017c kto\u015b, kto b\u0119dzie inspiracj\u0105, popchnie do dzia\u0142ania. Mo\u017ce to by\u0107 psycholog, drugi rodzic, lekarz. U mnie na tej drodze stan\u0105\u0142 dr Ryszard Frankowicz. Podni\u00f3s\u0142 mnie, pom\u00f3g\u0142. Walczy\u0142am 5 lat, ale nie \u017ca\u0142uj\u0119, cho\u0107 to by\u0142 czas okupiony \u0142zami. Tak d\u0142ugo jak starczy mi si\u0142, b\u0119d\u0119 namawia\u0107 ka\u017cdego rodzica w podobnej sytuacji, by walczy\u0142. To stawia na nogi. W razie przegranej nigdy nikt nie powie, \u017ce nie pr\u00f3bowa\u0142e\u015b.<\/p>\n\n\n\n<p>wp.pl<\/p>\n","protected":false},"excerpt":{"rendered":"<p>Ostatnie 50 minut porodu to by\u0142 koszmar dla Agnieszki Lukowskiej. Akcja porodowa usta\u0142a, a na sali nie by\u0142o wsparcia. P\u00f3\u017aniej lekarz po\u0142o\u017cy\u0142 si\u0119 jej na brzuchu i wypchn\u0105\u0142 dziecko. Na skutek b\u0142\u0119d\u00f3w, jej c\u00f3rka urodzi\u0142a si\u0119 z dzieci\u0119cym pora\u017ceniem m\u00f3zgowym. Pi\u0119\u0107 lat kobieta dochodzi\u0142a sprawiedliwo\u015bci w s\u0105dzie, bez wsparcia adwokata. Dopiero przy apelacji si\u0119gn\u0119\u0142a po [&hellip;]<\/p>\n","protected":false},"author":2,"featured_media":0,"comment_status":"open","ping_status":"open","sticky":false,"template":"","format":"standard","meta":{"footnotes":""},"categories":[8],"tags":[120,93,12,13],"class_list":["post-3137","post","type-post","status-publish","format-standard","hentry","category-aktualnosci","tag-blad-medyczny","tag-bledy-medyczne","tag-odszkodowanie","tag-zadoscuczynienie"],"_links":{"self":[{"href":"https:\/\/www.odszkodowania.info.pl\/index.php?rest_route=\/wp\/v2\/posts\/3137","targetHints":{"allow":["GET"]}}],"collection":[{"href":"https:\/\/www.odszkodowania.info.pl\/index.php?rest_route=\/wp\/v2\/posts"}],"about":[{"href":"https:\/\/www.odszkodowania.info.pl\/index.php?rest_route=\/wp\/v2\/types\/post"}],"author":[{"embeddable":true,"href":"https:\/\/www.odszkodowania.info.pl\/index.php?rest_route=\/wp\/v2\/users\/2"}],"replies":[{"embeddable":true,"href":"https:\/\/www.odszkodowania.info.pl\/index.php?rest_route=%2Fwp%2Fv2%2Fcomments&post=3137"}],"version-history":[{"count":1,"href":"https:\/\/www.odszkodowania.info.pl\/index.php?rest_route=\/wp\/v2\/posts\/3137\/revisions"}],"predecessor-version":[{"id":3138,"href":"https:\/\/www.odszkodowania.info.pl\/index.php?rest_route=\/wp\/v2\/posts\/3137\/revisions\/3138"}],"wp:attachment":[{"href":"https:\/\/www.odszkodowania.info.pl\/index.php?rest_route=%2Fwp%2Fv2%2Fmedia&parent=3137"}],"wp:term":[{"taxonomy":"category","embeddable":true,"href":"https:\/\/www.odszkodowania.info.pl\/index.php?rest_route=%2Fwp%2Fv2%2Fcategories&post=3137"},{"taxonomy":"post_tag","embeddable":true,"href":"https:\/\/www.odszkodowania.info.pl\/index.php?rest_route=%2Fwp%2Fv2%2Ftags&post=3137"}],"curies":[{"name":"wp","href":"https:\/\/api.w.org\/{rel}","templated":true}]}}