{"id":3150,"date":"2020-10-14T20:27:01","date_gmt":"2020-10-14T19:27:01","guid":{"rendered":"http:\/\/www.odszkodowania.info.pl\/?p=3150"},"modified":"2020-10-14T20:27:12","modified_gmt":"2020-10-14T19:27:12","slug":"sprawiedliwosc-po-22-latach-policja-musi-zaplacic-za-smierc-posterunkowego","status":"publish","type":"post","link":"https:\/\/www.odszkodowania.info.pl\/?p=3150","title":{"rendered":"Sprawiedliwo\u015b\u0107 po 22 latach. Policja musi zap\u0142aci\u0107 za \u015bmier\u0107 posterunkowego"},"content":{"rendered":"\n<p>Rodzina tragicznie zmar\u0142ego policjanta Piotra Nale\u015bnika, musia\u0142a czeka\u0107 a\u017c 22 lata, aby s\u0105d przyzna\u0142 im odszkodowanie. Jednak to nie wr\u00f3ci im syna\u2026<\/p>\n\n\n\n<p>Musia\u0142y min\u0105\u0107 22 lata, nim w ko\u0144cu rodzina tragicznie zmar\u0142ego starszego posterunkowego Piotra Nale\u015bnika (\u202023 l.) doczeka\u0142a si\u0119 sprawiedliwo\u015bci i zado\u015b\u0107uczynienia. 27 listopada 1998 roku w Warszawie Piotr wraz z koleg\u0105 z patrolu Piotrem Jasi\u0144skim (\u202024 l.) prowadzili po\u015bcig. Polonez, kt\u00f3rym gonili kierowc\u0119 Macieja U., roztrzaska\u0142 si\u0119 na latarni. Piotr Jasi\u0144ski zmar\u0142 kilka godzin po wypadku, a Piotr Nale\u015bnik tydzie\u0144 p\u00f3\u017aniej.<\/p>\n\n\n\n<p><strong>Pijak dosta\u0142 olbrzymie odszkodowanie<\/strong><\/p>\n\n\n\n<p>Kierowca, przez kt\u00f3rego zgin\u0119li, wpad\u0142 w r\u0119ce policji nast\u0119pnego dnia. Zosta\u0142 aresztowany, ale nikt ju\u017c nie m\u00f3g\u0142 mu udowodni\u0107, \u017ce by\u0142 pijany. Rok po tej tragedii rozpocz\u0105\u0142 si\u0119 \u017cmudny proces s\u0105dowy. Ostatecznie, po 15 latach od tragedii s\u0105d uniewinni\u0142 uciekaj\u0105cego szofera! Ba! Przyzna\u0142 mu nawet 260 tysi\u0119cy z\u0142otych zado\u015b\u0107uczynienia za to, \u017ce przesiedzia\u0142 w areszcie 788 dni! Rodziny policjant\u00f3w dosta\u0142y od Skarbu Pa\u0144stwa tylko po oko\u0142o 40 tysi\u0119cy z\u0142otych&#8230; Rodzina Piotra Nale\u015bnika nie podda\u0142a si\u0119 i walczy\u0142a dalej. W ko\u0144cu \u2013 po 22 latach odnios\u0142a zwyci\u0119stwo! <strong>S\u0105d przyzna\u0142 im 640 tysi\u0119cy z\u0142otych odszkodowania.<\/strong> Niestety, senior rodziny S\u0142awomir Nale\u015bnik, ojciec policjanta, nie doczeka\u0142 tej chwili. Zmar\u0142 w grudniu zesz\u0142ego roku.<\/p>\n\n\n\n<p><strong>Ojciec nie doczeka\u0142<\/strong><\/p>\n\n\n\n<p>\u2013 Wiem, jak wa\u017cna by\u0142aby to dla niego chwila i wiem te\u017c, \u017ce czeka\u0142 na zwyk\u0142\u0105 ludzk\u0105 sprawiedliwo\u015b\u0107 do ko\u0144ca swojego \u017cycia. \u017badne pieni\u0105dze nie zwr\u00f3c\u0105 \u017cycia temu m\u0142odemu dzielnemu cz\u0142owiekowi. &nbsp;Jednak by\u0107 mo\u017ce zas\u0105dzone&nbsp;kwoty b\u0119d\u0105 &#8222;kar\u0105&#8221; dla tych, kt\u00f3rzy ludzie \u017cycie traktuj\u0105 z&nbsp;niezno\u015bn\u0105 lekko\u015bci\u0105 doprowadzaj\u0105c do dramatu, kt\u00f3ry ci\u0105gnie si\u0119 tak&nbsp;d\u0142ugo. Pomimo naszych pr\u00f3\u015bb polubownego za\u0142atwienia sprawy nikt nigdy z w\u0142adz (skarbu pa\u0144stwa) takiej woli nie wyrazi\u0142, nigdy nie dosz\u0142o do&nbsp;spotkania z rodzin\u0105 i pe\u0142nomocnik\u00f3w rodziny z przedstawicielami skarbu&nbsp;pa\u0144stwa &#8211; m\u00f3wi reprezentuj\u0105cy rodzin\u0119 Maciej Kwiecie\u0144.<\/p>\n\n\n\n<p>Rodzinie drugiego policjanta zabrak\u0142o si\u0142y na walk\u0119. \u2013 Nie chcemy tego ci\u0105gle odtwarza\u0107. To zbyt wielki b\u00f3l \u2013 m\u00f3wi Andrzej Jasi\u0144ski (77 l.), ojciec drugiego tragicznie zmar\u0142ego policjanta.<\/p>\n\n\n\n<p>Nikt nigdy nie przeprosi\u0142 rodzin za \u015bmier\u0107 ofiarnych funkcjonariuszy. Jakby nikogo nie obchodzili&#8230;\u00a0<\/p>\n\n\n\n<p><a href=\"https:\/\/www.fakt.pl\/wydarzenia\/polska\/w-koncu-rodzina-tragicznie-zmarlego-policjanta-dostala-odszkodowanie\/gsm466j\">https:\/\/www.fakt.pl\/wydarzenia\/polska\/w-koncu-rodzina-tragicznie-zmarlego-policjanta-dostala-odszkodowanie\/gsm466j<\/a><\/p>\n","protected":false},"excerpt":{"rendered":"<p>Rodzina tragicznie zmar\u0142ego policjanta Piotra Nale\u015bnika, musia\u0142a czeka\u0107 a\u017c 22 lata, aby s\u0105d przyzna\u0142 im odszkodowanie. Jednak to nie wr\u00f3ci im syna\u2026 Musia\u0142y min\u0105\u0107 22 lata, nim w ko\u0144cu rodzina tragicznie zmar\u0142ego starszego posterunkowego Piotra Nale\u015bnika (\u202023 l.) doczeka\u0142a si\u0119 sprawiedliwo\u015bci i zado\u015b\u0107uczynienia. 27 listopada 1998 roku w Warszawie Piotr wraz z koleg\u0105 z patrolu [&hellip;]<\/p>\n","protected":false},"author":1,"featured_media":0,"comment_status":"open","ping_status":"open","sticky":false,"template":"","format":"standard","meta":{"footnotes":""},"categories":[8,45],"tags":[11,12,13],"class_list":["post-3150","post","type-post","status-publish","format-standard","hentry","category-aktualnosci","category-artykul-glowny","tag-marshal","tag-odszkodowanie","tag-zadoscuczynienie"],"_links":{"self":[{"href":"https:\/\/www.odszkodowania.info.pl\/index.php?rest_route=\/wp\/v2\/posts\/3150","targetHints":{"allow":["GET"]}}],"collection":[{"href":"https:\/\/www.odszkodowania.info.pl\/index.php?rest_route=\/wp\/v2\/posts"}],"about":[{"href":"https:\/\/www.odszkodowania.info.pl\/index.php?rest_route=\/wp\/v2\/types\/post"}],"author":[{"embeddable":true,"href":"https:\/\/www.odszkodowania.info.pl\/index.php?rest_route=\/wp\/v2\/users\/1"}],"replies":[{"embeddable":true,"href":"https:\/\/www.odszkodowania.info.pl\/index.php?rest_route=%2Fwp%2Fv2%2Fcomments&post=3150"}],"version-history":[{"count":1,"href":"https:\/\/www.odszkodowania.info.pl\/index.php?rest_route=\/wp\/v2\/posts\/3150\/revisions"}],"predecessor-version":[{"id":3151,"href":"https:\/\/www.odszkodowania.info.pl\/index.php?rest_route=\/wp\/v2\/posts\/3150\/revisions\/3151"}],"wp:attachment":[{"href":"https:\/\/www.odszkodowania.info.pl\/index.php?rest_route=%2Fwp%2Fv2%2Fmedia&parent=3150"}],"wp:term":[{"taxonomy":"category","embeddable":true,"href":"https:\/\/www.odszkodowania.info.pl\/index.php?rest_route=%2Fwp%2Fv2%2Fcategories&post=3150"},{"taxonomy":"post_tag","embeddable":true,"href":"https:\/\/www.odszkodowania.info.pl\/index.php?rest_route=%2Fwp%2Fv2%2Ftags&post=3150"}],"curies":[{"name":"wp","href":"https:\/\/api.w.org\/{rel}","templated":true}]}}