{"id":3159,"date":"2020-11-30T20:34:04","date_gmt":"2020-11-30T19:34:04","guid":{"rendered":"http:\/\/www.odszkodowania.info.pl\/?p=3159"},"modified":"2026-03-11T19:53:27","modified_gmt":"2026-03-11T18:53:27","slug":"tsue-rozstrzygnie-o-odszkodowaniach-za-wypadek-sprzed-10-lat","status":"publish","type":"post","link":"https:\/\/www.odszkodowania.info.pl\/?p=3159","title":{"rendered":"TSUE rozstrzygnie o odszkodowaniach za wypadek sprzed 10 lat"},"content":{"rendered":"\n<p>Mija 10 lat od tragedii jaka rozegra\u0142a si\u0119 na drodze wojew\u00f3dzkiej 707 pod Nowym Miastem nad Pilic\u0105. Przypomnijmy, i\u017c w wypadku zgin\u0119\u0142o 18 os\u00f3b a za sprawc\u0119 uznany zosta\u0142 kieruj\u0105cy VW Transporterem przewo\u017c\u0105cym osoby do pracy sezonowe w sadzie.<\/p>\n\n\n\n<p>Pomimo i\u017c od wypadku min\u0119\u0142a dekada, nadal rodziny ofiar nie otrzyma\u0142y pe\u0142nego odszkodowania. A walka o nale\u017cne im kwoty przenosi si\u0119 teraz do TSUE. Problem pojawi\u0142 si\u0119 w zwi\u0105zku z du\u017c\u0105 liczb\u0105 ofiar wypadku a co za tym idzie du\u017c\u0105 liczb\u0105 os\u00f3b uprawnionych do otrzymania zado\u015b\u0107uczynienia czy innych \u015bwiadcze\u0144 w zwi\u0105zku ze \u015bmierci\u0105 najbli\u017cszych. Suma gwarancyjna z ubezpieczenia OC posiadacza pojazdu sprawcy zosta\u0142a wyczerpana w toku likwidacji szkody.<\/p>\n\n\n\n<p>Pe\u0142nomocnicy zdecydowali tu jednak o wytoczeniu pow\u00f3dztwa przeciwko Skarbowi Pa\u0144stwa, zarzucaj\u0105c, \u017ce w dacie zdarzenia minimalna suma gwarancyjna w ubezpieczeniu OC pojazd\u00f3w powinna by\u0107 wy\u017csza, zgodnie z wymaganiami narzuconymi przez dyrektywy UE. Problem zwi\u0105zany by\u0142 z faktem, i\u017c polisa ubezpieczenia OC dot. pojazdu, kt\u00f3rym jecha\u0142y zmar\u0142e osoby obowi\u0105zywa\u0142a od dnia 8 grudnia 2009, natomiast od dnia 12 grudnia 2010 wprowadzona zosta\u0142a zgodnie z wymogami Unii Europejskiej nowa wy\u017csza minimalna suma gwarancyjna 2,5 mln Euro (wcze\u015bniej 1,5 mln Euro). Tym samym powsta\u0142o pytanie czy nowa suma gwarancyjna nie powinna obj\u0105\u0107 tak\u017ce \u201estarych\u201d polis OC w tym tej kupionej 8 grudnia 2009 roku \u2013 czyli na 3 dni przed podniesieniem sumy gwarancyjnej.<\/p>\n\n\n\n<p>Pe\u0142nomocnik procesowy, adwokat dr hab. Ilona Kwiecie\u0144 wskazuje: \u201e<em>Polski ustawodawca dokona\u0142 wdro\u017cenia dyrektywy w ten spos\u00f3b, \u017ce wym\u00f3g podwy\u017cszonej sumy gwarancyjnej dotyczy\u0142 jedynie um\u00f3w ubezpieczenia OC zawieranych od dnia 12 grudnia 2009r. Tymczasem Dyrektywa 2005\/14\/WE nakaza\u0142a naszym zdaniem, aby od daty wskazanej dla jej implementacji zagwarantowa\u0107 ochron\u0119 w zakresie ju\u017c podwy\u017cszonych sum gwarancyjnych. Zastosowanie nowej minimalnej sumy gwarancyjnej jedynie do nowo zawieranych um\u00f3w sprawi\u0142o, \u017ce przez rok od granicznych&nbsp; dat ustanowionych&nbsp; dyrektyw\u0105&nbsp; funkcjonowa\u0142y obok siebie&nbsp; umowy&nbsp; z ni\u017csz\u0105 sum\u0105 gwarancyjn\u0105&nbsp; (zawarte&nbsp; przed dat\u0105 graniczn\u0105 \u2013 taka jak umowa dotycz\u0105ca pojazdu sprawcy szkody) i&nbsp; umowy z wy\u017csz\u0105 sum\u0105 gwarancyjn\u0105 (zawarte po dacie granicznej). Szczeg\u00f3lnie pytanie to wydaje si\u0119 zasadne, i\u017c gdyby posiadacz pojazdu nie by\u0142 ubezpieczony (OC posiadaczy pojazd\u00f3w mechanicznych), \u015bwiadczenia wyp\u0142aca\u0142by UFG &#8211; &nbsp;wg nowej wy\u017cszej sumy gwarancyjnej, co zn\u00f3w prowadzi\u0142by do paradoksu, i\u017c lepiej chronieni byliby pasa\u017cerowie pojazdu nie ubezpieczonego ni\u017c ubezpieczonego<\/em>.\u201d<\/p>\n\n\n\n<p>St\u0105d wieloletni b\u00f3j s\u0105dowy ze Skarbem Pa\u0144stwa, kt\u00f3ry prawdopodobnie zako\u0144czy orzeczenie TSUE. S\u0105d Apelacyjny w Warszawie zwr\u00f3ci\u0142 si\u0119 bowiem o rozstrzygniecie tego dylematu do Trybuna\u0142u Sprawiedliwo\u015bci Unii Europejskiej \u2013 o wydanie orzeczenia w trybie prejudycjalnym i rozstrzygni\u0119cie w przedmiocie nast\u0119puj\u0105cego pytania:<\/p>\n\n\n\n<p><em>Czy zgodnie z art. 2 dyrektywy 2005\/14\/WE z dnia 11 maja 2005 roku zmieniaj\u0105cej dyrektywy Rady 721166\/EWG, 84\/5\/EWG, 88\/357\/EWG i 90\/232\/EWG oraz dyrektyw\u0119 2000\/26\/WE Parlamentu Europejskiego i Rady dotycz\u0105ce ubezpieczenia w zakresie odpowiedzialno\u015bci cywilnej za szkody powsta\u0142e w zwi\u0105zku z ruchem pojazd\u00f3w mechanicznych &#8211; Pa\u0144stwo Cz\u0142onkowskie, kt\u00f3re ustanowi\u0142o okres przej\u015bciowy na dostosowanie minimalnych sum gwarancyjnych, mia\u0142o obowi\u0105zek podnie\u015b\u0107 sumy gwarancyjne do co najmniej po\u0142owy kwot okre\u015blonych w zmienionym artykule 1 ust\u0119p 2 dyrektywy 84\/5\/EWG w ci\u0105gu 30 miesi\u0119cy od up\u0142ywu terminu do wykonania dyrektywy:<\/em><\/p>\n\n\n\n<p><em>&#8211; w odniesieniu do wszystkich um\u00f3w ubezpieczenia komunikacyjnego obowi\u0105zuj\u0105cych po up\u0142ywie wskazanych 30 miesi\u0119cy, w tym tak\u017ce um\u00f3w zawartych przed dniem 11 grudnia 2009 roku, ale obowi\u0105zuj\u0105cych nadal po tej dacie \u2013 w odniesieniu do zdarze\u0144 szkodowych zaistnia\u0142ych po dniu 11 grudnia 2009 roku,<\/em><\/p>\n\n\n\n<p><em>&#8211; czy te\u017c wy\u0142\u0105cznie w odniesieniu do nowych um\u00f3w ubezpieczenia komunikacyjnego, zawieranych po 11 grudnia 2009 roku?<\/em><\/p>\n\n\n\n<p>Pokrzywdzeni jak i ca\u0142a bran\u017ca zwi\u0105zana z ubezpieczeniami czeka na to niezmiernie wa\u017cne orzeczenie TSUE.<\/p>\n\n\n\n\t\t<div class=\"wppdfemb-frame-container-1\" style=\"-webkit-overflow-scrolling:auto;\">\n\t\t\t<iframe class=\"pdfembed-iframe nonfullscreen wppdf-emb-iframe-1\"\n\t\t\t\tsrc=\"https:\/\/www.odszkodowania.info.pl\/?pdfemb-data=eyJwZGZJRCI6MzE2MCwidXJsIjoiaHR0cHM6XC9cL3d3dy5vZHN6a29kb3dhbmlhLmluZm8ucGxcL3dwLWNvbnRlbnRcL3VwbG9hZHNcL1Bvc3Rhbm93aWVuaWUtU0EtV2Fyc3phd2Etei0yOC4wOC4yMDIwLXp3cm9jZW5pZS1kby1UcnlidW5hbHVfWnJlZGFnb3dhbnkucGRmIiwiY2xhc3NOYW1lIjoid3AtYmxvY2stcGRmZW1iLXBkZi1lbWJlZGRlci12aWV3ZXIiLCJpbmRleCI6MX0\"\n\t\t\t\t\t\t\t\tdata-pdf-id=\"3160\"\n\t\t\t\tdata-pdf-index=\"1\"\n\t\t\t\tstyle=\"border:none;width:100%;max-width:100%;height:100vh;\"\n\t\t\t\tscrolling=\"yes\">\n\t\t\t<\/iframe>\n\t\t<\/div>\n\n\t\t","protected":false},"excerpt":{"rendered":"<p>Mija 10 lat od tragedii jaka rozegra\u0142a si\u0119 na drodze wojew\u00f3dzkiej 707 pod Nowym Miastem nad Pilic\u0105. Przypomnijmy, i\u017c w wypadku zgin\u0119\u0142o 18 os\u00f3b a za sprawc\u0119 uznany zosta\u0142 kieruj\u0105cy VW Transporterem przewo\u017c\u0105cym osoby do pracy sezonowe w sadzie. Pomimo i\u017c od wypadku min\u0119\u0142a dekada, nadal rodziny ofiar nie otrzyma\u0142y pe\u0142nego odszkodowania. A walka o [&hellip;]<\/p>\n","protected":false},"author":1,"featured_media":0,"comment_status":"open","ping_status":"open","sticky":false,"template":"","format":"standard","meta":{"footnotes":""},"categories":[8,45],"tags":[12,56,172,13],"class_list":["post-3159","post","type-post","status-publish","format-standard","hentry","category-aktualnosci","category-artykul-glowny","tag-odszkodowanie","tag-suma-gwarancyjna","tag-tsue","tag-zadoscuczynienie"],"_links":{"self":[{"href":"https:\/\/www.odszkodowania.info.pl\/index.php?rest_route=\/wp\/v2\/posts\/3159","targetHints":{"allow":["GET"]}}],"collection":[{"href":"https:\/\/www.odszkodowania.info.pl\/index.php?rest_route=\/wp\/v2\/posts"}],"about":[{"href":"https:\/\/www.odszkodowania.info.pl\/index.php?rest_route=\/wp\/v2\/types\/post"}],"author":[{"embeddable":true,"href":"https:\/\/www.odszkodowania.info.pl\/index.php?rest_route=\/wp\/v2\/users\/1"}],"replies":[{"embeddable":true,"href":"https:\/\/www.odszkodowania.info.pl\/index.php?rest_route=%2Fwp%2Fv2%2Fcomments&post=3159"}],"version-history":[{"count":2,"href":"https:\/\/www.odszkodowania.info.pl\/index.php?rest_route=\/wp\/v2\/posts\/3159\/revisions"}],"predecessor-version":[{"id":4128,"href":"https:\/\/www.odszkodowania.info.pl\/index.php?rest_route=\/wp\/v2\/posts\/3159\/revisions\/4128"}],"wp:attachment":[{"href":"https:\/\/www.odszkodowania.info.pl\/index.php?rest_route=%2Fwp%2Fv2%2Fmedia&parent=3159"}],"wp:term":[{"taxonomy":"category","embeddable":true,"href":"https:\/\/www.odszkodowania.info.pl\/index.php?rest_route=%2Fwp%2Fv2%2Fcategories&post=3159"},{"taxonomy":"post_tag","embeddable":true,"href":"https:\/\/www.odszkodowania.info.pl\/index.php?rest_route=%2Fwp%2Fv2%2Ftags&post=3159"}],"curies":[{"name":"wp","href":"https:\/\/api.w.org\/{rel}","templated":true}]}}