{"id":3167,"date":"2021-01-12T12:38:40","date_gmt":"2021-01-12T11:38:40","guid":{"rendered":"http:\/\/www.odszkodowania.info.pl\/?p=3167"},"modified":"2021-01-12T12:45:00","modified_gmt":"2021-01-12T11:45:00","slug":"tomasz-p-prezes-legatis-oskarzony-o-oszustwa","status":"publish","type":"post","link":"https:\/\/www.odszkodowania.info.pl\/?p=3167","title":{"rendered":"Tomasz P. prezes Legatis oskar\u017cony o oszustwa"},"content":{"rendered":"\n<p>Tomasz P. obecnie prezes zarz\u0105du sp\u00f3\u0142ki LEGATIS z\/s w Warszawie przy ulicy Jana Paw\u0142a II 27 zosta\u0142 oskar\u017cony przez Prokuratur\u0119 Rejonow\u0105 Lublin &#8211; P\u00f3\u0142noc  w Lublinie o szereg oszust. W sprawie w 2019 roku zosta\u0142 skierowany akt oskar\u017cenia przeciwko Tomaszowi P. i obecnie toczy si\u0119 post\u0119powanie karne przed S\u0105dem Rejonowym Lublin &#8211; Zach\u00f3d w Lublinie pod sygnatur\u0105 III K 851\/19. <\/p>\n\n\n\n<p>Osoby, kt\u00f3re czuj\u0105 si\u0119 oszukane przez Tomasza P. lub sp\u00f3\u0142k\u0119 LEGATIS powinny czym pr\u0119dzej zg\u0142osi\u0107 si\u0119 do Prokuratury Rejonowej w Lublinie ul. Narutowicza 32, 20-950 Lublin.<\/p>\n\n\n\n\t\t<div class=\"wppdfemb-frame-container-1\" style=\"-webkit-overflow-scrolling:auto;\">\n\t\t\t<iframe class=\"pdfembed-iframe nonfullscreen wppdf-emb-iframe-1\"\n\t\t\t\tsrc=\"https:\/\/www.odszkodowania.info.pl\/?pdfemb-data=eyJwZGZJRCI6MzE3MCwidXJsIjoiaHR0cDpcL1wvd3d3Lm9kc3prb2Rvd2FuaWEuaW5mby5wbFwvd3AtY29udGVudFwvdXBsb2Fkc1wvUFItSXAtOC4yMDIwX1pyZWRhZ293YW55LnBkZiIsImluZGV4IjoxfQ\"\n\t\t\t\t\t\t\t\tdata-pdf-id=\"3170\"\n\t\t\t\tdata-pdf-index=\"1\"\n\t\t\t\tstyle=\"border:none;width:100%;max-width:100%;height:100vh;\"\n\t\t\t\tscrolling=\"yes\">\n\t\t\t<\/iframe>\n\t\t<\/div>\n\n\t\t\n<p class=\"wp-block-pdfemb-pdf-embedder-viewer\"><\/p>\n","protected":false},"excerpt":{"rendered":"<p>Tomasz P. obecnie prezes zarz\u0105du sp\u00f3\u0142ki LEGATIS z\/s w Warszawie przy ulicy Jana Paw\u0142a II 27 zosta\u0142 oskar\u017cony przez Prokuratur\u0119 Rejonow\u0105 Lublin &#8211; P\u00f3\u0142noc w Lublinie o szereg oszust. W sprawie w 2019 roku zosta\u0142 skierowany akt oskar\u017cenia przeciwko Tomaszowi P. i obecnie toczy si\u0119 post\u0119powanie karne przed S\u0105dem Rejonowym Lublin &#8211; Zach\u00f3d w Lublinie [&hellip;]<\/p>\n","protected":false},"author":1,"featured_media":0,"comment_status":"open","ping_status":"open","sticky":false,"template":"","format":"standard","meta":{"footnotes":""},"categories":[8,45],"tags":[155],"class_list":["post-3167","post","type-post","status-publish","format-standard","hentry","category-aktualnosci","category-artykul-glowny","tag-legatis"],"_links":{"self":[{"href":"https:\/\/www.odszkodowania.info.pl\/index.php?rest_route=\/wp\/v2\/posts\/3167","targetHints":{"allow":["GET"]}}],"collection":[{"href":"https:\/\/www.odszkodowania.info.pl\/index.php?rest_route=\/wp\/v2\/posts"}],"about":[{"href":"https:\/\/www.odszkodowania.info.pl\/index.php?rest_route=\/wp\/v2\/types\/post"}],"author":[{"embeddable":true,"href":"https:\/\/www.odszkodowania.info.pl\/index.php?rest_route=\/wp\/v2\/users\/1"}],"replies":[{"embeddable":true,"href":"https:\/\/www.odszkodowania.info.pl\/index.php?rest_route=%2Fwp%2Fv2%2Fcomments&post=3167"}],"version-history":[{"count":2,"href":"https:\/\/www.odszkodowania.info.pl\/index.php?rest_route=\/wp\/v2\/posts\/3167\/revisions"}],"predecessor-version":[{"id":3172,"href":"https:\/\/www.odszkodowania.info.pl\/index.php?rest_route=\/wp\/v2\/posts\/3167\/revisions\/3172"}],"wp:attachment":[{"href":"https:\/\/www.odszkodowania.info.pl\/index.php?rest_route=%2Fwp%2Fv2%2Fmedia&parent=3167"}],"wp:term":[{"taxonomy":"category","embeddable":true,"href":"https:\/\/www.odszkodowania.info.pl\/index.php?rest_route=%2Fwp%2Fv2%2Fcategories&post=3167"},{"taxonomy":"post_tag","embeddable":true,"href":"https:\/\/www.odszkodowania.info.pl\/index.php?rest_route=%2Fwp%2Fv2%2Ftags&post=3167"}],"curies":[{"name":"wp","href":"https:\/\/api.w.org\/{rel}","templated":true}]}}