{"id":3174,"date":"2021-01-25T13:48:13","date_gmt":"2021-01-25T12:48:13","guid":{"rendered":"http:\/\/www.odszkodowania.info.pl\/?p=3174"},"modified":"2021-01-25T13:48:16","modified_gmt":"2021-01-25T12:48:16","slug":"klientka-zraniona-nozem-w-sklepie-duza-siec-supermarketow-musiala-zaplacic-odszkodowanie","status":"publish","type":"post","link":"https:\/\/www.odszkodowania.info.pl\/?p=3174","title":{"rendered":"Klientka zraniona no\u017cem w sklepie. Du\u017ca sie\u0107 supermarket\u00f3w musia\u0142a zap\u0142aci\u0107 odszkodowanie"},"content":{"rendered":"\n<p>W grudniu 2020 roku, decyzj\u0105 S\u0105du Rejonowego dla Warszawy Woli w Warszawie, zako\u0144czy\u0142 si\u0119 proces dotycz\u0105cy zdarzenia, do kt\u00f3rego dosz\u0142o ponad 5 lat wcze\u015bniej, 18 lipca 2015 roku. Przyznane zosta\u0142o odszkodowanie za nietypowy wypadek podczas zakup\u00f3w w jednym z supermarket\u00f3w du\u017cej zagranicznej sieci. Klientka zrani\u0142a si\u0119 w nog\u0119 no\u017cem, kt\u00f3rego ca\u0142e ostrze wystawa\u0142o na sztorc ze sklepowego w\u00f3zka z towarami. N\u00f3\u017c w w\u00f3zku le\u017ca\u0142 bez opakowania. B\u0142\u0105d ludzki pracownik\u00f3w sklepu&#8230;<\/p>\n\n\n\n<p>&#8211; To mia\u0142y by\u0107 szybkie zakupy w letnie sobotnie popo\u0142udnie &#8211; wspomina poszkodowana. &#8211; Podjechali\u015bmy pod sklep ca\u0142\u0105 rodzin\u0105. M\u0105\u017c z c\u00f3rkami zosta\u0142 w aucie, a ja wesz\u0142am do \u015brodka g\u0142\u00f3wnie po wod\u0119 mineraln\u0105, gdy\u017c to by\u0142 bardzo ciep\u0142y dzie\u0144. Ubrana by\u0142am w sanda\u0142ki i w sukienk\u0119 przed kolana. Gdy ju\u017c kierowa\u0142am si\u0119 w stron\u0119 kas, podesz\u0142am na chwil\u0119 do jednego z rega\u0142\u00f3w. Sta\u0142 przy nim sklepowy w\u00f3zek, wype\u0142niony przecenionymi towarami. Wykonuj\u0105c zwrot cia\u0142a przy tym w\u00f3zku nagle poczu\u0142am b\u00f3l i ciep\u0142o zalewaj\u0105ce lew\u0105 nog\u0119. Spojrza\u0142am w d\u00f3\u0142 i z przera\u017ceniem zobaczy\u0142am, \u017ce mam rozp\u0142atane cia\u0142o pod kolanem i z g\u0142\u0119bokiej rany leje si\u0119 krew, sp\u0142ywaj\u0105c do buta. Zacz\u0119\u0142am krzycze\u0107 z b\u00f3lu i przera\u017cenia, jednocze\u015bnie rozgl\u0105daj\u0105c si\u0119, by znale\u017a\u0107 przyczyn\u0119 tego, co si\u0119 sta\u0142o. Zobaczy\u0142am, \u017ce z w\u00f3zka wystaje na sztorc d\u0142ugie ostrze no\u017ca.<\/p>\n\n\n\n<figure class=\"wp-block-image size-large\"><a href=\"http:\/\/www.odszkodowania.info.pl\/wp-content\/uploads\/20210123_155932.jpg\"><img fetchpriority=\"high\" decoding=\"async\" width=\"799\" height=\"1024\" src=\"http:\/\/www.odszkodowania.info.pl\/wp-content\/uploads\/20210123_155932-799x1024.jpg\" alt=\"\" class=\"wp-image-3175\" srcset=\"https:\/\/www.odszkodowania.info.pl\/wp-content\/uploads\/20210123_155932-799x1024.jpg 799w, https:\/\/www.odszkodowania.info.pl\/wp-content\/uploads\/20210123_155932-234x300.jpg 234w, https:\/\/www.odszkodowania.info.pl\/wp-content\/uploads\/20210123_155932-768x985.jpg 768w, https:\/\/www.odszkodowania.info.pl\/wp-content\/uploads\/20210123_155932-1198x1536.jpg 1198w, https:\/\/www.odszkodowania.info.pl\/wp-content\/uploads\/20210123_155932-1597x2048.jpg 1597w, https:\/\/www.odszkodowania.info.pl\/wp-content\/uploads\/20210123_155932.jpg 1960w\" sizes=\"(max-width: 799px) 100vw, 799px\" \/><\/a><figcaption>Zdj\u0119cie ilustracyjne.<\/figcaption><\/figure>\n\n\n\n<p><strong>Kobiecie rzucili si\u0119 na pomoc klienci oraz pracownicy sklepu.<\/strong><\/p>\n\n\n\n<p>&#8211; Okaza\u0142o si\u0119, \u017ce w sklepie nie ma apteczki, krew jeden z klient\u00f3w tamowa\u0142 chusteczkami higienicznymi, a pracownicy sklepu z zaplecza przynie\u015bli twarde, zielone jednorazowe r\u0119czniki, kt\u00f3re spotka\u0107 mo\u017cna w WC do wycierania r\u0105k &#8211; relacjonuje poszkodowana. &#8211; Potem w swoich o\u015bwiadczeniach podali, \u017ce moja rana nie krwawi\u0142a&#8230; Ze sklepu do wezwanej karetki wynie\u015bli mnie ratownicy medyczni z pogotowia. Noga musia\u0142a zosta\u0107 prze\u015bwietlona, by sprawdzi\u0107 czy w ranie nie ma od\u0142amk\u00f3w ceramicznego ostrza, ze wzgl\u0119du na to, \u017ce by\u0142o wyszczerbione. Za\u0142o\u017cono mi 16 szw\u00f3w.<\/p>\n\n\n\n<p>Po powrocie do domu zacz\u0105\u0142 si\u0119 ci\u0119\u017cki okres. Niemo\u017cliwo\u015b\u0107 pracy, problem z chodzeniem, z wykonywaniem codziennych czynno\u015bci i obowi\u0105zk\u00f3w, zaprzestanie aktywno\u015bci fizycznej. Zmarnowany urlop. Najpierw b\u00f3l i puchni\u0119cie rany, potem du\u017ca trwa\u0142a blizna i zniekszta\u0142cenie kolana, a tak\u017ce nast\u0119pstwa psychologiczne.<\/p>\n\n\n\n<p>&#8211; To, \u017ce ze sklepu, w kt\u00f3rym cz\u0119sto robi\u0142am zakupy trafi\u0142am ranna do szpitala, by\u0142o dla mnie szokiem &#8211; wyznaje poszkodowana. &#8211; Tym wi\u0119kszym, gdy pomy\u015bla\u0142am, \u017ce na zakupy mia\u0142a i\u015b\u0107 ze mn\u0105 c\u00f3rka i to ona mog\u0142a zosta\u0107 ranna, by\u0107 mo\u017ce jeszcze gorzej ode mnie. Zacz\u0119\u0142am ba\u0107 si\u0119 chodzi\u0107 na zakupy, a sklepy tej sieci ja i moi najbli\u017csi omijamy od czasu wypadku, czyli ju\u017c od ponad 5 lat. Zacz\u0119\u0142am ba\u0107 si\u0119 te\u017c o swoje dzieci, bo do\u015bwiadczy\u0142am, \u017ce w znanym i pozornie bezpiecznym miejscu nagle mo\u017ce co\u015b si\u0119 sta\u0107.<\/p>\n\n\n\n<p>Co ciekawe, w sklepie w kt\u00f3rym mia\u0142o miejsce opisywane zdarzenie z no\u017cem, 5 lat wcze\u015bniej ju\u017c dosz\u0142o do g\u0142o\u015bnego wypadku. Poszkodowane w nim by\u0142o dziecko, a wysokie odszkodowanie &#8211; decyzj\u0105 s\u0105du &#8211; musia\u0142 wyp\u0142aci\u0107 producent wadliwie zabezpieczonego towaru.<\/p>\n\n\n\n<p>&#8211; W dzie\u0144 wypadku zadzwoni\u0142a do mnie przedstawicielka sieci i zacz\u0119\u0142a m\u00f3wi\u0107, \u017ce &#8222;to straszne, \u017ce akurat&#8230;&#8221; My\u015bla\u0142am, \u017ce chodzi jej o to, \u017ce przytrafi\u0142o si\u0119 to akurat mnie, kt\u00f3ra z sieci\u0105 s\u0142u\u017cbowo wsp\u00f3\u0142pracuje, ale ona doko\u0144czy\u0142a &#8222;&#8230; w tym sklepie, w kt\u00f3rym ju\u017c by\u0142 wypadek&#8221;. No c\u00f3\u017c, Polak i po szkodzie g\u0142upi! &#8211; opowiada poszkodowana. &#8211; Ja jednak mia\u0142am zamiar dzia\u0142a\u0107 dalej m\u0105drze nie g\u0142upio, st\u0105d od razu po wypadku skontaktowa\u0142am si\u0119 z Centrum Dochodzenia Odszkodowa\u0144 &#8222;MARSHAL&#8221; Sp. z o.o., z kt\u00f3rym te\u017c mia\u0142am przyjemno\u015b\u0107 wcze\u015bniej wsp\u00f3\u0142pracowa\u0107. Mia\u0142am szcz\u0119\u015bcie, \u017ce ju\u017c kilka dni po wypadku mog\u0142am osobi\u015bcie spotka\u0107 si\u0119 w swoim mie\u015bcie z przedstawiciele sp\u00f3\u0142ki. Zdecydowali, \u017ce zajm\u0105 si\u0119 moj\u0105 spraw\u0105 i ruszy\u0142a machina, kt\u00f3ra po prawie 5,5 roku doprowadzi\u0142a do pozytywnego fina\u0142u &#8211; korzystnego dla mnie wyroku s\u0105du i wyp\u0142aty satysfakcjonuj\u0105cego mnie odszkodowania przez ubezpieczyciela sieci sklep\u00f3w. By\u0142o to w sumie 18 tysi\u0119cy z\u0142otych. Nastawi\u0142am si\u0119 na cierpliwe oczekiwanie na fina\u0142 sprawy i bez problemu, z profesjonalnym wsparciem, doczeka\u0142am si\u0119!<\/p>\n\n\n\n<p>LC<\/p>\n","protected":false},"excerpt":{"rendered":"<p>W grudniu 2020 roku, decyzj\u0105 S\u0105du Rejonowego dla Warszawy Woli w Warszawie, zako\u0144czy\u0142 si\u0119 proces dotycz\u0105cy zdarzenia, do kt\u00f3rego dosz\u0142o ponad 5 lat wcze\u015bniej, 18 lipca 2015 roku. Przyznane zosta\u0142o odszkodowanie za nietypowy wypadek podczas zakup\u00f3w w jednym z supermarket\u00f3w du\u017cej zagranicznej sieci. Klientka zrani\u0142a si\u0119 w nog\u0119 no\u017cem, kt\u00f3rego ca\u0142e ostrze wystawa\u0142o na sztorc [&hellip;]<\/p>\n","protected":false},"author":1,"featured_media":0,"comment_status":"open","ping_status":"open","sticky":false,"template":"","format":"standard","meta":{"footnotes":""},"categories":[8],"tags":[12,13],"class_list":["post-3174","post","type-post","status-publish","format-standard","hentry","category-aktualnosci","tag-odszkodowanie","tag-zadoscuczynienie"],"_links":{"self":[{"href":"https:\/\/www.odszkodowania.info.pl\/index.php?rest_route=\/wp\/v2\/posts\/3174","targetHints":{"allow":["GET"]}}],"collection":[{"href":"https:\/\/www.odszkodowania.info.pl\/index.php?rest_route=\/wp\/v2\/posts"}],"about":[{"href":"https:\/\/www.odszkodowania.info.pl\/index.php?rest_route=\/wp\/v2\/types\/post"}],"author":[{"embeddable":true,"href":"https:\/\/www.odszkodowania.info.pl\/index.php?rest_route=\/wp\/v2\/users\/1"}],"replies":[{"embeddable":true,"href":"https:\/\/www.odszkodowania.info.pl\/index.php?rest_route=%2Fwp%2Fv2%2Fcomments&post=3174"}],"version-history":[{"count":1,"href":"https:\/\/www.odszkodowania.info.pl\/index.php?rest_route=\/wp\/v2\/posts\/3174\/revisions"}],"predecessor-version":[{"id":3176,"href":"https:\/\/www.odszkodowania.info.pl\/index.php?rest_route=\/wp\/v2\/posts\/3174\/revisions\/3176"}],"wp:attachment":[{"href":"https:\/\/www.odszkodowania.info.pl\/index.php?rest_route=%2Fwp%2Fv2%2Fmedia&parent=3174"}],"wp:term":[{"taxonomy":"category","embeddable":true,"href":"https:\/\/www.odszkodowania.info.pl\/index.php?rest_route=%2Fwp%2Fv2%2Fcategories&post=3174"},{"taxonomy":"post_tag","embeddable":true,"href":"https:\/\/www.odszkodowania.info.pl\/index.php?rest_route=%2Fwp%2Fv2%2Ftags&post=3174"}],"curies":[{"name":"wp","href":"https:\/\/api.w.org\/{rel}","templated":true}]}}