{"id":3182,"date":"2021-03-12T18:14:37","date_gmt":"2021-03-12T17:14:37","guid":{"rendered":"http:\/\/www.odszkodowania.info.pl\/?p=3182"},"modified":"2021-03-12T18:14:39","modified_gmt":"2021-03-12T17:14:39","slug":"mezczyzna-omylkowo-uznany-za-zmarlego-wygral-w-sadzie-zadoscuczynienie","status":"publish","type":"post","link":"https:\/\/www.odszkodowania.info.pl\/?p=3182","title":{"rendered":"M\u0119\u017cczyzna omy\u0142kowo uznany za zmar\u0142ego wygra\u0142 w s\u0105dzie zado\u015b\u0107uczynienie"},"content":{"rendered":"\n<p>15 tys. z\u0142 zado\u015b\u0107uczynienia zas\u0105dzi\u0142 S\u0105d Apelacyjny w Warszawie na rzecz dla m\u0119\u017cczyzny omy\u0142kowo uznanego za zmar\u0142ego. Rekompensat\u0119 zap\u0142ac\u0105 solidarnie m.st. Warszawa oraz Skarb Pa\u0144stwa \u2013 Komendant Sto\u0142eczny Policji.<\/p>\n\n\n\n<p>O prawomocnym wyroku z 3 marca informuje dzisiaj Helsi\u0144ska Fundacja Praw Cz\u0142owieka, kt\u00f3ra obj\u0119\u0142a spraw\u0119 pana A. K. Programem Spraw Precedensowych.<\/p>\n\n\n\n<p>W pa\u017adzierniku 2011 roku do oddzia\u0142u ratunkowego jednego z warszawskich szpitali przyj\u0119to bezdomnego m\u0119\u017cczyzn\u0119. Zmar\u0142 po dw\u00f3ch tygodniach. Pacjent nie posiada\u0142 \u017cadnych dokument\u00f3w, jednak przedstawia\u0142 si\u0119 jako A. K. \u2013 na takie wi\u0119c nazwisko wydany zosta\u0142 akt zgonu i pod takim nazwiskiem zmar\u0142y zosta\u0142 pochowany na cmentarzu.<\/p>\n\n\n\n<p>Kilka miesi\u0119cy p\u00f3\u017aniej, w lutym 2012 roku, m\u0119\u017cczyzna o nazwisku A. K. z\u0142o\u017cy\u0142 do urz\u0119du miasta wniosek o wydanie nowego dowodu osobistego z uwagi na wyga\u015bni\u0119cie terminu wa\u017cno\u015bci poprzedniego dokumentu. Poinformowano go jednak, \u017ce jest to niemo\u017cliwe, gdy\u017c zosta\u0142 on skre\u015blony z ewidencji ludno\u015bci. A. K. zwr\u00f3ci\u0142 si\u0119 wi\u0119c do odpowiednich organ\u00f3w o uniewa\u017cnienie aktu zgonu. Ostatecznie dosz\u0142o do tego jednak dopiero po ponad roku \u2013 w czerwcu 2013 roku.<\/p>\n\n\n\n<p>W swoim pozwie A.K. wskazywa\u0142, \u017ce dozna\u0142 istotnych cierpie\u0144 psychicznych z powodu uznania go za zmar\u0142ego oraz d\u0142ugotrwa\u0142ego post\u0119powanie o uniewa\u017cnienie b\u0142\u0119dnego aktu zgonu. Brak dowodu osobistego utrudnia\u0142 mu tak\u017ce dost\u0119p do opieki medycznej.<\/p>\n\n\n\n<p>W maju 2020 r. S\u0105d Okr\u0119gowy w Warszawie oddali\u0142 pow\u00f3dztwo. W jego ocenie dzia\u0142anie funkcjonariuszy policji nie mia\u0142o charakteru bezprawnego, poniewa\u017c weryfikacja danych zmar\u0142ego opiera\u0142a si\u0119 na dokumentacji przedstawionej przez szpital, w kt\u00f3rej wskazane by\u0142y dane pacjenta. Poza tym, pomimo tego \u017ce zmar\u0142y bezdomny poda\u0142 inny miesi\u0105c urodzenia ni\u017c A.K., to wszystkie inne informacje zgadza\u0142y si\u0119 z tym, co przekaza\u0142 pacjent szpitala. Poniewa\u017c, jak si\u0119 w\u00f3wczas wydawa\u0142o, wszystko zosta\u0142o ustalone, to\u00a0 z punktu widzenia procedur nie by\u0142o potrzeby wykonywania dalszych czynno\u015bci wyja\u015bniaj\u0105cych.<\/p>\n\n\n\n<p>W ocenie S\u0105du I instancji nie by\u0142o te\u017c b\u0142\u0119d\u00f3w po stronie&nbsp; Kierownika Urz\u0119du Stanu Cywilnego Miasta Sto\u0142ecznego Warszawy. Sporz\u0105dzi\u0142 on akt zgonu na podstawie dokument\u00f3w, kt\u00f3re nie zawiera\u0142y \u017cadnych rozbie\u017cno\u015bci oraz brak\u00f3w i z obiektywnego punktu widzenia by\u0142y wystarczaj\u0105ce do sporz\u0105dzenia aktu zgonu.<\/p>\n\n\n\n<p>W ocenie s\u0105du, stan zdrowia psychicznego A.K. oraz funkcjonowanie emocjonalno-spo\u0142eczne \u2013 pomimo odczuwalnego czasowo dyskomfortu, uleg\u0142y poprawie. Samo za\u015b wydanie aktu zgonu, kt\u00f3ry zosta\u0142 nast\u0119pnie uniewa\u017cniony, nie spowodowa\u0142o d\u0142ugofalowych, negatywnych skutk\u00f3w w stanie psychicznym, emocjonalnym, czy somatycznym powoda, co mia\u0142y potwierdzi\u0107 dwa niezale\u017cne zespo\u0142y bieg\u0142ych s\u0105dowych w niniejszej sprawie.<\/p>\n\n\n\n<p>Z tym wyrokiem nie zgodzi\u0142 si\u0119 A. K. Jego pe\u0142nomocnik wni\u00f3s\u0142 apelacj\u0119. S\u0105d Apelacyjny w Warszawie uzna\u0142 dzia\u0142anie Ratusza oraz Komendy Spo\u0142ecznej Policji\u00a0 za bezprawne. Na posiedzeniu niejawnym zmieni\u0142 zaskar\u017cony wyrok i uzna\u0142, \u017ce m.st. Warszawa oraz Skarb Pa\u0144stwa \u2013 Komendant Sto\u0142eczny Policji powinni skierowa\u0107 pisemne o\u015bwiadczenie do A.K. z przeprosinami oraz zas\u0105dzi\u0142 od nich solidarnie kwot\u0119 15 tys. z\u0142 zado\u015b\u0107uczynienia na rzecz A.K.<\/p>\n\n\n\n<p>rp.pl<\/p>\n","protected":false},"excerpt":{"rendered":"<p>15 tys. z\u0142 zado\u015b\u0107uczynienia zas\u0105dzi\u0142 S\u0105d Apelacyjny w Warszawie na rzecz dla m\u0119\u017cczyzny omy\u0142kowo uznanego za zmar\u0142ego. Rekompensat\u0119 zap\u0142ac\u0105 solidarnie m.st. Warszawa oraz Skarb Pa\u0144stwa \u2013 Komendant Sto\u0142eczny Policji. O prawomocnym wyroku z 3 marca informuje dzisiaj Helsi\u0144ska Fundacja Praw Cz\u0142owieka, kt\u00f3ra obj\u0119\u0142a spraw\u0119 pana A. K. Programem Spraw Precedensowych. W pa\u017adzierniku 2011 roku do [&hellip;]<\/p>\n","protected":false},"author":1,"featured_media":0,"comment_status":"open","ping_status":"open","sticky":false,"template":"","format":"standard","meta":{"footnotes":""},"categories":[8,45],"tags":[12,123,13],"class_list":["post-3182","post","type-post","status-publish","format-standard","hentry","category-aktualnosci","category-artykul-glowny","tag-odszkodowanie","tag-policja","tag-zadoscuczynienie"],"_links":{"self":[{"href":"https:\/\/www.odszkodowania.info.pl\/index.php?rest_route=\/wp\/v2\/posts\/3182","targetHints":{"allow":["GET"]}}],"collection":[{"href":"https:\/\/www.odszkodowania.info.pl\/index.php?rest_route=\/wp\/v2\/posts"}],"about":[{"href":"https:\/\/www.odszkodowania.info.pl\/index.php?rest_route=\/wp\/v2\/types\/post"}],"author":[{"embeddable":true,"href":"https:\/\/www.odszkodowania.info.pl\/index.php?rest_route=\/wp\/v2\/users\/1"}],"replies":[{"embeddable":true,"href":"https:\/\/www.odszkodowania.info.pl\/index.php?rest_route=%2Fwp%2Fv2%2Fcomments&post=3182"}],"version-history":[{"count":1,"href":"https:\/\/www.odszkodowania.info.pl\/index.php?rest_route=\/wp\/v2\/posts\/3182\/revisions"}],"predecessor-version":[{"id":3183,"href":"https:\/\/www.odszkodowania.info.pl\/index.php?rest_route=\/wp\/v2\/posts\/3182\/revisions\/3183"}],"wp:attachment":[{"href":"https:\/\/www.odszkodowania.info.pl\/index.php?rest_route=%2Fwp%2Fv2%2Fmedia&parent=3182"}],"wp:term":[{"taxonomy":"category","embeddable":true,"href":"https:\/\/www.odszkodowania.info.pl\/index.php?rest_route=%2Fwp%2Fv2%2Fcategories&post=3182"},{"taxonomy":"post_tag","embeddable":true,"href":"https:\/\/www.odszkodowania.info.pl\/index.php?rest_route=%2Fwp%2Fv2%2Ftags&post=3182"}],"curies":[{"name":"wp","href":"https:\/\/api.w.org\/{rel}","templated":true}]}}