{"id":3214,"date":"2021-10-05T20:15:43","date_gmt":"2021-10-05T19:15:43","guid":{"rendered":"http:\/\/www.odszkodowania.info.pl\/?p=3214"},"modified":"2021-10-05T20:15:45","modified_gmt":"2021-10-05T19:15:45","slug":"kancelaria-meditor-z-wroclawia-pozwana-za-plagiat","status":"publish","type":"post","link":"https:\/\/www.odszkodowania.info.pl\/?p=3214","title":{"rendered":"Kancelaria MEDITOR z Wroc\u0142awia pozwana za plagiat!!!"},"content":{"rendered":"\n<p>Przed S\u0105dem Okr\u0119gowym w Poznaniu (<em><strong>sygn.akt: XIX GW 246\/21<\/strong><\/em>) rozpoczyna si\u0119 proces s\u0105dowy wytoczony sp\u00f3\u0142ce &#8222;<strong>MEDITOR<\/strong>&#8221; z Wroc\u0142awia. Sp\u00f3\u0142ka pozwana zosta\u0142a za plagiat poradnika dla os\u00f3b poszkodowanych.<\/p>\n\n\n\n<p>W sierpniu 2020 roku sp\u00f3\u0142ka &#8222;<strong>MEDITOR<\/strong>&#8221; rozpocz\u0119\u0142a rozsy\u0142anie poradnika dla os\u00f3b poszkodowanych. Materia\u0142y otrzyma\u0142y r\u00f3\u017cne stowarzyszenia i fundacja a tak\u017ce inne podmioty. Problem zacz\u0105\u0142 si\u0119 wtedy, kiedy dostrze\u017cono \u0142udz\u0105ce podobie\u0144stwo z innym tego rodzaju wydawnictwem. <\/p>\n\n\n\n<p><\/p>\n\n\n\n<div class=\"wp-block-image\"><figure class=\"aligncenter is-resized\"><img fetchpriority=\"high\" decoding=\"async\" src=\"http:\/\/www.odszkodowania.info.pl\/wp-content\/uploads\/poradnik_MEDITOR_okladka-644x1024.jpg\" alt=\"\" class=\"wp-image-3215\" width=\"378\" height=\"601\" srcset=\"https:\/\/www.odszkodowania.info.pl\/wp-content\/uploads\/poradnik_MEDITOR_okladka-644x1024.jpg 644w, https:\/\/www.odszkodowania.info.pl\/wp-content\/uploads\/poradnik_MEDITOR_okladka-189x300.jpg 189w, https:\/\/www.odszkodowania.info.pl\/wp-content\/uploads\/poradnik_MEDITOR_okladka-768x1221.jpg 768w, https:\/\/www.odszkodowania.info.pl\/wp-content\/uploads\/poradnik_MEDITOR_okladka-966x1536.jpg 966w, https:\/\/www.odszkodowania.info.pl\/wp-content\/uploads\/poradnik_MEDITOR_okladka.jpg 986w\" sizes=\"(max-width: 378px) 100vw, 378px\" \/><\/figure><\/div>\n\n\n\n<p>I tu zacz\u0119\u0142y si\u0119 problemu &#8222;<strong>MEDITOR<\/strong>a&#8221;. Dotarli\u015bmy do opinii bieg\u0142ego s\u0105dowego, kt\u00f3ry w swojej opinii jednoznacznie stwierdzi\u0142 naruszenie prawa.<\/p>\n\n\n\n<blockquote class=\"wp-block-quote is-layout-flow wp-block-quote-is-layout-flow\"><p>&#8222;<em>Analiza powy\u017cszych podobie\u0144stw, zdaniem bieg\u0142ego, wskazuje jednoznacznie, \u017ce zapo\u017cyczenia wyst\u0119puj\u0105ce w dokumencie \u201ePoradnik dla poszkodowanych\u201d nie s\u0105 przypadkowe. W opinii bieg\u0142ego, rezygnacja z opatrywania cytatem przywo\u0142ywanych fragment\u00f3w tre\u015bci obcego autorstwa ma na celu stworzenie wra\u017cenia, \u017ce autor \u201ePoradnika dla poszkodowanych\u201d stworzy\u0142 wy\u017cej wskazane tre\u015bci samodzielnie.<\/em>&#8222;<\/p><\/blockquote>\n\n\n\n<p>Co ciekawe pomimo wielokrotnych naszych zapyta\u0144 sp\u00f3\u0142ka &#8222;<strong>MEDITOR<\/strong>&#8221; ani razu nie odpowiedzia\u0142a na nasze maile dotycz\u0105ce przede wszystkim kto jest autorem spornego poradnik. Uda\u0142o si\u0119 nam jednak dotrze\u0107  do nagra\u0144 rozm\u00f3w telefonicznych w kt\u00f3rych <strong>radca prawny Maciej Szyma\u0144ski <\/strong>okre\u015blany jest jako w\u0142a\u015bciciel kancelarii &#8222;<strong>MEDITOR<\/strong>&#8222;.<\/p>\n\n\n\n<p>Tak\u017ce w jednej z rozm\u00f3w telefonicznych, kt\u00f3r\u0105 dysponujemy, <strong>radca prawny Maciej Szyma\u0144ski<\/strong> potwierdza \u017ce jest wsp\u00f3\u0142autorem spornego poradnika &#8211; padaj\u0105 s\u0142owa &#8222;<em>my przygotowujemy &#8230; poradniki merytoryczne<\/em>&#8222;<\/p>\n\n\n\n<p>W innej rozmowie, przedstawiaj\u0105cy si\u0119 jako dyrektor Pan<strong> Jan Kruszelnicki<\/strong> potwierdza, i\u017c poradnik jest autorstwa &#8222;<em>prawnik\u00f3w z kancelarii<\/em>&#8222;.<\/p>\n\n\n\n<p>Zapytali\u015bmy o spraw\u0119 Pana <strong>radc\u0119 prawnego Maciej Szyma\u0144skiego<\/strong> &#8211; w odpowiedzi otrzymali\u015bmy maila od pe\u0142nomocnika o nast\u0119puj\u0105cej tre\u015bci. <\/p>\n\n\n\n<blockquote class=\"wp-block-quote is-layout-flow wp-block-quote-is-layout-flow\"><p><em>Pan Maciej Szyma\u0144ski nie jest autorem spornego poradnika.<\/em><\/p><p><em>Pan Maciej Szyma\u0144ski w \u017caden spos\u00f3b nie dopu\u015bci\u0142 si\u0119 plagiatu.<\/em><\/p><p><em>Pan Maciej Szyma\u0144ski m\u00f3g\u0142 co najwy\u017cej przekaza\u0107 osobom trzecim do<br>wykorzystania inne, w ca\u0142o\u015bci autorskie materia\u0142y, kt\u00f3re stanowi\u0142y<br>niewielk\u0105 cz\u0119\u015b\u0107 informacji u\u017cytych w spornym poradniku.<\/em><\/p><p><em>Pan Maciej Szyma\u0144ski nie uczestniczy\u0142 w aktywny spos\u00f3b w wydaniu lub<br>przygotowaniu poradnika.<\/em><\/p><p><em>Kwestia weryfikacji czy sporny poradnik narusza czyjekolwiek prawa<br>autorskie jest w tym momencie przedmiotem badania S\u0105du.<\/em><\/p><\/blockquote>\n\n\n\n<p>Jednak z tre\u015bci nagra\u0144 rozm\u00f3w telefonicznych jakie posiadamy wy\u0142ania si\u0119 zupe\u0142nie inny obraz ni\u017c przedstawiony przez pe\u0142nomocnika Macieja Szyma\u0144skiego.<\/p>\n\n\n\n<p>O przebiegu sprawy b\u0119dziemy informowa\u0107.<\/p>\n","protected":false},"excerpt":{"rendered":"<p>Przed S\u0105dem Okr\u0119gowym w Poznaniu (sygn.akt: XIX GW 246\/21) rozpoczyna si\u0119 proces s\u0105dowy wytoczony sp\u00f3\u0142ce &#8222;MEDITOR&#8221; z Wroc\u0142awia. Sp\u00f3\u0142ka pozwana zosta\u0142a za plagiat poradnika dla os\u00f3b poszkodowanych. W sierpniu 2020 roku sp\u00f3\u0142ka &#8222;MEDITOR&#8221; rozpocz\u0119\u0142a rozsy\u0142anie poradnika dla os\u00f3b poszkodowanych. Materia\u0142y otrzyma\u0142y r\u00f3\u017cne stowarzyszenia i fundacja a tak\u017ce inne podmioty. Problem zacz\u0105\u0142 si\u0119 wtedy, kiedy dostrze\u017cono [&hellip;]<\/p>\n","protected":false},"author":1,"featured_media":0,"comment_status":"open","ping_status":"open","sticky":false,"template":"","format":"standard","meta":{"footnotes":""},"categories":[8,45],"tags":[175,12,176,105,13],"class_list":["post-3214","post","type-post","status-publish","format-standard","hentry","category-aktualnosci","category-artykul-glowny","tag-meditor","tag-odszkodowanie","tag-oirp","tag-radca-prawny","tag-zadoscuczynienie"],"_links":{"self":[{"href":"https:\/\/www.odszkodowania.info.pl\/index.php?rest_route=\/wp\/v2\/posts\/3214","targetHints":{"allow":["GET"]}}],"collection":[{"href":"https:\/\/www.odszkodowania.info.pl\/index.php?rest_route=\/wp\/v2\/posts"}],"about":[{"href":"https:\/\/www.odszkodowania.info.pl\/index.php?rest_route=\/wp\/v2\/types\/post"}],"author":[{"embeddable":true,"href":"https:\/\/www.odszkodowania.info.pl\/index.php?rest_route=\/wp\/v2\/users\/1"}],"replies":[{"embeddable":true,"href":"https:\/\/www.odszkodowania.info.pl\/index.php?rest_route=%2Fwp%2Fv2%2Fcomments&post=3214"}],"version-history":[{"count":3,"href":"https:\/\/www.odszkodowania.info.pl\/index.php?rest_route=\/wp\/v2\/posts\/3214\/revisions"}],"predecessor-version":[{"id":3218,"href":"https:\/\/www.odszkodowania.info.pl\/index.php?rest_route=\/wp\/v2\/posts\/3214\/revisions\/3218"}],"wp:attachment":[{"href":"https:\/\/www.odszkodowania.info.pl\/index.php?rest_route=%2Fwp%2Fv2%2Fmedia&parent=3214"}],"wp:term":[{"taxonomy":"category","embeddable":true,"href":"https:\/\/www.odszkodowania.info.pl\/index.php?rest_route=%2Fwp%2Fv2%2Fcategories&post=3214"},{"taxonomy":"post_tag","embeddable":true,"href":"https:\/\/www.odszkodowania.info.pl\/index.php?rest_route=%2Fwp%2Fv2%2Ftags&post=3214"}],"curies":[{"name":"wp","href":"https:\/\/api.w.org\/{rel}","templated":true}]}}