{"id":3221,"date":"2021-10-26T07:58:55","date_gmt":"2021-10-26T06:58:55","guid":{"rendered":"http:\/\/www.odszkodowania.info.pl\/?p=3221"},"modified":"2021-10-26T07:58:56","modified_gmt":"2021-10-26T06:58:56","slug":"byly-posel-i-wiceprezydent-krakowa-edward-nowak-wywalczyl-w-sadzie-442-tys-za-krzywdy-i-areszt-w-stanie-wojennym","status":"publish","type":"post","link":"https:\/\/www.odszkodowania.info.pl\/?p=3221","title":{"rendered":"By\u0142y pose\u0142 i wiceprezydent Krakowa Edward Nowak wywalczy\u0142 w s\u0105dzie 442 tys. za krzywdy i areszt w stanie wojennym"},"content":{"rendered":"\n<p>By\u0142y pose\u0142 i wiceprezydent Krakowa 70-letni Edward Nowak wywalczy\u0142 w s\u0105dzie 192 tys. z\u0142 odszkodowania i 250 tys. zado\u015b\u0107uczynienia za krzywdy, jakich dozna\u0142 po stanie wojennym. Sp\u0119dzi\u0142 wtedy wiele miesi\u0119cy w wi\u0119zieniu po wyroku trzech i p\u00f3\u0142 roku odsiadki na mocy orzeczenia S\u0105du Warszawskiego Okr\u0119gu Wojskowego. By\u0142 te\u017c szykanowany w pracy i przez dzia\u0142ania S\u0142u\u017cby Bezpiecze\u0144stwa nie m\u00f3g\u0142 znale\u017a\u0107 zatrudnienia.<\/p>\n\n\n\n<p>Nowak stara\u0142 si\u0119 o 300 tys. z\u0142 odszkodowania za utracone zarobki po stanie wojennym i o 284 tys. z\u0142 zado\u015b\u0107uczynienia za krzywdy jakich dozna\u0142 w zwi\u0105zku z dzia\u0142alno\u015bci\u0105 na rzecz niepodleg\u0142ego bytu pa\u0144stwa polskiego.<\/p>\n\n\n\n<p>Kiedy\u015b dawni opozycjoni\u015bci mogli otrzyma\u0107 25 tys. z\u0142 za swoj\u0105 dzia\u0142alno\u015b\u0107 w PRL, potem pojawi\u0142a si\u0119 mo\u017cliwo\u015b\u0107 wywalczenia wy\u017cszych kwot i wielu skorzysta\u0142o z tej mo\u017cliwo\u015bci. Nowakowi kwot\u0119 25 tys. z\u0142 wyp\u0142acono w 2009 r., teraz postanowi\u0142 stara\u0107 si\u0119 o dodatkowe fundusze.<\/p>\n\n\n\n<p>Nowak od 1980 r. by\u0142 cz\u0142onkiem Solidarno\u015bci, dzia\u0142a\u0142 Komisji Robotniczej Hutnik\u00f3w w Hucie im Lenina w Nowej Hucie. Po 13 grudnia 1981 . gdy wprowadzono stan wojenny sta\u0142 si\u0119 jednym z organizator\u00f3w strajku w HiL. Po rozbiciu strajku w nocy z 15 na 16 grudnia zacz\u0105\u0142 si\u0119 ukrywa\u0107. W HiL uznano, \u017ce bezpodstawnie porzuci\u0142 prac\u0119 i \u017ce jego umowa wygas\u0142\u0105 z dniem 14 grudnia. Nowaka uj\u0119ty 13 stycznia 1982 r. i tego dnia zosta\u0142 internowany, a 19 stycznia tymczasowo aresztowany. Do kwietnia by\u0142 w areszcie na ul. Mogilskiej, potem w wi\u0119zieniu Montelupich. W czasie izolacji wypowiadano gro\u017aby pod jego adresem, straszono \u017ce nie znajdzie pracy, szanta\u017cowano, \u017ce w\u0142adza policzy si\u0119 z jego rodzin\u0105.<\/p>\n\n\n\n<p>25 lutego 1982 r. us\u0142ysza\u0142 wyrok S\u0105du Warszawskiego Okr\u0119gu Wojskowego trzy i p\u00f3\u0142 roku wi\u0119zienia. Na mocy Dekretu o Stanie Wojennym by\u0142 s\u0105dzony z Mieczys\u0142awem Gilem, innym dzia\u0142aczem Solidarno\u015bci z Nowej Huty. Nowak opr\u00f3cz wi\u0119zienia zosta\u0142 na 2 lata pozbawiony praw publicznych i mia\u0142 do zap\u0142acenia koszty s\u0105dowe 4200 z\u0142, wyrok podano do publicznej wiadomo\u015bci.<\/p>\n\n\n\n<p>Najpierw by\u0142 w zak\u0142adzie karnym w Raciborzu, potem jako wi\u0119zie\u0144 polityczny trafi\u0142 do Strzelc Opolskich, tu przez miesi\u0105c by\u0142 w izolatce. P\u00f3\u017aniej kar\u0119 odbywa\u0142 we Wroc\u0142awiu i Strzelinie, z sk\u0105d zosta\u0142 zwolniony 8 sierpnia 1983 r. Mia\u0142 te\u017c przerw\u0119 w karze mi\u0119dzy pa\u017adziernikiem 1982 i lutym1983 r. Na skutek izolacji i szykan pogorszy\u0142 si\u0119 jego stan zdrowia<\/p>\n\n\n\n<p>Wr\u00f3ci\u0142 do Krakowa, za czas pobytu w areszcie i wi\u0119zieniu nie dosta\u0142 wynagrodzenia w pracy. Dalej dzia\u0142a\u0142 w opozycji, aktywnie uczestniczy\u0142 w pracy podziemnej Solidarno\u015bci. Szuka\u0142 pracy, ale nikt nie chcia\u0142 go zatrudni\u0107 lub sprzeciwia\u0142a si\u0119 temu S\u0142u\u017cba Bezpiecze\u0144stwa. Znalaz\u0142 robot\u0119 w HIL od 1 listopada 1983 r. a dyrektor wyjawi\u0142, \u017ce to uzgodni\u0142 z SB. Nowak nie wr\u00f3ci\u0142 jako Mistrz na Wydzia\u0142 Walcowni Zgniatacz, ale zatrudniono go w Dziale Inwestycji jako specjalist\u0119 z najni\u017cszym uposa\u017ceniem.<\/p>\n\n\n\n<p>3 maja 1985 r. zosta\u0142 uj\u0119ty na demonstracji przez SB pod pozorem, \u017ce kierowa\u0142 demonstracj\u0105. Kolegium do spraw wykrocze\u0144 wymierzy\u0142o mu 3 miesi\u0105ce wi\u0119zienia za \u201ezaniechanie opuszczenia zbiegowiska publicznego\u201d. Odwo\u0142a\u0142 si\u0119 do krakowskiego s\u0105du, ale areszt utrzymano i jeszcze zwi\u0119kszono koszy do zap\u0142acenia wyliczone na prawie 8 tys. z\u0142. Areszt Nowak odsiedzia\u0142, zap\u0142aci\u0142 2350 z\u0142, ale wtedy w HIL zosta\u0142 zwolniony bez wypowiedzenia. Dyrektor kombinatu t\u0142umaczy\u0142 si\u0119, \u017ce rozmawia\u0142 z funkcjonariuszami SB i ma od nich zakaz przyj\u0119cia Nowaka do pracy. P\u00f3\u017aniej opozycjonista dorabia\u0142 w cegielni i jednym przedsi\u0119biorstwie. W 1988 r. za\u0142o\u017cy\u0142 sp\u00f3\u0142k\u0119, potem j\u0105 sprzeda\u0142. W ko\u0144cu w 6 czerwca 1989 r. zosta\u0142 pos\u0142em X kadencji. W latach 1990\u20131991 wiceprezydentem Krakowa, w latach 1992\u20131993 oraz 1993\u20131995 podsekretarzem stanu w Ministerstwie Przemys\u0142u i Handlu, w latach 2000\u20132001 podsekretarzem stanu w Ministerstwie Gospodarki. Sta\u0142 si\u0119 inicjatorem reaktywowania Izby Przemys\u0142owo Handlowej w Krakowie. W latach 1989\u20131994 by\u0142 jej prezydentem.<\/p>\n\n\n\n<p>Krakowski s\u0105d w I instancji przyzna\u0142 mu 150 tys. odszkodowania i 225 tys. zado\u015b\u0107uczynienia za krzywdy. Zwr\u00f3ci\u0142 uwag\u0119, \u017ce dwukrotne pozbawienie wolno\u015bci by\u0142o dla Nowaka za ka\u017cdym razem znacz\u0105cym negatywnym prze\u017cyciem, a pobyt w zamkni\u0119ciu stanowi\u0142 te\u017c obci\u0105\u017cenie dla psychiki.<\/p>\n\n\n\n<p>By\u0142 poddany d\u0142ugotrwa\u0142emu stresowi i dozna\u0142 szeregu szykan podczas odbywania kary orzeczonej przez s\u0105d wojskowy. W apelacji Nowak chcia\u0142 wy\u017cszej kwoty odszkodowania o 98 tys. z\u0142.<\/p>\n\n\n\n<p>S\u0105d Apelacyjny w Krakowie przyzna\u0142 mu ostatecznie wi\u0119cej pieni\u0119dzy, bo 192 tys. z\u0142 odszkodowania i 250 tys zado\u015b\u0107uczynienia, czyli w sumie 442 tys. z\u0142. Ten wyrok jest prawomocny.<\/p>\n\n\n\n<p>krakow.naszemiasto.pl<\/p>\n","protected":false},"excerpt":{"rendered":"<p>By\u0142y pose\u0142 i wiceprezydent Krakowa 70-letni Edward Nowak wywalczy\u0142 w s\u0105dzie 192 tys. z\u0142 odszkodowania i 250 tys. zado\u015b\u0107uczynienia za krzywdy, jakich dozna\u0142 po stanie wojennym. Sp\u0119dzi\u0142 wtedy wiele miesi\u0119cy w wi\u0119zieniu po wyroku trzech i p\u00f3\u0142 roku odsiadki na mocy orzeczenia S\u0105du Warszawskiego Okr\u0119gu Wojskowego. By\u0142 te\u017c szykanowany w pracy i przez dzia\u0142ania S\u0142u\u017cby [&hellip;]<\/p>\n","protected":false},"author":1,"featured_media":0,"comment_status":"open","ping_status":"open","sticky":false,"template":"","format":"standard","meta":{"footnotes":""},"categories":[8],"tags":[12,111,13],"class_list":["post-3221","post","type-post","status-publish","format-standard","hentry","category-aktualnosci","tag-odszkodowanie","tag-stan-wojenny","tag-zadoscuczynienie"],"_links":{"self":[{"href":"https:\/\/www.odszkodowania.info.pl\/index.php?rest_route=\/wp\/v2\/posts\/3221","targetHints":{"allow":["GET"]}}],"collection":[{"href":"https:\/\/www.odszkodowania.info.pl\/index.php?rest_route=\/wp\/v2\/posts"}],"about":[{"href":"https:\/\/www.odszkodowania.info.pl\/index.php?rest_route=\/wp\/v2\/types\/post"}],"author":[{"embeddable":true,"href":"https:\/\/www.odszkodowania.info.pl\/index.php?rest_route=\/wp\/v2\/users\/1"}],"replies":[{"embeddable":true,"href":"https:\/\/www.odszkodowania.info.pl\/index.php?rest_route=%2Fwp%2Fv2%2Fcomments&post=3221"}],"version-history":[{"count":1,"href":"https:\/\/www.odszkodowania.info.pl\/index.php?rest_route=\/wp\/v2\/posts\/3221\/revisions"}],"predecessor-version":[{"id":3222,"href":"https:\/\/www.odszkodowania.info.pl\/index.php?rest_route=\/wp\/v2\/posts\/3221\/revisions\/3222"}],"wp:attachment":[{"href":"https:\/\/www.odszkodowania.info.pl\/index.php?rest_route=%2Fwp%2Fv2%2Fmedia&parent=3221"}],"wp:term":[{"taxonomy":"category","embeddable":true,"href":"https:\/\/www.odszkodowania.info.pl\/index.php?rest_route=%2Fwp%2Fv2%2Fcategories&post=3221"},{"taxonomy":"post_tag","embeddable":true,"href":"https:\/\/www.odszkodowania.info.pl\/index.php?rest_route=%2Fwp%2Fv2%2Ftags&post=3221"}],"curies":[{"name":"wp","href":"https:\/\/api.w.org\/{rel}","templated":true}]}}