{"id":3252,"date":"2022-02-28T21:14:10","date_gmt":"2022-02-28T20:14:10","guid":{"rendered":"http:\/\/www.odszkodowania.info.pl\/?p=3252"},"modified":"2022-02-28T21:14:12","modified_gmt":"2022-02-28T20:14:12","slug":"myjnia-w-walbrzychu-uszkodzila-auto-wlasciciel-wygral-w-sadzie-z-orlenem","status":"publish","type":"post","link":"https:\/\/www.odszkodowania.info.pl\/?p=3252","title":{"rendered":"Myjnia w Wa\u0142brzychu uszkodzi\u0142a auto. W\u0142a\u015bciciel wygra\u0142 w s\u0105dzie z Orlenem"},"content":{"rendered":"\n<p>Auto pana Kamila, naszego czytelnika, zosta\u0142o uszkodzone w automatycznej myjni na stacji Orlenu w Wa\u0142brzychu. Stacja nie poczuwa\u0142a si\u0119 do winy, p\u00f3\u017aniej ubezpieczyciel zani\u017cy\u0142 wycen\u0119 szkody. S\u0105d przyzna\u0142 racj\u0119 kierowcy.<\/p>\n\n\n\n<p>O sprawie pisali\u015bmy ju\u017c wcze\u015bniej na walbrzych.wyborcza.pl. Kamil \u0141apicz skorzysta\u0142 z myjni automatycznej na stacji Orlen przy ul. Wieniawskiego w Wa\u0142brzychu w lipcu 2020 roku.<\/p>\n\n\n\n<p>Po rozpocz\u0119ciu mycia zaniepokoi\u0142y go dziwne d\u017awi\u0119ki. Gdy u\u017cy\u0142 wy\u0142\u0105cznika bezpiecze\u0144stwa, cz\u0119\u015bci le\u017ca\u0142y ju\u017c wok\u00f3\u0142 jego auta. W trakcie mycia szczotka systemu myj\u0105cego wyrwa\u0142a tzw. lotk\u0119 z trzecim \u015bwiat\u0142em stop, wyrywaj\u0105c przy tym tak\u017ce wi\u0105zk\u0119 elektryczn\u0105 i \u015bwiat\u0142o stop oraz rysuj\u0105c dach i relingi pojazdu.<\/p>\n\n\n\n<p>W autoryzowanym serwisie Opla napraw\u0119 uszkodzonego Opla Insigni wyceniono na ponad 10 tys. z\u0142. Warta, ubezpieczyciel stacji, wyceni\u0142a szkod\u0119 na oko\u0142o 3 tys. z\u0142. Po odwo\u0142aniu si\u0119 w\u0142a\u015bciciel samochodu dosta\u0142 od Warty odpowied\u017a odmown\u0105 z decyzj\u0105, \u017ce nie wyp\u0142ac\u0105 nic, poniewa\u017c nie poczuwaj\u0105 si\u0119 do odpowiedzialno\u015bci za powsta\u0142\u0105 szkod\u0119. Prawnik, do kt\u00f3rego uda\u0142 si\u0119 czytelnik, powiedzia\u0142, \u017ce to Orlen wyrz\u0105dzi\u0142 szkod\u0119.<\/p>\n\n\n\n<p>Spraw\u0105 dyskusyjn\u0105 pocz\u0105tkowo by\u0142o to, czy cz\u0119\u015b\u0107 samochodu z trzecim \u015bwiat\u0142em stop jest spojlerem, czy nie. Cho\u0107 w myjni jest znak zakazuj\u0105cy mycia samochod\u00f3w ze sportowym spojlerem, trudno by\u0142oby wyrwan\u0105 cz\u0119\u015b\u0107 demontowa\u0107 poza warsztatem. Pytani przez nas specjali\u015bci rynku motoryzacyjnego niemal zgodnie twierdzili, \u017ce samoch\u00f3d powinien wytrzyma\u0107 mycie bez \u017cadnych szk\u00f3d, a na samochodzie nie znajdowa\u0142o si\u0119 nic, co mo\u017cna by\u0142oby zdemontowa\u0107 na czas mycia.<\/p>\n\n\n\n<p>Kiedy Kamil \u0141apicz nie doczeka\u0142 si\u0119 reakcji Orlenu na swoje kolejne pisma, oczekuj\u0105c naprawy szkody i zwrotu kosztu u\u017cytkowania zast\u0119pczego samochodu, czego odm\u00f3wi\u0142a Warta, z\u0142o\u017cy\u0142 pozew przeciwko centrali Orlenu.<\/p>\n\n\n\n<p><br><strong>Czytelnik pozywa Orlen. Zeznaj\u0105 pracownicy stacji<\/strong><\/p>\n\n\n\n<p>Rozprawa przeciwko PKN Orlen odby\u0142a si\u0119 w czwartek, 16 grudnia 2021 roku w S\u0105dzie Rejonowym w P\u0142ocku. Strona pozwana po\u0142\u0105czy\u0142a si\u0119 poprzez wideokonferencj\u0119.<\/p>\n\n\n\n<p>Orlen nie przedstawi\u0142 \u017cadnego dowodu na tez\u0119, i\u017c przed myciem samoch\u00f3d posiada\u0142 jakiekolwiek uszkodzenia, cho\u0107 wcze\u015bniej tak twierdzi\u0142.<\/p>\n\n\n\n<p>\u015awiadek &#8211; pracownik stacji, na kt\u00f3rej dosz\u0142o do uszkodzenia, potwierdzi\u0142, \u017ce Opel Insignia w jego ocenie nie posiada\u0142 element\u00f3w wystaj\u0105cych takich jak spoiler. Przyzna\u0142 te\u017c, \u017ce w jego ocenie pojazd ten mo\u017ce by\u0107 myty w myjni automatycznej PKN Orlen.<\/p>\n\n\n\n<ul class=\"wp-block-list\"><li>Pracownicy stwierdzili, \u017ce samoch\u00f3d m\u00f3g\u0142 wjecha\u0107 na myjni\u0119 i m\u00f3g\u0142 by\u0107 umyty. Potwierdzili, \u017ce to maszyna zepsu\u0142a m\u00f3j samoch\u00f3d &#8211; relacjonuje czytelnik.<\/li><\/ul>\n\n\n\n<p>Orlen nie kwestionowa\u0142 te\u017c koszt\u00f3w naprawy samochodu, gdy\u017c &#8222;kalkulacja zosta\u0142a wykonana przez profesjonalny serwis&#8221;.<\/p>\n\n\n\n<p><br><strong>Czytelnik wygra\u0142 z Orlenem<\/strong><\/p>\n\n\n\n<p>W\u0142a\u015bciciel uszkodzonego auta od razu liczy\u0142 na pozytywne dla siebie rozstrzygni\u0119cie. &#8211; Nie wyobra\u017cam sobie innego. Orlen niczemu nie zaprzeczy\u0142, nie przedstawi\u0142 \u017cadnych dowod\u00f3w &#8211; m\u00f3wi Kamil \u0141apicz &#8222;Wyborczej&#8221;.<\/p>\n\n\n\n<p>Wyrok zosta\u0142 og\u0142oszony przez S\u0105d Rejonowy w P\u0142ocku zaocznie. &#8211; Wygra\u0142em rozpraw\u0119 z PKN Orlen. Maj\u0105 mi zwr\u00f3ci\u0107 ca\u0142o\u015b\u0107 koszt\u00f3w plus odsetki oraz moje koszty s\u0105dowe. W sumie b\u0119dzie to oko\u0142o 13 tys. z\u0142 &#8211; m\u00f3wi po og\u0142oszeniu wyroku pan Kamil.<\/p>\n\n\n\n<p>Czeka na uprawomocnienie wyroku. Do czwartku, 3 marca Orlen ma czas na ewentualn\u0105 apelacj\u0119. &#8211; Powinna si\u0119 ona \u0142\u0105czy\u0107 z dowodem, \u017ce by\u0142o inaczej, wi\u0119c jest praktycznie niemo\u017cliwa &#8211; m\u00f3wi w\u0142a\u015bciciel samochodu.<\/p>\n\n\n\n<p>Kamil \u0141apicz, po naprawie, nadal je\u017adzi swoim samochodem.<\/p>\n\n\n\n<p>gazeta.pl<\/p>\n","protected":false},"excerpt":{"rendered":"<p>Auto pana Kamila, naszego czytelnika, zosta\u0142o uszkodzone w automatycznej myjni na stacji Orlenu w Wa\u0142brzychu. Stacja nie poczuwa\u0142a si\u0119 do winy, p\u00f3\u017aniej ubezpieczyciel zani\u017cy\u0142 wycen\u0119 szkody. S\u0105d przyzna\u0142 racj\u0119 kierowcy. O sprawie pisali\u015bmy ju\u017c wcze\u015bniej na walbrzych.wyborcza.pl. Kamil \u0141apicz skorzysta\u0142 z myjni automatycznej na stacji Orlen przy ul. Wieniawskiego w Wa\u0142brzychu w lipcu 2020 roku. [&hellip;]<\/p>\n","protected":false},"author":2,"featured_media":0,"comment_status":"open","ping_status":"open","sticky":false,"template":"","format":"standard","meta":{"footnotes":""},"categories":[8],"tags":[12,10],"class_list":["post-3252","post","type-post","status-publish","format-standard","hentry","category-aktualnosci","tag-odszkodowanie","tag-warta"],"_links":{"self":[{"href":"https:\/\/www.odszkodowania.info.pl\/index.php?rest_route=\/wp\/v2\/posts\/3252","targetHints":{"allow":["GET"]}}],"collection":[{"href":"https:\/\/www.odszkodowania.info.pl\/index.php?rest_route=\/wp\/v2\/posts"}],"about":[{"href":"https:\/\/www.odszkodowania.info.pl\/index.php?rest_route=\/wp\/v2\/types\/post"}],"author":[{"embeddable":true,"href":"https:\/\/www.odszkodowania.info.pl\/index.php?rest_route=\/wp\/v2\/users\/2"}],"replies":[{"embeddable":true,"href":"https:\/\/www.odszkodowania.info.pl\/index.php?rest_route=%2Fwp%2Fv2%2Fcomments&post=3252"}],"version-history":[{"count":1,"href":"https:\/\/www.odszkodowania.info.pl\/index.php?rest_route=\/wp\/v2\/posts\/3252\/revisions"}],"predecessor-version":[{"id":3253,"href":"https:\/\/www.odszkodowania.info.pl\/index.php?rest_route=\/wp\/v2\/posts\/3252\/revisions\/3253"}],"wp:attachment":[{"href":"https:\/\/www.odszkodowania.info.pl\/index.php?rest_route=%2Fwp%2Fv2%2Fmedia&parent=3252"}],"wp:term":[{"taxonomy":"category","embeddable":true,"href":"https:\/\/www.odszkodowania.info.pl\/index.php?rest_route=%2Fwp%2Fv2%2Fcategories&post=3252"},{"taxonomy":"post_tag","embeddable":true,"href":"https:\/\/www.odszkodowania.info.pl\/index.php?rest_route=%2Fwp%2Fv2%2Ftags&post=3252"}],"curies":[{"name":"wp","href":"https:\/\/api.w.org\/{rel}","templated":true}]}}