{"id":3451,"date":"2022-07-08T19:31:12","date_gmt":"2022-07-08T18:31:12","guid":{"rendered":"https:\/\/www.odszkodowania.info.pl\/?p=3451"},"modified":"2022-07-08T19:31:15","modified_gmt":"2022-07-08T18:31:15","slug":"odszkodowanie-z-oc-pojazdu-dziecko-zaplatane-w-pasy-bezpieczenstwa-podczas-zabawy-w-zaparkowanym-w-garazu-pojezdzie","status":"publish","type":"post","link":"https:\/\/www.odszkodowania.info.pl\/?p=3451","title":{"rendered":"Odszkodowanie z OC pojazdu &#8211; dziecko zapl\u0105tane w pasy bezpiecze\u0144stwa podczas zabawy w zaparkowanym w gara\u017cu poje\u017adzie"},"content":{"rendered":"\n<p>W 2014 roku w powiecie nowos\u0105deckim, pi\u0119cioletnia dziewczynka podczas zabawy w samochodzie oplot\u0142a wok\u00f3\u0142 szyi pas bezpiecze\u0144stwa, kt\u00f3ry uleg\u0142 zaci\u015bni\u0119ciu, co doprowadzi\u0142o do d\u0142ugotrwa\u0142ego niedotlenienia m\u00f3zgu i niestety p\u00f3\u017aniejszego zgonu dziecka.<\/p>\n\n\n\n<p><br>Do tragicznego zdarzenia dosz\u0142o na posesji dziadk\u00f3w ma\u0142oletniej, kiedy to kilkuletnia w\u00f3wczas dziewczynka, bez wiedzy babci sprawuj\u0105cej nad ni\u0105 opiek\u0119, wesz\u0142a do wn\u0119trza samochodu b\u0119d\u0105cego w\u0142asno\u015bci\u0105 jej dziadk\u00f3w, kt\u00f3ry sta\u0142 zaparkowany w otwartym gara\u017cu. Podczas zabawy na tylnej kanapie kilkukrotnie oplot\u0142a wok\u00f3\u0142 szyi niezapi\u0119ty pas bezpiecze\u0144stwa, doprowadzaj\u0105c do utraty przytomno\u015bci, co w konsekwencji skutkowa\u0142o \u015bmierci\u0105 w szpitalu.<\/p>\n\n\n\n<p>Zar\u00f3wno na etapie post\u0119powania likwidacyjnego, jak i w post\u0119powaniu s\u0105dowym pozwany Zak\u0142ad Ubezpiecze\u0144 utrzymywa\u0142, \u017ce nie ponosi odpowiedzialno\u015bci za szkod\u0119, poniewa\u017c w jego ocenie nie zachodzi zwi\u0105zek pomi\u0119dzy szkod\u0105 zwi\u0105zan\u0105 ze \u015bmierci\u0105 dziecka w gara\u017cowanym samochodzie, a ruchem pojazdu, co uniemo\u017cliwia\u0142o przyj\u0119cie odpowiedzialno\u015bci na zasadzie ryzyka. Jego zdaniem odpowiedzialno\u015b\u0107 gwarancyjna z polisy OC pojazdu za skutki \u015bmierci dziecka by\u0142a wy\u0142\u0105czona. Ponadto sta\u0142 na stanowisku, \u017ce aktualne brzmienie ustawy o ubezpieczeniach obowi\u0105zkowych, Ubezpieczeniowym Funduszu Gwarancyjnym i Polskim Biurze Ubezpieczycieli Komunikacyjnych, nie wymienia poj\u0119cia gara\u017cowania jako jednej z przes\u0142anek maj\u0105cej zwi\u0105zek z ruchem pojazdu.<\/p>\n\n\n\n<p><br>Ze stanowiskiem ubezpieczyciela zgodzi\u0142 si\u0119 s\u0105d pierwszej instancji, uznaj\u0105c \u017ce wydarzenie nie mo\u017ce skutkowa\u0107 odpowiedzialno\u015bci\u0105 ubezpieczyciela posiadacza pojazdu za skutki tego zdarzenia, oddali\u0142 pow\u00f3dztwo bliskich i powo\u0142a\u0142, \u017ce: &#8222;<em>W niniejszej sprawie nie do\u015b\u0107, \u017ce nie mo\u017cemy m\u00f3wi\u0107 o jakimkolwiek ruchu pojazdu, to r\u00f3wnie\u017c brak zwi\u0105zku przyczynowego mi\u0119dzy hipotetycznym ruchem pojazdu, a szkod\u0105<\/em>&#8222;.<\/p>\n\n\n\n<p><br>S\u0105d przyj\u0105\u0142 tak\u017ce, \u017ce nie znajduje zastosowania zasada odpowiedzialno\u015bci zaostrzona ryzyka, a fakt \u017ce pojazd by\u0142 gara\u017cowany implikuje przyj\u0119cie zasady winy.<\/p>\n\n\n\n<p><br>Stanowisko to zosta\u0142o w pe\u0142ni zanegowane w apelacji. Jak wskaza\u0142a pe\u0142nomocnik reprezentuj\u0105ca bliskich zmar\u0142ej dziewczynki <strong><a href=\"http:\/\/kancelaria-kwiecien.pl\/\" target=\"_blank\" rel=\"noreferrer noopener\">adwokat Ilona Kwiecie\u0144<\/a><\/strong> \u2013 w sprawie istot\u0105 sporu by\u0142o przekonanie s\u0105du, \u017ce z jednej strony mamy odpowiedzialno\u015b\u0107 na zasadzie ryzyka, z drugiej, \u017ce zakres odpowiedzialno\u015bci ubezpieczyciela z OC posiadaczy pojazd\u00f3w mechanicznych wykracza w \u015bwietle ustawy o ubezpieczeniach obowi\u0105zkowych ponad w\u0119\u017csze poj\u0119cie szk\u00f3d z ruchu pojazdu z kodeksu cywilnego. W apelacji zasadne sta\u0142o si\u0119 wykazanie, \u017ce za szkod\u0119 powsta\u0142\u0105 w zwi\u0105zku z ruchem pojazdu mechanicznego uwa\u017ca\u0107 nale\u017cy szkod\u0119 powsta\u0142\u0105 podczas jego zatrzymania i postoju, a zmiana legislacyjna z 2012 r. polegaj\u0105ca na wykre\u015bleniu z art. 34 ust. 2 pkt. 3 ustawy o ubezpieczeniach obowi\u0105zkowych \u201egara\u017cowania\u201d nie mia\u0142a na celu wy\u0142\u0105czenia tego stanu spod zakresu odpowiedzialno\u015bci ubezpieczeniowej, a by\u0142a jedynie wynikiem przyj\u0119cia, \u017ce \u201egara\u017cowanie\u201d mie\u015bci si\u0119 w poj\u0119ciu \u201epostoju\u201d.<\/p>\n\n\n\n<p><br>Nadto, podniesiono, \u017ce fakt i\u017c pojazdem nikt nie kierowa\u0142, w \u017cadnej mierze nie wy\u0142\u0105cza odpowiedzialno\u015bci ubezpieczyciela za posiadacza pojazdu, w tym tak\u017ce za szkody wynik\u0142e podczas i w zwi\u0105zku z postojem pojazdu. Dodatkowo, \u017ce nietypowo\u015b\u0107 nast\u0119pstw nie niweluje zwi\u0105zku szkody z posiadaniem pojazdu \u2013 szkoda zwi\u0105zana z oddzia\u0142ywaniem element\u00f3w pojazdu (pasy).<\/p>\n\n\n\n<p><br>W wyniku apelacji z\u0142o\u017conej przez pe\u0142nomocniczk\u0119 pow\u00f3dki S\u0105d Apelacyjny w Warszawie uzna\u0142, \u017ce cho\u0107 nast\u0105pi\u0142o u\u017cycie pas\u00f3w bezpiecze\u0144stwa w spos\u00f3b bezsprzecznie nieprawid\u0142owy w zaparkowanym samochodzie wy\u0142\u0105czonym z ruchu drogowego, to nie jest to przes\u0142anka wy\u0142\u0105czaj\u0105ca odpowiedzialno\u015b\u0107 zak\u0142adu ubezpiecze\u0144. Wr\u0119cz przeciwnie, zaistnienie powy\u017cszej, tragicznej w skutkach sytuacji jest wystarczaj\u0105ce do wykazania odpowiedzialno\u015bci gwarancyjnej ubezpieczyciela. <strong>W jego ocenie w dacie zdarzenia istnia\u0142 \u015bcis\u0142y zwi\u0105zek pomi\u0119dzy stoj\u0105cym w gara\u017cu niezabezpieczonym i niezamkni\u0119tym samochodem, a uruchomieniem przez dziewczynk\u0119 podczas zabawy mechanizmu zwijania pasa bezpiecze\u0144stwa i zacie\u015bnieniem si\u0119 pasa wok\u00f3\u0142 jej szyi, co uniemo\u017cliwi\u0142o swobodne oddychanie, spowodowa\u0142o utrat\u0119 przytomno\u015bci i w nast\u0119pstwie zgon dziecka. Szkoda nast\u0105pi\u0142a zar\u00f3wno podczas jak i w zwi\u0105zku z postojem samochodu, a post\u00f3j ten mie\u015bci si\u0119 w poj\u0119ciu pojazdu \u201ew ruchu\u201d zgodnie z brzmieniem ustawy o ubezpieczeniach obowi\u0105zkowych.<\/strong><\/p>\n\n\n\n<p><br>S\u0105d Apelacyjny zwa\u017cy\u0142, \u017ce I instancja nie rozpozna\u0142a prawid\u0142owo istoty sprawy, a ca\u0142okszta\u0142t przytoczonych przez pe\u0142nomocnika twierdze\u0144 i wniosk\u00f3w dowodowych nie dawa\u0142 podstaw do przyj\u0119cia braku odpowiedzialno\u015bci ubezpieczyciela za skutki wypadku z dnia zdarzenia i finalnie do oddalenia pow\u00f3dztwa. Konsekwencj\u0105 powy\u017cszych ustale\u0144 S\u0105du Apelacyjnego by\u0142o uchylenie zaskar\u017conego wyroku i przekazanie sprawy s\u0105dowi ni\u017cszej instancji do ponownego rozpoznania.<\/p>\n\n\n\n<p><br>I cho\u0107 sprawa w dalszym ci\u0105gu toczy si\u0119 przed S\u0105dem Okr\u0119gowym w Warszawie, powy\u017csze ukazuje, \u017ce odpowiedzialno\u015b\u0107 ubezpieczyciela powinna by\u0107 postrzegana w szerokim uj\u0119ciu, co usprawni proces uzyskania rekompensaty dla naszych poszkodowanych klient\u00f3w.<\/p>\n\n\n\n<p>marshal.pl<\/p>\n","protected":false},"excerpt":{"rendered":"<p>W 2014 roku w powiecie nowos\u0105deckim, pi\u0119cioletnia dziewczynka podczas zabawy w samochodzie oplot\u0142a wok\u00f3\u0142 szyi pas bezpiecze\u0144stwa, kt\u00f3ry uleg\u0142 zaci\u015bni\u0119ciu, co doprowadzi\u0142o do d\u0142ugotrwa\u0142ego niedotlenienia m\u00f3zgu i niestety p\u00f3\u017aniejszego zgonu dziecka. Do tragicznego zdarzenia dosz\u0142o na posesji dziadk\u00f3w ma\u0142oletniej, kiedy to kilkuletnia w\u00f3wczas dziewczynka, bez wiedzy babci sprawuj\u0105cej nad ni\u0105 opiek\u0119, wesz\u0142a do wn\u0119trza samochodu [&hellip;]<\/p>\n","protected":false},"author":2,"featured_media":0,"comment_status":"open","ping_status":"open","sticky":false,"template":"","format":"standard","meta":{"footnotes":""},"categories":[8,45,43],"tags":[11,12,13],"class_list":["post-3451","post","type-post","status-publish","format-standard","hentry","category-aktualnosci","category-artykul-glowny","category-prawo","tag-marshal","tag-odszkodowanie","tag-zadoscuczynienie"],"_links":{"self":[{"href":"https:\/\/www.odszkodowania.info.pl\/index.php?rest_route=\/wp\/v2\/posts\/3451","targetHints":{"allow":["GET"]}}],"collection":[{"href":"https:\/\/www.odszkodowania.info.pl\/index.php?rest_route=\/wp\/v2\/posts"}],"about":[{"href":"https:\/\/www.odszkodowania.info.pl\/index.php?rest_route=\/wp\/v2\/types\/post"}],"author":[{"embeddable":true,"href":"https:\/\/www.odszkodowania.info.pl\/index.php?rest_route=\/wp\/v2\/users\/2"}],"replies":[{"embeddable":true,"href":"https:\/\/www.odszkodowania.info.pl\/index.php?rest_route=%2Fwp%2Fv2%2Fcomments&post=3451"}],"version-history":[{"count":1,"href":"https:\/\/www.odszkodowania.info.pl\/index.php?rest_route=\/wp\/v2\/posts\/3451\/revisions"}],"predecessor-version":[{"id":3452,"href":"https:\/\/www.odszkodowania.info.pl\/index.php?rest_route=\/wp\/v2\/posts\/3451\/revisions\/3452"}],"wp:attachment":[{"href":"https:\/\/www.odszkodowania.info.pl\/index.php?rest_route=%2Fwp%2Fv2%2Fmedia&parent=3451"}],"wp:term":[{"taxonomy":"category","embeddable":true,"href":"https:\/\/www.odszkodowania.info.pl\/index.php?rest_route=%2Fwp%2Fv2%2Fcategories&post=3451"},{"taxonomy":"post_tag","embeddable":true,"href":"https:\/\/www.odszkodowania.info.pl\/index.php?rest_route=%2Fwp%2Fv2%2Ftags&post=3451"}],"curies":[{"name":"wp","href":"https:\/\/api.w.org\/{rel}","templated":true}]}}