{"id":3463,"date":"2022-07-08T20:11:40","date_gmt":"2022-07-08T19:11:40","guid":{"rendered":"https:\/\/www.odszkodowania.info.pl\/?p=3463"},"modified":"2022-07-08T20:11:42","modified_gmt":"2022-07-08T19:11:42","slug":"niepewna-sytuacja-inwestorow-i-klientow-euco","status":"publish","type":"post","link":"https:\/\/www.odszkodowania.info.pl\/?p=3463","title":{"rendered":"Niepewna sytuacja inwestor\u00f3w i klient\u00f3w EuCO"},"content":{"rendered":"\n<p>Wywodz\u0105ce si\u0119 z Legnicy Europejskie Centrum Odszkodowa\u0144 ujemnym wynikiem finansowym nap\u0119dzi\u0142o stracha obligatariuszom i akcjonariuszom. Zdaniem eksperta obawia\u0107 powinni si\u0119 r\u00f3wnie\u017c klienci, kt\u00f3rych odszkodowania przep\u0142ywaj\u0105 przez rachunek po\u015brednika. Wraca temat regulacji, o kt\u00f3re ubezpieczyciele apeluj\u0105 od dobrych kilku lat.<\/p>\n\n\n\n<p>Nad Europejskim Centrum Odszkodowa\u0144 (EuCO) \u2014&nbsp;dawniej najja\u015bniejsz\u0105 gwiazd\u0105 bran\u017cy odszkodowawczej (mowa o&nbsp;firmach, kt\u00f3re \u017cyj\u0105 z&nbsp;prowizji od wywalczonego od ubezpieczyciela odszkodowania na rzecz poszkodowanego klienta) \u2014&nbsp;zbieraj\u0105 si\u0119 ciemne chmury.<\/p>\n\n\n\n<p>Z\u00a0raportu opublikowanego na koniec kwietnia wynika, \u017ce ubieg\u0142y rok sp\u00f3\u0142ka gie\u0142dowa zamkn\u0119\u0142a pod grub\u0105 kresk\u0105 (<strong>skonsolidowana strata netto przekroczy\u0142a 20 mln z\u0142<\/strong>). Ujemny wynik to pocz\u0105tek problem\u00f3w \u2014\u00a0upraszczaj\u0105c, da\u0142 on obligatariuszom zielone \u015bwiat\u0142o do postawienie d\u0142ugu w\u00a0stan wymagalno\u015bci. Zdecyduj\u0105 o\u00a0tym w\u00a0drodze g\u0142osowania w\u00a0najbli\u017csz\u0105 \u015brod\u0119. Zapytali\u015bmy kierownictwo EuCO drog\u0105 mejlow\u0105 o\u00a0plan powrotu do rentowno\u015bci \u2014\u00a0odpowiedzi jednak nie otrzymali\u015bmy.<\/p>\n\n\n\n<p><strong>Stan zapalny<\/strong><\/p>\n\n\n\n<p><strong>Strata finansowa jest pok\u0142osiem odpis\u00f3w spowodowanymi utrat\u0105 warto\u015bci dw\u00f3ch sp\u00f3\u0142ek c\u00f3rek<\/strong>. Pierwsza to Centrul European de Desp\u0103gubiri, czyli rumu\u0144ska firma odszkodowawcza. Tutaj sprawa jest na tyle skomplikowana, \u017ce zagadk\u0119: co si\u0119 sta\u0142o z\u00a0portfelem prowadzonych spraw, rozwik\u0142a\u0107 usi\u0142uje polska delegacja oraz zewn\u0119trzny audytor. Zarz\u0105d w\u00a0mejlu przes\u0142anym do naszej redakcji odradza wszelkie spekulacje na ten temat, bo mog\u0105 wprowadza\u0107 w\u00a0b\u0142\u0105d.<\/p>\n\n\n\n<p>Druga k\u0142opotliwa sp\u00f3\u0142ka c\u00f3rka to EucoVipcar \u2014 odpowiada za wynajem samochod\u00f3w zast\u0119pczych. Wed\u0142ug zarz\u0105du, jej problemom winna jest pandemia, a dok\u0142adnie: obostrzenia z ni\u0105 zwi\u0105zane, czyli lockdown i praca zdalna, bo &#8222;ograniczy\u0142y mobilno\u015b\u0107 spo\u0142ecze\u0144stwa do minimum&#8221;, co prze\u0142o\u017cy\u0142o si\u0119 na spadek zainteresowania ofert\u0105 wynajmu samochod\u00f3w. Oliwy do ognia zdaniem szefostwa dola\u0142a niestabilna sytuacja geopolityczna oraz finansowa w kraju u na \u015bwiecie. Splot tych wydarze\u0144 zmusi\u0142 ich do zmiany plan\u00f3w strategicznych, czyli rezygnacji z zakupu nowych samochod\u00f3w i konieczno\u015bci obni\u017cenia warto\u015bci sp\u00f3\u0142ki.<\/p>\n\n\n\n<p><strong>Wzrost napi\u0119cia<\/strong><\/p>\n\n\n\n<p>Zdaniem naszego rozm\u00f3wcy, kt\u00f3ry zastrzega sobie anonimowo\u015b\u0107, inwestor\u00f3w mierzi nie tyle nieefektywna dzia\u0142alno\u015b\u0107 wypo\u017cyczalni aut w pandemii, ile fakt, \u017ce EuCO kupi\u0142o j\u0105 latem 2017r., czyli zanim zacz\u0119\u0142y si\u0119 jej problemy, od Krajowych Inwestycji Kapita\u0142owych (KIK), za ponad 25 mln z\u0142 kontrolowanych przez Krzysztofa Lewandowskiego, za\u0142o\u017cyciela i prezesa gie\u0142dowej grupy EuCO.<\/p>\n\n\n\n<p><strong>Modna bran\u017ca<\/strong><\/p>\n\n\n\n<p>Pocz\u0105tki legnickiej firmy odszkodowawczej EuCO si\u0119gaj\u0105 2004 r. Sze\u015b\u0107 lat p\u00f3\u017aniej sp\u00f3\u0142ka zadebiutowa\u0142a na warszawskim parkiecie. <strong>W&nbsp;szczytowym momencie za jej akcje trzeba by\u0142o zap\u0142aci\u0107 ponad 50 z\u0142, a&nbsp;obecnie \u2014&nbsp;nieca\u0142e 2&nbsp;z\u0142<\/strong>. Grupa za\u0142o\u017cona przez Krzysztofa Lewandowskiego, kt\u00f3ry wci\u0105\u017c stoi na jej czele,&nbsp;dokona\u0142a ekspansji na rynki Europy \u015arodkowo Wschodniej \u2014&nbsp;obecna jest w&nbsp;Czechach, Rumunii, na S\u0142owacji i&nbsp;W\u0119grzech. By\u0142a liderem regionu. Od kilku jej gwiazda blednie.<\/p>\n\n\n\n<p>\u2014 Kilka lat temu sp\u00f3\u0142ka znikn\u0119\u0142a mi z&nbsp;radaru, nie wiem co si\u0119 w&nbsp;niej dzieje \u2014&nbsp;stwierdza Marcin Broda, analityk Ogmy, wydawcy &#8222;Dziennika Ubezpieczeniowego&#8221;, kt\u00f3ry rynek ubezpieczeniowy zna jak w\u0142asn\u0105 kiesze\u0144.&nbsp;<\/p>\n\n\n\n<p>Dodaje, \u017ce z\u0142ote czasy w\u00a0bran\u017cy min\u0119\u0142o, ale nie oznacza to, \u017ce \u017ale si\u0119 tym sp\u00f3\u0142kom wiedzie.<\/p>\n\n\n\n<p>money.pl<\/p>\n","protected":false},"excerpt":{"rendered":"<p>Wywodz\u0105ce si\u0119 z Legnicy Europejskie Centrum Odszkodowa\u0144 ujemnym wynikiem finansowym nap\u0119dzi\u0142o stracha obligatariuszom i akcjonariuszom. Zdaniem eksperta obawia\u0107 powinni si\u0119 r\u00f3wnie\u017c klienci, kt\u00f3rych odszkodowania przep\u0142ywaj\u0105 przez rachunek po\u015brednika. Wraca temat regulacji, o kt\u00f3re ubezpieczyciele apeluj\u0105 od dobrych kilku lat. Nad Europejskim Centrum Odszkodowa\u0144 (EuCO) \u2014&nbsp;dawniej najja\u015bniejsz\u0105 gwiazd\u0105 bran\u017cy odszkodowawczej (mowa o&nbsp;firmach, kt\u00f3re \u017cyj\u0105 z&nbsp;prowizji od [&hellip;]<\/p>\n","protected":false},"author":2,"featured_media":0,"comment_status":"open","ping_status":"open","sticky":false,"template":"","format":"standard","meta":{"footnotes":""},"categories":[8,45],"tags":[75],"class_list":["post-3463","post","type-post","status-publish","format-standard","hentry","category-aktualnosci","category-artykul-glowny","tag-euco"],"_links":{"self":[{"href":"https:\/\/www.odszkodowania.info.pl\/index.php?rest_route=\/wp\/v2\/posts\/3463","targetHints":{"allow":["GET"]}}],"collection":[{"href":"https:\/\/www.odszkodowania.info.pl\/index.php?rest_route=\/wp\/v2\/posts"}],"about":[{"href":"https:\/\/www.odszkodowania.info.pl\/index.php?rest_route=\/wp\/v2\/types\/post"}],"author":[{"embeddable":true,"href":"https:\/\/www.odszkodowania.info.pl\/index.php?rest_route=\/wp\/v2\/users\/2"}],"replies":[{"embeddable":true,"href":"https:\/\/www.odszkodowania.info.pl\/index.php?rest_route=%2Fwp%2Fv2%2Fcomments&post=3463"}],"version-history":[{"count":1,"href":"https:\/\/www.odszkodowania.info.pl\/index.php?rest_route=\/wp\/v2\/posts\/3463\/revisions"}],"predecessor-version":[{"id":3464,"href":"https:\/\/www.odszkodowania.info.pl\/index.php?rest_route=\/wp\/v2\/posts\/3463\/revisions\/3464"}],"wp:attachment":[{"href":"https:\/\/www.odszkodowania.info.pl\/index.php?rest_route=%2Fwp%2Fv2%2Fmedia&parent=3463"}],"wp:term":[{"taxonomy":"category","embeddable":true,"href":"https:\/\/www.odszkodowania.info.pl\/index.php?rest_route=%2Fwp%2Fv2%2Fcategories&post=3463"},{"taxonomy":"post_tag","embeddable":true,"href":"https:\/\/www.odszkodowania.info.pl\/index.php?rest_route=%2Fwp%2Fv2%2Ftags&post=3463"}],"curies":[{"name":"wp","href":"https:\/\/api.w.org\/{rel}","templated":true}]}}