{"id":3465,"date":"2022-07-08T20:19:52","date_gmt":"2022-07-08T19:19:52","guid":{"rendered":"https:\/\/www.odszkodowania.info.pl\/?p=3465"},"modified":"2022-07-08T20:19:52","modified_gmt":"2022-07-08T19:19:52","slug":"ludzie-ziobry-chca-odebrac-weterance-powstania-warszawskiego-zadoscuczynienie-paulinka-przeszla-gehenne-w-stalinowskim-wiezieniu","status":"publish","type":"post","link":"https:\/\/www.odszkodowania.info.pl\/?p=3465","title":{"rendered":"Ludzie Ziobry chc\u0105 odebra\u0107 weterance  Powstania Warszawskiego zado\u015b\u0107uczynienie. &#8222;Paulinka&#8221; przesz\u0142a gehenn\u0119 w  stalinowskim wi\u0119zieniu"},"content":{"rendered":"\n<p>Bohaterka powstania warszawskiego Anna Jakubowska &#8222;Paulinka&#8221; po wojnie przesz\u0142a gehenn\u0119 stalinowskiego wi\u0119zienia. Ponad pi\u0119\u0107 lat za kratkami zrujnowa\u0142o jej zdrowie, \u017cycie rodzinne i karier\u0119. Dzi\u015b podleg\u0142a Zbigniewowi Ziobrze prokuratura chce pozbawi\u0107 j\u0105 przyznanego zado\u015b\u0107uczynienia, a s\u0119dzia &#8222;dobrej zmiany&#8221; Piotr Schab wnosi o zmniejszenie zas\u0105dzonej kwoty o dwie trzecie.<\/p>\n\n\n\n<p>Wyrok zapad\u0142 w VIII Wydziale Karnym S\u0105du Okr\u0119gowego w Warszawie 13 grudnia 2021 r. Akurat w 40. rocznic\u0119 og\u0142oszenia stanu wojennego. Prowadz\u0105cy spraw\u0119 s\u0119dzia Wojciech Ma\u0142ek odczyta\u0142 orzeczenie: \u201eS\u0105d uzna\u0142, \u017ce kwota 9\u00a0mln z\u0142 tytu\u0142em zado\u015b\u0107uczynienia za doznan\u0105 krzywd\u0119 (\u2026) jest adekwatna. W ocenie S\u0105du wysoko\u015b\u0107 zas\u0105dzonego \u015bwiadczenia w niewielkim stopniu mo\u017ce zrekompensowa\u0107 cierpienia, jakich dozna\u0142a Anna Jakubowska i utraconych mo\u017cliwo\u015bci, jakie mia\u0142aby pozostaj\u0105c na wolno\u015bci, w tym zbudowania matczynej wi\u0119zi z synem, kontynuacji studi\u00f3w i pod\u0105\u017cania zaplanowan\u0105 \u015bcie\u017ck\u0105 zawodow\u0105&#8221;.<\/p>\n\n\n\n<p>&#8211; Bardzo nie chcia\u0142am o to wyst\u0119powa\u0107. Uwa\u017ca\u0142am, \u017ce domaganie si\u0119 rekompensaty pieni\u0119\u017cnej od w\u0142asnego pa\u0144stwa jest czym\u015b uw\u0142aczaj\u0105cym. Potem jednak mecenas Jacek Taylor przekona\u0142 mnie, \u017ce tu chodzi o ci\u0105g\u0142o\u015b\u0107 pa\u0144stwa. Ludzie, kt\u00f3rzy mnie s\u0105dzili, ju\u017c pewnie nie \u017cyj\u0105, ale kto\u015b ponosi odpowiedzialno\u015b\u0107 za wydawane wtedy wyroki \u2013 m\u00f3wi dzi\u015b Anna Jakubowska. Przyznaje, \u017ce do wyst\u0105pienia o zado\u015b\u0107uczynienie za pobyt w stalinowskim wi\u0119zieniu sk\u0142oni\u0142o j\u0105 pragnienie zapewnienia godnego \u017cycia choremu neurologicznie m\u0142odszemu synowi, kt\u00f3ry dostaje rent\u0119 inwalidzk\u0105 w najni\u017cszym wymiarze. \u2013 To jest m\u00f3j motyw osobisty i o tym m\u00f3wi\u0119 otwarcie. By\u0142oby niepowa\u017cne, gdybym nie ujawni\u0142a, jakie s\u0105 moje intencje \u2013 podkre\u015bla.<\/p>\n\n\n\n<p><strong>Powstanie Warszawskie. &#8222;Paulinka&#8221; w stalinowskim wi\u0119zieniu przesz\u0142a gehenn\u0119<\/strong><\/p>\n\n\n\n<p>&#8222;Paulinka&#8221; ma 95 lat. Dzi\u015b (26 maja) obchodzi urodziny. Jest jednym z ostatnich \u017cyj\u0105cych \u017co\u0142nierzy s\u0142ynnego Batalionu \u201eZo\u015bka&#8221;, a dzi\u0119ki zabieraniu g\u0142osu w wa\u017cnych dla Polski sprawach tak\u017ce jedn\u0105 z najbardziej rozpoznawalnych os\u00f3b ze \u015brodowiska kombatanckiego, autorytetem dla m\u0142odych. Podczas okupacji nale\u017ca\u0142a do podziemnej organizacji PET i Szarych Szereg\u00f3w. W powstaniu warszawskim jako sanitariuszka i \u0142\u0105czniczka w \u201eZo\u015bce&#8221; przesz\u0142a szlak bojowy od Woli przez Star\u00f3wk\u0119, kana\u0142y i \u015ar\u00f3dmie\u015bcie do Czerniakowa. By\u0142a ranna. Za swoje czyny otrzyma\u0142a Krzy\u017c Walecznych.<\/p>\n\n\n\n<p>Wkr\u00f3tce po wojnie zda\u0142a matur\u0119 i zacz\u0119\u0142a studiowa\u0107 psychologi\u0119 na Uniwersytecie Warszawskim. Wysz\u0142a za m\u0105\u017c za Henryka Koz\u0142owskiego \u201eKmit\u0119&#8221;, by\u0142ego dow\u00f3dc\u0119 I Kompanii \u201eMaciek&#8221; Batalionu \u201eZo\u015bka&#8221;, urodzi\u0142a pierwszego syna. Uczestniczy\u0142a w \u017cyciu \u015brodowiska \u201ezo\u015bkowc\u00f3w&#8221;, m.in. w jego wyjazdach wypoczynkowo-leczniczych w g\u00f3ry. Bra\u0142a udzia\u0142 w sporz\u0105dzaniu list poleg\u0142ych w powstaniu towarzyszek i towarzyszy broni, organizowaniu ich ekshumacji i pogrzeb\u00f3w. W przeciwie\u0144stwie do swojego m\u0119\u017ca nie anga\u017cowa\u0142a si\u0119 ju\u017c jednak w dalsz\u0105 dzia\u0142alno\u015b\u0107 konspiracyjn\u0105. Mimo to, p\u00f3\u017anym wieczorem 13 stycznia 1949 r. z domu zabra\u0142a j\u0105 bezpieka. Fala aresztowa\u0144 by\u0142ych \u017co\u0142nierzy Batalionu \u201eZo\u015bka&#8221;, rozpocz\u0119ta zatrzymaniem Jana Rodowicza \u201eAnody&#8221; w Wigili\u0119 Bo\u017cego Narodzenia 1948 r., obj\u0119\u0142a wtedy ponad 30 os\u00f3b, w\u015br\u00f3d nich \u201eKmit\u0119&#8221;, kt\u00f3ry za kratkami znalaz\u0142 si\u0119 dziesi\u0119\u0107 dni przed \u201ePaulink\u0105&#8221;.<\/p>\n\n\n\n<p>Anna Jakubowska, w\u00f3wczas Koz\u0142owska, przetrzymywana by\u0142a kr\u00f3tko w siedzibie Ministerstwa Bezpiecze\u0144stwa Publicznego przy ul. Koszykowej, nast\u0119pnie 15 miesi\u0119cy w Areszcie \u015aledczym przy ul. Rakowieckiej. Panuj\u0105ce tam warunki \u2013 przeludnione cele, spanie na pod\u0142odze, wszy, pluskwy, g\u0142\u00f3d, zaspokajanie pragnienia wod\u0105 z klozetu \u2013 nie mie\u015bci\u0142y si\u0119 w \u017cadnych standardach. W czasie licznych przes\u0142ucha\u0144 by\u0142a bita po twarzy, g\u0142owie i r\u0119kach, popychana i szarpana za w\u0142osy, wykr\u0119cano jej palce i r\u0119ce, ubli\u017cano. Gorsze od przemocy fizycznej by\u0142y tortury psychiczne, gdy \u015bledczy grozi\u0142, \u017ce ju\u017c nigdy nie zobaczy swojego dziecka. Niespe\u0142na dwuletni Tomasz, kt\u00f3ry zosta\u0142 z jej matk\u0105, mia\u0142 jakoby trafi\u0107 do sieroci\u0144ca pod zmienionym nazwiskiem. Annie Jakubowskiej postawiono zarzut z art. 86. Kodeksu karnego Wojska Polskiego \u201eusi\u0142owania przemoc\u0105 usuni\u0119cia organ\u00f3w w\u0142adzy zwierzchniej Narodu oraz usi\u0142owania przemoc\u0105 zmiany ustroju Pa\u0144stwa Polskiego&#8221;. S\u0105d wojskowy w listopadzie 1949 r. wyda\u0142 wyrok: pi\u0119\u0107 lat wi\u0119zienia i utrata praw publicznych i obywatelskich praw honorowych na dwa lata, a w kwietniu 1950 r. zmieni\u0142 go na surowszy: osiem lat wi\u0119zienia i utrata praw publicznych na trzy lata oraz przepadek ca\u0142ego mienia na rzecz Skarbu Pa\u0144stwa. Kar\u0119 odsiadywa\u0142a w wi\u0119zieniach w Bydgoszczy \u2013 Fordonie i Grudzi\u0105dzu. Wolno\u015b\u0107 odzyska\u0142a 18 maja 1954 r., na mocy amnestii, po 64 miesi\u0105cach od aresztowania. W 1957 r. S\u0105d Najwy\u017cszy uchyli\u0142 wyrok z 1950 r., a nied\u0142ugo potem uniewinni\u0142 Ann\u0119 Jakubowsk\u0105 z pope\u0142nienia zarzucanych czyn\u00f3w. Dosta\u0142a wtedy symboliczn\u0105 sum\u0119 jako odszkodowanie za pobyt w wi\u0119zieniu. Jej m\u0105\u017c, skazany na kar\u0119 \u015bmierci, zamienion\u0105 przez Bieruta na do\u017cywocie, wyszed\u0142 na wolno\u015b\u0107 w 1956 r.<\/p>\n\n\n\n<p><strong>Paulinka i jej walka o demokracj\u0119<\/strong><\/p>\n\n\n\n<p>Pozbawienie wolno\u015bci, stosowana przemoc fizyczna i psychiczna ci\u0119\u017cko odbi\u0142y si\u0119 na zdrowiu Anny Jakubowskiej, co potwierdzaj\u0105 za\u015bwiadczenia lekarskie z 1987 i 2018 r. Lata roz\u0142\u0105ki spowodowa\u0142y utrat\u0119 relacji z wychowanym przez babci\u0119 synem. Rozpad\u0142o si\u0119 te\u017c jej ma\u0142\u017ce\u0144stwo z Henrykiem Koz\u0142owskim (po raz drugi wysz\u0142a za m\u0105\u017c w 1960 r. za Romualda Jakubowskiego, z kt\u00f3rym ma m\u0142odszego syna Jerzego). Annie Jakubowskiej odm\u00f3wiono kontynuacji studi\u00f3w na UW. Jako \u201ekryminalistka&#8221; mia\u0142a problem ze znalezieniem pracy. Dzi\u0119ki pomocy kolegi z AK dosta\u0142a j\u0105 w niedu\u017cej sp\u00f3\u0142dzielni odzie\u017cowej Astra, sk\u0105d po kilku latach przesz\u0142a do Biura Wydawnictw przy Stowarzyszeniu Elektryk\u00f3w Polskich. Z czasem zosta\u0142a kierowniczk\u0105 dzia\u0142u prasowego SEP. W czasach pierwszej \u201eSolidarno\u015bci&#8221; by\u0142a wiceszefow\u0105 du\u017cego ko\u0142a tego zwi\u0105zku, w 1989 r. w\u0142\u0105czy\u0142a si\u0119 w prace Komitetu Obywatelskiego przy Lechu Wa\u0142\u0119sie, a potem Obywatelskiego Komitetu Parlamentarnego. Nast\u0119pnie dzia\u0142a\u0142a w Fundacji SOS Jacka Kuronia, zainicjowa\u0142a i wsp\u00f3\u0142prowadzi\u0142a Fundacj\u0119 Filmow\u0105 Armii Krajowej, kt\u00f3ra wyprodukowa\u0142a 26 film\u00f3w, zasiada\u0142a w Radzie Spo\u0142ecznej przy Rzeczniku Praw Obywatelskich. Cztery lata temu otrzyma\u0142a tytu\u0142 Honorowej Obywatelki Warszawy .<\/p>\n\n\n\n<p>Nieraz krytykowa\u0142a poczynania obecnych w\u0142adz. Najg\u0142o\u015bniej w 2016 r., gdy sprzeciwi\u0142a si\u0119 narzuconemu przez \u00f3wczesnego szefa MON Antoniego Macierewicza dopisaniu nazwisk ofiar katastrofy smole\u0144skiej do Apelu Poleg\u0142ych po\u015bwi\u0119conego powsta\u0144com warszawskim. Wspiera\u0142a rzecznika praw obywatelskich Adama Bodnara w obronie przed przej\u0119ciem przez PiS Trybuna\u0142u Konstytucyjnego. Krytycznie wypowiada\u0142a si\u0119 na temat forsowanego przez PiS kultu tzw. \u017co\u0142nierzy wykl\u0119tych.\u00a0Jest sygnatariuszk\u0105 wielu list\u00f3w, m.in. przeciw atakowi abp. Marka J\u0119draszewskiego na osoby LGBT w kazaniu wyg\u0142oszonym w 75. rocznic\u0119 powstania warszawskiego. W ubieg\u0142ym roku z innymi uczestniczkami powstania zaapelowa\u0142y do w\u0142adz Ko\u015bcio\u0142a katolickiego o\u00a0zorganizowanie i obj\u0119cie opiek\u0105 o\u015brodka dla uchod\u017ac\u00f3w na granicy z Bia\u0142orusi\u0105.<\/p>\n\n\n\n<p><strong>Zado\u015b\u0107uczynienie dla &#8222;Paulinki&#8221;. Tomasz Komenda otrzyma\u0142 wi\u0119cej<\/strong><\/p>\n\n\n\n<p>O przyznanie zado\u015b\u0107uczynienia za krzywd\u0119 wyrz\u0105dzon\u0105 aresztowaniem i uwi\u0119zieniem wyst\u0105pi\u0142a do S\u0105du Okr\u0119gowego w Warszawie 4 czerwca 2021 r. Tak\u0105 mo\u017cliwo\u015b\u0107 daje Ustawa z 23 lutego 1991 r. o uznaniu za niewa\u017cne orzecze\u0144 wydanych wobec os\u00f3b represjonowanych za dzia\u0142alno\u015b\u0107 na rzecz niepodleg\u0142ego bytu Pa\u0144stwa Polskiego. Reprezentuj\u0105cy Ann\u0119 Jakubowsk\u0105 adwokat Micha\u0142 Wawrykiewicz we wniosku do s\u0105du wskaza\u0142, \u017ce na krzywd\u0119 t\u0119 sk\u0142adaj\u0105 si\u0119: warunki przetrzymywania w Areszcie \u015aledczym przy ul. Rakowieckiej, kt\u00f3re doprowadzi\u0142y jego klientk\u0119 do skrajnego wyczerpania fizycznego i psychicznego, stosowanie niedopuszczalnych metod \u015bledztwa, tortur i przemocy fizycznej, proces ur\u0105gaj\u0105cy standardom post\u0119powania, nastawiony na osi\u0105gni\u0119cie celu politycznego, bez mo\u017cliwo\u015bci obrony, warunki detencji wyniszczaj\u0105ce zdrowie fizyczne i psychiczne osadzonej, umieszczenie jej z wi\u0119\u017aniarkami kryminalnymi skazanymi za najci\u0119\u017csze zbrodnie, niemo\u017cliwo\u015b\u0107 wychowania syna i kontaktu z nim. Adwokat wymieni\u0142 te\u017c konsekwencje skazania Anny Jakubowskiej, m.in.: obni\u017cenie jako\u015bci \u017cycia ze wzgl\u0119du na objawy stresu pourazowego, niemo\u017cno\u015b\u0107 uko\u0144czenia studi\u00f3w, rozwijania si\u0119 i pracy w wybranym przez siebie zawodzie, trudne warunki finansowe, zaburzone relacje z synem, czy permanentny stan l\u0119ku. Zado\u015b\u0107uczynienie za ka\u017cdy z 15 miesi\u0119cy pobytu w areszcie przy ul. Rakowieckiej wyliczy\u0142 na 250 tys. z\u0142, a za ka\u017cdy z 49 miesi\u0119cy wi\u0119zienia w Fordonie i Grudzi\u0105dzu \u2013 na 125 tys. z\u0142. \u0141\u0105cznie da\u0142o to kwot\u0119 9 mln 875 tys. z\u0142.<\/p>\n\n\n\n<p>&#8211; Okre\u015blaj\u0105c j\u0105, brali\u015bmy pod uwag\u0119 wyroki, kt\u00f3re zapada\u0142y w s\u0105dach w podobnych sprawach na podstawie tzw. ustawy lutowej, a tak\u017ce kwoty zas\u0105dzane za bezzasadne osadzenie dzisiaj. Tomasz Komenda za 18 lat pozbawienia wolno\u015bci dosta\u0142 12 mln z\u0142 zado\u015b\u0107uczynienia. To potworna sprawa, jednak niepor\u00f3wnywalna. On przebywa\u0142 jednak w wyniku pomy\u0142ki s\u0105dowej w normalnym wi\u0119zieniu w demokratycznym pa\u0144stwie. Pani Anna Jakubowska warunki mia\u0142a drastycznie gorsze, przesz\u0142a przez piek\u0142o stalinowskiego systemu &#8211; nieludzkie traktowanie: tortury, bicie, poni\u017canie, \u015bcisk w celach i brak jakiejkolwiek higieny &#8211; t\u0142umaczy mecenas Micha\u0142 Wawrykiewicz. I dodaje, \u017ce na podstawie ustawy lutowej zas\u0105dzane s\u0105 zbli\u017cone kwoty (ok. 120 tys. z\u0142 za miesi\u0105c pozbawienia wolno\u015bci).<\/p>\n\n\n\n<p>S\u0105d przyzna\u0142 sum\u0119 niewiele ni\u017csz\u0105 od tej z wniosku, cho\u0107 i tak jest ona rekordowo wysokim zado\u015b\u0107uczynieniem.<\/p>\n\n\n\n<p><strong>Prokurator pisze o &#8222;niezasadnej korzy\u015bci&#8221; odszkodowania dla&#8221;Paulinki&#8221;<\/strong><\/p>\n\n\n\n<p>Wyrok zaskar\u017cy\u0142a w ca\u0142o\u015bci na niekorzy\u015b\u0107 Anny Jakubowskiej Prokuratura Okr\u0119gowa w Warszawie. Wed\u0142ug podpisanej pod apelacj\u0105 z 12 stycznia prokurator Ma\u0142gorzaty Herter-Dziurzy\u0144skiej, zado\u015b\u0107uczynienie weterance si\u0119 nie nale\u017cy, poniewa\u017c w okresie, kt\u00f3rego dotyczy\u0142y postawione jej zarzuty, nie prowadzi\u0142a dzia\u0142alno\u015bci na rzecz niepodleg\u0142ego bytu Pa\u0144stwa Polskiego, a zgromadzony materia\u0142 dowodowy nie daje podstaw do stwierdzenia, \u017ce zosta\u0142a ona pozbawiona wolno\u015bci z powodu dzia\u0142alno\u015bci swojego m\u0119\u017ca. Prokurator Herter-Dziurzy\u0144ska odnios\u0142a si\u0119 te\u017c do zas\u0105dzonej kwoty, pisz\u0105c, \u017ce \u201ezado\u015b\u0107uczynienie nie mo\u017ce stanowi\u0107 nadmiernego ekwiwalentu prze\u017cy\u0107 w stosunku do doznanej krzywdy, jak te\u017c nie mo\u017ce by\u0107 \u017ar\u00f3d\u0142em niezasadnej korzy\u015bci&#8221;. W dalszej cz\u0119\u015bci apelacji napisa\u0142a, \u017ce suma ta powinna by\u0107 utrzymana \u201ew rozs\u0105dnych granicach, odpowiadaj\u0105cym aktualnym warunkom i przyj\u0119tej stopie \u017cyciowej spo\u0142ecze\u0144stwa&#8221;.<\/p>\n\n\n\n<p>Prokurator stwierdzi\u0142a ponadto, \u017ce \u201eAnna Jakubowska uzyska\u0142a satysfakcjonuj\u0105ce i zdejmuj\u0105ce z niej opini\u0119 skazanej przest\u0119pczyni &#8211; co nie by\u0142o w\u00f3wczas zjawiskiem powszechnym &#8211; orzeczenie o uniewinnieniu ju\u017c w 1958 r., co powinno r\u00f3wnie\u017c mie\u0107 wp\u0142yw na wysoko\u015b\u0107 zado\u015b\u0107uczynienia. Nie spotka\u0142a si\u0119 z infami\u0105 i ostracyzmem spo\u0142ecznym, w kt\u00f3rym si\u0119 obraca\u0142a, lecz odczuwa\u0142a jego wsparcie, wsp\u00f3\u0142czucie i cieszy\u0142a si\u0119 szacunkiem. Nale\u017cy te\u017c pami\u0119ta\u0107, \u017ce wnioskodawczyni ju\u017c w 1958 r. uzyska\u0142a od \u00f3wczesnych w\u0142adz odszkodowanie i zado\u015b\u0107uczynienie&#8221;. Jak sama obliczy\u0142a, by\u0142a to r\u00f3wnowarto\u015b\u0107 dzisiejszych 43,5 tys. z\u0142.<\/p>\n\n\n\n<p>Od wyroku S\u0105du Okr\u0119gowego w Warszawie drug\u0105 apelacj\u0119 z\u0142o\u017cy\u0142 11 stycznia jego prezes Piotr Schab, kt\u00f3ry jest jednocze\u015bnie rzecznikiem dyscyplinarnym s\u0119dzi\u00f3w, \u015bcigaj\u0105cym m.in. tych, kt\u00f3rzy nie popieraj\u0105 \u201edobrej zmiany&#8221;. Przyznanie zado\u015b\u0107uczynienia Annie Jakubowskiej zaskar\u017cy\u0142 w imieniu Skarbu Pa\u0144stwa. W apelacji podpisanej w zast\u0119pstwie Schaba przez radc\u0119 prawnego \u0141ukasza Sutkowskiego czytamy, \u017ce podwa\u017cona jest wy\u0142\u0105cznie wysoko\u015b\u0107 zas\u0105dzonej kwoty, kt\u00f3ra wed\u0142ug skar\u017c\u0105cego \u201enie odpowiada rzeczywistej krzywdzie, (\u2026) jest ra\u017c\u0105co wyg\u00f3rowana i stanowi dla Wnioskodawczyni \u017ar\u00f3d\u0142o wzbogacenia, co nie powinno mie\u0107 miejsca&#8221;. Prezes S\u0105du Okr\u0119gowego wni\u00f3s\u0142 o obni\u017cenie tej kwoty do maksymalnie 3 mln z\u0142.<\/p>\n\n\n\n<p><strong>Wawrykiewicz: Nie chc\u0105 zap\u0142aci\u0107 superbohaterce powstania warszawskiego<\/strong><\/p>\n\n\n\n<p>&#8211; A kto skar\u017cy? Prokuratura Zbigniewa Ziobry i prezes S\u0105du Okr\u0119gowego Piotr Schab, czyli \u015brodowisko, przez kt\u00f3re Polska p\u0142aci 1 mln euro kary dziennie za \u0142amanie praworz\u0105dno\u015bci. Te 9 mln z\u0142 to mniej ni\u017c 2 mln euro, kt\u00f3rych nie chc\u0105 zap\u0142aci\u0107 superbohaterce powstania warszawskiego, wiedz\u0105c, \u017ce ma syna z ci\u0119\u017ck\u0105 niepe\u0142nosprawno\u015bci\u0105, kt\u00f3rego przysz\u0142o\u015b\u0107 chcia\u0142aby zabezpieczy\u0107, co zreszt\u0105 by\u0142o jedyn\u0105 jej motywacj\u0105 wyst\u0105pienia z wnioskiem \u2013 m\u00f3wi mecenas Micha\u0142 Wawrykiewicz.<\/p>\n\n\n\n<p>Adwokat odpowiedzia\u0142 na obie apelacje, wnosz\u0105c o ich oddalenie. Obawia si\u0119 jednak, \u017ce zado\u015b\u0107uczynienie dla Anny Jakubowskiej mo\u017ce zosta\u0107 odebrane, poniewa\u017c w S\u0105dzie Apelacyjnym w Warszawie II Wydziale Karnym sprawa trafi\u0142a do referatu s\u0119dzi Katarzyny Wr\u00f3blewskiej powo\u0142anej na to stanowisko przez prezydenta na wniosek neo-KRS. \u201eRozpatrywanie apelacji w niniejszej sprawie powinien rozpozna\u0107 sk\u0142ad S\u0105du Apelacyjnego, nie budz\u0105cy \u017cadnych zastrze\u017ce\u0144 co do jego niezawis\u0142o\u015bci i bezstronno\u015bci&#8221; \u2013 napisa\u0142 mec. Wawrykiewicz 8 marca we wniosku o wy\u0142\u0105czenie s\u0119dzi. Ale jego wniosek dosta\u0142a do rozpatrzenia powo\u0142ana analogicznie s\u0119dzia Katarzyna Capa\u0142owska. Ju\u017c 16 marca z\u0142o\u017cy\u0142 pierwszy wniosek o wy\u0142\u0105czenie jej ze sprawy. Kolejny 6 maja.<\/p>\n\n\n\n<p>&#8211; Ale\u00a0ju\u017c 10 maja dowiaduj\u0119 si\u0119, \u017ce wniosek trafi\u0142 do Piotra Schaba, kt\u00f3ry jest te\u017c w s\u0105dzie apelacyjnym. A\u017c spad\u0142em z krzes\u0142a. Pytam: to mo\u017ce najlepiej, aby pan neos\u0119dzia Schab sam rozpozna\u0142 swoj\u0105 apelacj\u0119? Sk\u0142adam wi\u0119c wniosek o jego wy\u0142\u0105czenie, po czym s\u0142yszymy przez telefon, \u017ce sprawa zn\u00f3w jest u pani Capa\u0142owskiej \u2013 relacjonuje adwokat, kt\u00f3rego wniosek zosta\u0142 w\u0142a\u015bnie przez ni\u0105 odrzucony. \u2013 Domagam si\u0119, \u017ceby te apelacje trafi\u0142y do niezawis\u0142ego s\u0105du, kt\u00f3ry nie ma nic wsp\u00f3lnego z ministrem sprawiedliwo\u015bci i prokuratur\u0105, nic wsp\u00f3lnego z obecnym re\u017cimem represyjnym wobec niezawis\u0142ych s\u0119dzi\u00f3w. Niech ten s\u0105d to uczciwie rozs\u0105dzi i powie, \u017ce apelacja jest zasadna b\u0105d\u017a nie. Tego si\u0119 domagam od strony prawnej, a od strony moralnej, \u017ceby skar\u017c\u0105cy natychmiast wycofali te apelacje, bo to jest skandal, \u017ce je z\u0142o\u017cyli, pr\u00f3buj\u0105c przekre\u015bli\u0107 zas\u0142ugi i cierpienia wielkiej, prawdziwej patriotki. Ta sprawa pokazuje, w jakim znale\u017ali\u015bmy si\u0119 zau\u0142ku jako spo\u0142ecze\u0144stwo, jako pa\u0144stwo, jako obywatele. Osoba pani Anny Jakubowskiej jest \u015bwiat\u0142em, kt\u00f3re ten zau\u0142ek o\u015bwietli\u0142o.<\/p>\n\n\n\n<p>Mieszkaj\u0105ca dzi\u015b w Domu Kombatanta w Warszawie 95-letnia bohaterka jest ci\u0119\u017cko chora i mo\u017ce nie doczeka\u0107 wyroku s\u0105du apelacyjnego.<\/p>\n\n\n\n<p><strong>Prokuratura Krajowa: B\u0119dzie pilna analiza przypadku Anny Jakubowskiej &#8222;Paulinki&#8221;<\/strong><\/p>\n\n\n\n<p>O odniesienie si\u0119 do sprawy poprosili\u015bmy Ministerstwo Sprawiedliwo\u015bci, S\u0105d Okr\u0119gowy w Warszawie, Prokuratur\u0119 Okr\u0119gow\u0105 w Warszawie i S\u0105d Apelacyjny w Warszawie. Na nasze pytania przes\u0142ane do ministerstwa odpowiedzia\u0142 rzecznik Prokuratury Krajowej \u0141ukasz \u0141apczy\u0144ski: \u201eProkurator Generalny Zbigniew Ziobro poleci\u0142 Prokuraturze Krajowej przeprowadzenie pilnej \u2013 ze wzgl\u0119du na zaawansowany wiek\u00a0Anny Jakubowskiej >>Paulinki&lt;&lt; \u2013 analizy\u00a0zasadno\u015bci wniesienia apelacji. Priorytetem Prokuratora Generalnego jest przywracanie sprawiedliwo\u015bci i obrona godno\u015bci\u00a0dzia\u0142aczy niepodleg\u0142o\u015bciowych, szykanowanych przez komunistyczn\u0105 w\u0142adz\u0119, kt\u00f3rych po\u015bwi\u0119cenie i trud przyczyni\u0142y si\u0119 do odzyskania przez Polsk\u0119 niepodleg\u0142o\u015bci i stworzenie szans cywilizacyjnych rozwoju Ojczyzny i Polak\u00f3w.\u00a0Prokurator Generalny sk\u0142ada\u0142 m.in. skargi nadzwyczajne w sytuacjach, gdy s\u0105dy w takich sprawach odm\u00f3wi\u0142y lub przyzna\u0142y nieadekwatne roszczenia odszkodowawcze za pobyt w komunistycznych wi\u0119zieniach&#8221;.<\/p>\n\n\n\n<p>wyborcza.pl<\/p>\n","protected":false},"excerpt":{"rendered":"<p>Bohaterka powstania warszawskiego Anna Jakubowska &#8222;Paulinka&#8221; po wojnie przesz\u0142a gehenn\u0119 stalinowskiego wi\u0119zienia. Ponad pi\u0119\u0107 lat za kratkami zrujnowa\u0142o jej zdrowie, \u017cycie rodzinne i karier\u0119. Dzi\u015b podleg\u0142a Zbigniewowi Ziobrze prokuratura chce pozbawi\u0107 j\u0105 przyznanego zado\u015b\u0107uczynienia, a s\u0119dzia &#8222;dobrej zmiany&#8221; Piotr Schab wnosi o zmniejszenie zas\u0105dzonej kwoty o dwie trzecie. Wyrok zapad\u0142 w VIII Wydziale Karnym S\u0105du [&hellip;]<\/p>\n","protected":false},"author":1,"featured_media":0,"comment_status":"open","ping_status":"open","sticky":false,"template":"","format":"standard","meta":{"footnotes":""},"categories":[1],"tags":[12,193,13],"class_list":["post-3465","post","type-post","status-publish","format-standard","hentry","category-brak-kategorii","tag-odszkodowanie","tag-represje-stalinowskie","tag-zadoscuczynienie"],"_links":{"self":[{"href":"https:\/\/www.odszkodowania.info.pl\/index.php?rest_route=\/wp\/v2\/posts\/3465","targetHints":{"allow":["GET"]}}],"collection":[{"href":"https:\/\/www.odszkodowania.info.pl\/index.php?rest_route=\/wp\/v2\/posts"}],"about":[{"href":"https:\/\/www.odszkodowania.info.pl\/index.php?rest_route=\/wp\/v2\/types\/post"}],"author":[{"embeddable":true,"href":"https:\/\/www.odszkodowania.info.pl\/index.php?rest_route=\/wp\/v2\/users\/1"}],"replies":[{"embeddable":true,"href":"https:\/\/www.odszkodowania.info.pl\/index.php?rest_route=%2Fwp%2Fv2%2Fcomments&post=3465"}],"version-history":[{"count":1,"href":"https:\/\/www.odszkodowania.info.pl\/index.php?rest_route=\/wp\/v2\/posts\/3465\/revisions"}],"predecessor-version":[{"id":3466,"href":"https:\/\/www.odszkodowania.info.pl\/index.php?rest_route=\/wp\/v2\/posts\/3465\/revisions\/3466"}],"wp:attachment":[{"href":"https:\/\/www.odszkodowania.info.pl\/index.php?rest_route=%2Fwp%2Fv2%2Fmedia&parent=3465"}],"wp:term":[{"taxonomy":"category","embeddable":true,"href":"https:\/\/www.odszkodowania.info.pl\/index.php?rest_route=%2Fwp%2Fv2%2Fcategories&post=3465"},{"taxonomy":"post_tag","embeddable":true,"href":"https:\/\/www.odszkodowania.info.pl\/index.php?rest_route=%2Fwp%2Fv2%2Ftags&post=3465"}],"curies":[{"name":"wp","href":"https:\/\/api.w.org\/{rel}","templated":true}]}}