{"id":3471,"date":"2022-07-09T19:26:55","date_gmt":"2022-07-09T18:26:55","guid":{"rendered":"https:\/\/www.odszkodowania.info.pl\/?p=3471"},"modified":"2022-07-09T19:26:56","modified_gmt":"2022-07-09T18:26:56","slug":"czeslaw-malkowski-byly-prezydent-olsztyna-otrzyma-23-mln-zlotych-rekompensaty-byl-oskarzony-o-gwalt","status":"publish","type":"post","link":"https:\/\/www.odszkodowania.info.pl\/?p=3471","title":{"rendered":"Czes\u0142aw Ma\u0142kowski, by\u0142y prezydent Olsztyna, otrzyma 2,3 mln z\u0142otych rekompensaty. By\u0142 oskar\u017cony o gwa\u0142t"},"content":{"rendered":"\n<p>Ponad 294 tysi\u0105ce z\u0142otych odszkodowania i 2 mln z\u0142otych zado\u015b\u0107uczynienia &#8211; tak\u0105 rekompensat\u0119 od Skarbu Pa\u0144stwa dla Czes\u0142awa Ma\u0142kowskiego, by\u0142ego prezydenta Olsztyna, wymierzy\u0142 s\u0105d. To odszkodowanie i zado\u015b\u0107uczynienie za nies\u0142uszne zatrzymanie i aresztowanie samorz\u0105dowca, kt\u00f3ry by\u0142 oskar\u017cony m.in. o zgwa\u0142cenie urz\u0119dniczki. Wyrok nie jest prawomocny.<\/p>\n\n\n\n<p>Wyrokiem s\u0105du Czes\u0142aw Ma\u0142kowski ma otrzyma\u0107 od Skarbu Pa\u0144stwa 294 717 tys. z\u0142 odszkodowania oraz 2 mln z\u0142 zado\u015b\u0107uczynienia.<\/p>\n\n\n\n<p>Sprawa dotyczy\u0142a wniosku o odszkodowanie i zado\u015b\u0107uczynienie za nies\u0142uszne zatrzymanie i tymczasowe aresztowanie w sprawie karnej, w kt\u00f3rej zapad\u0142y prawomocne orzeczenia uniewinniaj\u0105ce Czes\u0142awa Ma\u0142kowskiego od zarzucanych mu czyn\u00f3w dotycz\u0105cych\u00a0m.in. zgwa\u0142cenia urz\u0119dniczki.<\/p>\n\n\n\n<p>Pe\u0142nomocnik by\u0142ego prezydenta Olsztyna wni\u00f3s\u0142 o zas\u0105dzenie od Skarbu Pa\u0144stwa na rzecz wnioskodawcy kwoty 2,5 mln z\u0142 tytu\u0142em zado\u015b\u0107uczynienia za doznan\u0105 krzywd\u0119, a tak\u017ce kwoty 294 tys. 717 z\u0142 tytu\u0142em odszkodowania. Ma\u0142kowskiego zatrzymano 28 lutego 2008 roku i &#8211; po postawieniu zarzut\u00f3w &#8211; aresztowano. W areszcie przebywa\u0142 do 26 wrze\u015bnia 2008 roku. Zosta\u0142 ostatecznie uniewinniony po 14 latach.<\/p>\n\n\n\n<p><strong>S\u0105d: musimy zwr\u00f3ci\u0107 honor, mimo i\u017c nie\u00a0zwr\u00f3cimy stanu sprzed tych niefortunnych zdarze\u0144<\/strong><\/p>\n\n\n\n<p>S\u0119dzia Wac\u0142aw Bry\u017cys wskaza\u0142, uzasadniaj\u0105c wyrok o przyznaniu zado\u015b\u0107uczynienia i odszkodowania, \u017ce s\u0105d w kwestii odszkodowania przyzna\u0142 zgodnie z wnioskiem wnioskodawcy kwot\u0119 294 tys. 717 z\u0142. To kwota utraconego wynagrodzenia, jakie by uzyska\u0142 wnioskodawca do ko\u0144ca kadencji jako prezydent miasta.<\/p>\n\n\n\n<p>Przyznaj\u0105c kwot\u0119 2 mln z\u0142 zado\u015b\u0107uczynienia, s\u0105d uzna\u0142, \u017ce jest to kwota wysoka, ale adekwatna do tego, co si\u0119 sta\u0142o.<\/p>\n\n\n\n<p>&#8211; Musimy mie\u0107 na uwadze, \u017ce zatrzymanie i ponad sze\u015bciomiesi\u0119czny pobyt w areszcie spowodowa\u0142 negatywne skutki na wielu p\u0142aszczyznach. Bezsprzeczne jest, \u017ce zdrowie wnioskodawcy zosta\u0142o zrujnowane. Ucierpia\u0142a tak\u017ce rodzina &#8211; doda\u0142 s\u0119dzia.<\/p>\n\n\n\n<p>Wskaza\u0142, \u017ce &#8222;na wnioskodawcy zosta\u0142 po zatrzymaniu i aresztowaniu dokonany lincz&#8221;. &#8211; Media i inne osoby, nie znaj\u0105c okoliczno\u015bci sprawy i szczeg\u00f3\u0142\u00f3w, uzna\u0142y, \u017ce &#8222;cz\u0142owiek zosta\u0142 pogrzebany za \u017cycia&#8221;. Wnioskodawca przez s\u0105dy zosta\u0142 uniewinniony. Musimy zwr\u00f3ci\u0107 i honor, i cze\u015b\u0107, mimo i\u017c nie zwr\u00f3cimy stanu sprzed tych niefortunnych zdarze\u0144. Pewn\u0105 form\u0105 jest zado\u015b\u0107uczynienie &#8211; doda\u0142 s\u0119dzia.<\/p>\n\n\n\n<p>Wtorkowy wyrok dotycz\u0105cy zado\u015b\u0107uczynienia i odszkodowania od Skarbu Pa\u0144stwa nie jest prawomocny.<\/p>\n\n\n\n<p><strong>By\u0142y prezydent by\u0142 oskar\u017cony i\u00a0uniewinniony<\/strong><\/p>\n\n\n\n<p>Czes\u0142aw Jerzy Ma\u0142kowski od 2008 roku by\u0142 oskar\u017cany o gwa\u0142t na ci\u0119\u017carnej urz\u0119dniczce. W pierwszym procesie, kt\u00f3ry toczy\u0142 si\u0119 przed s\u0105dem w Ostr\u00f3dzie, zosta\u0142 skazany na pi\u0119\u0107 lat wi\u0119zienia. Wyrok uchyli\u0142 S\u0105d Okr\u0119gowy w Elbl\u0105gu.<\/p>\n\n\n\n<p>Kolejny proces Ma\u0142kowskiego toczy\u0142 si\u0119 przed S\u0105dem Rejonowym w Olsztynie. Ten s\u0105d w grudniu 2018 roku Ma\u0142kowskiego uniewinni\u0142. Ten uniewinniaj\u0105cy wyrok utrzyma\u0142 &#8211; w grudniu 2019 roku &#8211; w mocy S\u0105d Okr\u0119gowy w Olsztynie i od tego wyroku wniesiono kasacje, kt\u00f3re zosta\u0142y oddalone.<\/p>\n\n\n\n<p>tvn24.pl<\/p>\n","protected":false},"excerpt":{"rendered":"<p>Ponad 294 tysi\u0105ce z\u0142otych odszkodowania i 2 mln z\u0142otych zado\u015b\u0107uczynienia &#8211; tak\u0105 rekompensat\u0119 od Skarbu Pa\u0144stwa dla Czes\u0142awa Ma\u0142kowskiego, by\u0142ego prezydenta Olsztyna, wymierzy\u0142 s\u0105d. To odszkodowanie i zado\u015b\u0107uczynienie za nies\u0142uszne zatrzymanie i aresztowanie samorz\u0105dowca, kt\u00f3ry by\u0142 oskar\u017cony m.in. o zgwa\u0142cenie urz\u0119dniczki. Wyrok nie jest prawomocny. Wyrokiem s\u0105du Czes\u0142aw Ma\u0142kowski ma otrzyma\u0107 od Skarbu Pa\u0144stwa 294 [&hellip;]<\/p>\n","protected":false},"author":2,"featured_media":0,"comment_status":"open","ping_status":"open","sticky":false,"template":"","format":"standard","meta":{"footnotes":""},"categories":[8],"tags":[12,194,13],"class_list":["post-3471","post","type-post","status-publish","format-standard","hentry","category-aktualnosci","tag-odszkodowanie","tag-skarb-panstwa","tag-zadoscuczynienie"],"_links":{"self":[{"href":"https:\/\/www.odszkodowania.info.pl\/index.php?rest_route=\/wp\/v2\/posts\/3471","targetHints":{"allow":["GET"]}}],"collection":[{"href":"https:\/\/www.odszkodowania.info.pl\/index.php?rest_route=\/wp\/v2\/posts"}],"about":[{"href":"https:\/\/www.odszkodowania.info.pl\/index.php?rest_route=\/wp\/v2\/types\/post"}],"author":[{"embeddable":true,"href":"https:\/\/www.odszkodowania.info.pl\/index.php?rest_route=\/wp\/v2\/users\/2"}],"replies":[{"embeddable":true,"href":"https:\/\/www.odszkodowania.info.pl\/index.php?rest_route=%2Fwp%2Fv2%2Fcomments&post=3471"}],"version-history":[{"count":1,"href":"https:\/\/www.odszkodowania.info.pl\/index.php?rest_route=\/wp\/v2\/posts\/3471\/revisions"}],"predecessor-version":[{"id":3472,"href":"https:\/\/www.odszkodowania.info.pl\/index.php?rest_route=\/wp\/v2\/posts\/3471\/revisions\/3472"}],"wp:attachment":[{"href":"https:\/\/www.odszkodowania.info.pl\/index.php?rest_route=%2Fwp%2Fv2%2Fmedia&parent=3471"}],"wp:term":[{"taxonomy":"category","embeddable":true,"href":"https:\/\/www.odszkodowania.info.pl\/index.php?rest_route=%2Fwp%2Fv2%2Fcategories&post=3471"},{"taxonomy":"post_tag","embeddable":true,"href":"https:\/\/www.odszkodowania.info.pl\/index.php?rest_route=%2Fwp%2Fv2%2Ftags&post=3471"}],"curies":[{"name":"wp","href":"https:\/\/api.w.org\/{rel}","templated":true}]}}