{"id":3475,"date":"2022-07-09T19:37:08","date_gmt":"2022-07-09T18:37:08","guid":{"rendered":"https:\/\/www.odszkodowania.info.pl\/?p=3475"},"modified":"2022-07-09T19:37:09","modified_gmt":"2022-07-09T18:37:09","slug":"oszustwo-na-auto-zastepcze","status":"publish","type":"post","link":"https:\/\/www.odszkodowania.info.pl\/?p=3475","title":{"rendered":"Oszustwo na auto zast\u0119pcze"},"content":{"rendered":"\n<p>Kto\u015b waln\u0105\u0142 w twoje auto. Jeste\u015b poszkodowany, w\u00f3z rozbity, ty cz\u0119sto w szoku \u2013 a tu rusza na ciebie polowanie. Daj\u0105 auto zast\u0119pcze \u2013 i wp\u0119dzaj\u0105 w k\u0142opoty. Ofiar procederu jest wiele. A prezes UOKiK od dw\u00f3ch lat nic tylko bada spraw\u0119.<\/p>\n\n\n\n<p>Marcin w&nbsp;ci\u0105gu dw\u00f3ch lat mia\u0142 dwa wypadki drogowe \u2013 oba nie ze swojej winy. W&nbsp;renomowanym autoryzowanym serwisie w&nbsp;Warszawie, gdzie wstawia\u0142 samoch\u00f3d, s\u0142ysza\u0142, \u017ce akurat nie maj\u0105 auta zast\u0119pczego. Ale za to maj\u0105 zaprzyja\u017anion\u0105 firm\u0119 SZ24H, kt\u00f3ra mu je udost\u0119pni. Zapewniali, \u017ce wszystko jest za darmo, bo zap\u0142ata p\u00f3jdzie z&nbsp;OC sprawcy. Ale po kilku latach od wypadku Marcin dosta\u0142 nakaz zap\u0142aty za najem aut od nieznanej mu firmy Finaay OU z&nbsp;siedzib\u0105 w&nbsp;Tallinie. W&nbsp;sumie na ok. 10 tys. z\u0142.<\/p>\n\n\n\n<p>Okazuje si\u0119, \u017ce w&nbsp;podobnej sytuacji jest mn\u00f3stwo ludzi. Podpisali umow\u0119 ze sp\u00f3\u0142k\u0105 SZ24H. I&nbsp;gdy oddawali kluczyki, dostawali jeszcze umow\u0119 o&nbsp;przeniesienie praw do wierzytelno\u015bci na inn\u0105 firm\u0119 \u2013 PM Services sp. z&nbsp;o.o. Z&nbsp;takimi zapisami jak ten, \u017ce gdy ubezpieczyciel nie zap\u0142aci tyle, ile firma chce, to r\u00f3\u017cnic\u0119 maj\u0105 pokry\u0107 oni. Zwr\u00f3c\u0105 te\u017c jej wszystkie koszty, jakie poniesie w&nbsp;zwi\u0105zku z&nbsp;procesowaniem si\u0119 z&nbsp;ubezpieczycielem o&nbsp;pieni\u0105dze za wynajem auta zast\u0119pczego. Zabezpieczona tak\u0105 umow\u0105 firma PM Services przekazywa\u0142a swoje roszczenia esto\u0144skiej firmie Finaay OU. A&nbsp;ta masowo pozywa\u0142a wszystkich klient\u00f3w, domagaj\u0105c si\u0119 pieni\u0119dzy.<\/p>\n\n\n\n<p><strong>Zaczyna si\u0119 w warsztacie<\/strong><\/p>\n\n\n\n<p>Powsta\u0142a nawet grupa facebookowa pod nazw\u0105 \u201ePozwani przez Finaay\u201d. Skrzykuj\u0105 si\u0119 te\u017c na innych forach. Wpisy s\u0105 niemal identyczne: \u201eDosta\u0142em wezwanie z&nbsp;e-s\u0105du z&nbsp;Lublina. Co robi\u0107?\u201d, \u201eMo\u017cemy co\u015b z&nbsp;tym zrobi\u0107? Nie chc\u0119 p\u0142aci\u0107 10 k&nbsp;za to, \u017ce by\u0142em poszkodowany w&nbsp;tym wypadku\u201d, \u201eW\u0142a\u015bnie otrzyma\u0142em pismo, \u017ce b\u0119dzie sprawa cywilna o&nbsp;zap\u0142at\u0119 za rzekomy wynajem auta w&nbsp;sierpniu 2014. Gdzie po pierwsze nic nie jest mi znane, lecz b\u0119d\u0119 to wyja\u015bnia\u0142. Jestem na 99,9% pewien, \u017ce je\u017celi by\u0142o auto wynaj\u0119te, to z&nbsp;OC sprawcy. B\u0119d\u0119 informowa\u0142 na bie\u017c\u0105co, co jest grane z&nbsp;t\u0105 spraw\u0105\u201d \u2013 to wpis z&nbsp;17 stycznia tego roku.<\/p>\n\n\n\n<p>Historie s\u0105 praktycznie identyczne, do tego dziej\u0105 si\u0119 cz\u0119sto w&nbsp;tych samych warsztatach: \u201eZ dzia\u0142u likwidacji szk\u00f3d dosta\u0142am auto zast\u0119pcze. Podstawili w&nbsp;ci\u0105gu godziny. Super. Cztery razy pyta\u0142am, czy mi si\u0119 nale\u017cy \u2013 tak, nic si\u0119 nie martw, b\u0119dzie z&nbsp;OC sprawcy. Samoch\u00f3d bardzo zniszczony. Auto naprawia\u0142o si\u0119 miesi\u0105c. Min\u0119\u0142o kilka lat i&nbsp;w 2019 r. firma PM Serwis zg\u0142asza si\u0119 do mnie o&nbsp;7 tys. pln, \u017ce mam im odda\u0107 za auto zast\u0119pcze, bo nie uda\u0142o si\u0119 \u015bci\u0105gn\u0105\u0107 z&nbsp;ubezpieczyciela\u201d.<\/p>\n\n\n\n<p><em>\u2013 Z&nbsp;relacji konsument\u00f3w wynika, \u017ce tak si\u0119 w\u0142a\u015bnie najcz\u0119\u015bciej zaczyna\u0142 kontakt konsument\u00f3w ze sp\u00f3\u0142k\u0105 SZ24H, przez warsztat czy serwis naprawczy <\/em>\u2013 przyznaje Anna Brzozowska-Filipowicz, naczelnik Wydzia\u0142u Miejskiego Rzecznika Konsument\u00f3w warszawskiego ratusza. Zreszt\u0105 SZ24H to ca\u0142a rodzina sp\u00f3\u0142ek. Pozywani sami pr\u00f3buj\u0105 co\u015b ustali\u0107. Pisz\u0105: \u201eW mi\u0119dzyczasie ustalili\u015bmy z&nbsp;innymi \u00bbofiarami przekr\u0119tu\u00ab \u2013 bo jest nas ju\u017c setki jak nie tysi\u0105ce \u2013 \u017ce sp\u00f3\u0142ek \u00bbwypo\u017cyczalni\u00ab jest ponad 200 zarejestrowanych w&nbsp;KRS\u201d. Pocz\u0105tek nazwy maj\u0105 ten sam SZ24H***, gdzie gwiazdki to kolejne numery. Najwy\u017cszy to 530.<\/p>\n\n\n\n<p>Niekiedy a\u017c trudno by\u0142o si\u0119 od umowy ze sp\u00f3\u0142k\u0105 SZ24H wywin\u0105\u0107. Pawe\u0142, mened\u017cer spod Warszawy, kt\u00f3ry na wylot\u00f3wce ze stolicy swoj\u0105 skod\u0105 superb wpad\u0142 w&nbsp;sam \u015brodek karambolu spowodowanego przez kierowc\u0119 bia\u0142oruskiego tira, by\u0142 w&nbsp;serwisie \u2013 jak m\u00f3wi POLITYCE \u2013 wr\u0119cz n\u0119kany, \u017ceby wzi\u0105\u0142 auto zast\u0119pcze. <em>\u2013 Wszelkimi sposobami m\u00f3j opiekun z&nbsp;serwisu stara\u0142 si\u0119 mnie do tego nam\u00f3wi\u0107. Najpierw, \u017ceby z&nbsp;mojego AC. M\u00f3wi\u0142em, \u017ce nie chc\u0119, \u017ce dam rad\u0119 bez auta, bo mnie nie sta\u0107, boj\u0119 si\u0119 koszt\u00f3w <\/em>\u2013 opowiada. Gdy okaza\u0142o si\u0119, \u017ce kierowca tira mia\u0142 wa\u017cne OC, cz\u0142owiek z&nbsp;serwisu znowu zacz\u0105\u0142 go namawia\u0107. <em>\u2013 Wszystko robi\u0142, \u017cebym wreszcie wzi\u0105\u0142 ten samoch\u00f3d. Ci\u0105gle s\u0142ysza\u0142em: prosz\u0119 si\u0119 nie obawia\u0107, to standardowa sytuacja. \u017be mnie koszty nie dotycz\u0105, bo rozliczenie b\u0119dzie bezgot\u00f3wkowo. I&nbsp;to cz\u0142owiek z&nbsp;serwisu wszystko ustala\u0142, gdzie b\u0119dzie ten samoch\u00f3d i&nbsp;kiedy <\/em>\u2013 opowiada Pawe\u0142. St\u0105d by\u0142 pewien, \u017ce podpisuje umow\u0119 z&nbsp;serwisem. A&nbsp;gdy dosta\u0142 \u017c\u0105danie zap\u0142aty od nieznanej firmy, od razu poszed\u0142 do serwisu. <em>\u2013 I&nbsp;us\u0142ysza\u0142em, \u017ce ich ta sprawa nie dotyczy i&nbsp;\u017ce ten pracownik ju\u017c u&nbsp;nich nie pracuje. I&nbsp;tyle.<\/em><\/p>\n\n\n\n<p>Nie\u0142atwo by\u0142o te\u017c takie auto wcze\u015bniej zwr\u00f3ci\u0107. Kobieta poszkodowana w&nbsp;wypadku ju\u017c nast\u0119pnego dnia chcia\u0142a je odda\u0107. Musia\u0142a wezwa\u0107 policj\u0119, \u017ceby je od niej przyj\u0119to \u2013 mo\u017cna przeczyta\u0107 w&nbsp;jednym z&nbsp;wyrok\u00f3w.<\/p>\n\n\n\n<p>Dzi\u015b warsztaty, kt\u00f3re pojawiaj\u0105 si\u0119 w&nbsp;tych relacjach, pytane przez POLITYK\u0118, do niczego si\u0119 nie poczuwaj\u0105. Maj\u0105 jedn\u0105 odpowied\u017a: oni mieli tylko umow\u0119 na napraw\u0119, nie mieli swoich aut, wypo\u017cycza\u0142a auta firma zewn\u0119trzna. Pisz\u0105, \u017ce sami te\u017c s\u0105 przez t\u0119 firm\u0119 pozywani. Zapewniaj\u0105, \u017ce teraz maj\u0105 ju\u017c w\u0142asn\u0105 flot\u0119.<\/p>\n\n\n\n<p><strong>\u0141a\u0144cuch roszcze\u0144<\/strong><\/p>\n\n\n\n<p>Nakaz zap\u0142aty, jaki dosta\u0142 Pawe\u0142 z&nbsp;e-s\u0105du, opiewa\u0142 a\u017c na 30 tys. z\u0142. W&nbsp;por\u0119 \u2013 jest na to 14 dni \u2013 zg\u0142osi\u0142 sprzeciw i&nbsp;sprawy trafi\u0142y przed s\u0105d. Sprawy \u2013 bo okaza\u0142o si\u0119, \u017ce gdy musia\u0142 zmieni\u0107 auto, bo p\u0119k\u0142a szyba, musia\u0142 podpisa\u0107 now\u0105 umow\u0119 z&nbsp;inn\u0105 firm\u0105 z&nbsp;rodziny SZ24H, o&nbsp;innym numerze. Procesowa\u0142 si\u0119 wi\u0119c \u2013 przy wsparciu dr Marzeny Bonikowskiej, powiatowego rzecznika konsumenta z&nbsp;Pruszkowa \u2013 z&nbsp;dwiema firmami. I&nbsp;wygra\u0142, i&nbsp;to w&nbsp;dw\u00f3ch instancjach, bo wyroki by\u0142y zaskar\u017cane przez pe\u0142nomocnika Finaay OU, kt\u00f3ry pozwa\u0142 Paw\u0142a.<\/p>\n\n\n\n<p>S\u0105d rozprawi\u0142 si\u0119 z&nbsp;ca\u0142ym procederem. Na wst\u0119pie uzna\u0142, \u017ce formalno\u015bciami zwi\u0105zanymi ze zorganizowaniem aut zast\u0119pczych zajmowa\u0142 si\u0119 serwis. I&nbsp;\u017ce zapewnienia tak pracownika serwisu, jak i&nbsp;wynajmuj\u0105cego nie by\u0142y zgodne z&nbsp;umow\u0105, kt\u00f3r\u0105 dali do podpisania. \u201e\u015awiadczy to o&nbsp;powi\u0105zaniu przedstawicieli serwisu naprawczego z&nbsp;firm\u0105 SZ24H i&nbsp;jego istotnej roli w&nbsp;wykreowaniu u&nbsp;pozwanego wyobra\u017cenia o&nbsp;tym, \u017ce rozliczenie za najem nast\u0105pi ca\u0142kowicie bezkosztowo\u201d. Gdy tymczasem z&nbsp;umowy wynika\u0142o, \u017ce ma on zap\u0142aci\u0107 kwot\u0119 wy\u017csz\u0105 ni\u017c stawki na rynku, co stoi w&nbsp;sprzeczno\u015bci z&nbsp;ich zapewnieniami. \u201eP\u0142ynie z&nbsp;tego wniosek, \u017ce zapisy sformu\u0142owane w&nbsp;ten spos\u00f3b, przy znacznie zawy\u017conej stawce za wynajem, ju\u017c od samego pocz\u0105tku z&nbsp;du\u017c\u0105 doz\u0105 prawdopodobie\u0144stwa wskazywa\u0142y, \u017ce wynajmuj\u0105cy m\u00f3g\u0142 by\u0107 praktycznie pewien, \u017ce najemca jednak poniesie koszty korzystania z&nbsp;pojazdu zast\u0119pczego\u201d \u2013 stwierdzi\u0142 s\u0119dzia. 492 z\u0142 brutto za dob\u0119 przy stawkach na rynku rz\u0119du 150 z\u0142 \u2013 oczywiste, \u017ce ubezpieczyciel takiej stawki nie uzna. S\u0119dzia powiedzia\u0142a wprost: z&nbsp;g\u00f3ry przyj\u0119to za\u0142o\u017cenie, \u017ce b\u0119d\u0105 \u015bci\u0105ga\u0107 pieni\u0105dze od u\u017cytkownika auta zast\u0119pczego. Ta gra od razu by\u0142a ustawiona.<\/p>\n\n\n\n<p>S\u0105d stwierdzi\u0142, \u017ce zapis w&nbsp;umowie, i\u017c to, czego nie zap\u0142aci ubezpieczyciel sprawcy, ma p\u0142aci\u0107 poszkodowany u\u017cytkownik auta zast\u0119pczego, jest skrajnie niekorzystny przy jednoczesnym zabezpieczeniu wszelkich praw drugiej strony. A&nbsp;to ra\u017c\u0105co narusza interesy konsumenta. Dlatego pozew firmy Finaay OU oddali\u0142 i&nbsp;zas\u0105dzi\u0142 zwrot Paw\u0142owi 3 tys. z\u0142 koszt\u00f3w procesu.<\/p>\n\n\n\n<p>I tu ujawnia si\u0119 rola zagranicznej firmy na ko\u0144cu tego \u0142a\u0144cucha roszcze\u0144. <em>\u2013 To, \u017ce pozywa firma z&nbsp;Estonii, ma o&nbsp;tyle znaczenie, \u017ce je\u017celi przegra z&nbsp;polskim klientem, on praktycznie nie \u015bci\u0105gnie z&nbsp;niej koszt\u00f3w procesu <\/em>\u2013 wyja\u015bnia Krzysztof Stasiuk, radca prawny, kt\u00f3ry specjalizuje si\u0119 w&nbsp;obronie praw konsument\u00f3w. <em>\u2013 Je\u015bli koszty procesu nie zostan\u0105 zwr\u00f3cone dobrowolnie, konieczne b\u0119dzie prowadzenie post\u0119powania egzekucyjnego w&nbsp;Estonii. Wcze\u015bniej jednak trzeba b\u0119dzie uzyska\u0107 z&nbsp;s\u0105du klauzul\u0119 wykonalno\u015bci umo\u017cliwiaj\u0105c\u0105 prowadzenie takiego post\u0119powania w&nbsp;Estonii. Dopiero potem mo\u017cna b\u0119dzie zleci\u0107 spraw\u0119 egzekucyjn\u0105 prawnikowi, i&nbsp;to najlepiej takiemu, kt\u00f3ry zna prawo esto\u0144skie i&nbsp;j\u0119zyk esto\u0144ski. Oznacza to r\u00f3wnie\u017c, \u017ce pozwany ju\u017c od pocz\u0105tku znajduje si\u0119 w&nbsp;trudniejszym po\u0142o\u017ceniu, gdy\u017c jego droga do odzyskania koszt\u00f3w procesu jest d\u0142u\u017csza i&nbsp;wi\u0105\u017ce si\u0119 z&nbsp;ponoszeniem wydatk\u00f3w, kt\u00f3rych mo\u017ce nie odzyska\u0107. Nawet je\u015bli s\u0105d oddali wobec niego pow\u00f3dztwo, pozwany i&nbsp;tak wyda pieni\u0105dze, by si\u0119 broni\u0107.<\/em><\/p>\n\n\n\n<p>Ale i&nbsp;to jeszcze nie jest koniec s\u0105dowej gehenny dla Paw\u0142a. Bo dzie\u0144 przed og\u0142oszeniem ostatniego wyroku oddalaj\u0105cego roszczenia dosta\u0142 kolejne pismo od firmy PM Services. Tym razem z&nbsp;\u017c\u0105daniem zap\u0142aty za koszty procesowania si\u0119 z&nbsp;ubezpieczycielem. Firma wyliczy\u0142a je na ponad 12,5 tys. z\u0142. P\u0142atne dla Finaay OU do 29 grudnia 2021 r. \u201ePo tej dacie nabywca wierzytelno\u015bci mo\u017ce wytoczy\u0107 pow\u00f3dztwo o&nbsp;nierozliczon\u0105 kwot\u0119 wydatk\u00f3w\u201d \u2013 pisze firma. <em>\u2013 Ja chyba do ko\u0144ca \u017cycia si\u0119 od nich nie uwolni\u0119<\/em> \u2013 wzdycha Pawe\u0142. P\u0142aci\u0107 nie zamierza.<\/p>\n\n\n\n<p><strong>Licznik bije<\/strong><\/p>\n\n\n\n<p>Krzysztof, ekonomista bankowiec, nie chcia\u0142 procesu i&nbsp;s\u0105dowych korowod\u00f3w. Nie mia\u0142 na to czasu, bo praca, tr\u00f3jka ma\u0142ych dzieci. A&nbsp;i pieni\u0119dzy du\u017co nie chcieli. Mia\u0142 drobn\u0105 st\u0142uczk\u0119 na parkingu, przerysowany bok, naprawa z&nbsp;OC sprawcy. Dosta\u0142 auto zast\u0119pcze z&nbsp;firmy SZ24H. Je\u017adzi\u0142 nim trzy dni. Firma za\u017c\u0105da\u0142a od ubezpieczyciela 800 z\u0142. S\u0105d zakwestionowa\u0142 dwa razy wy\u017csze stawki i&nbsp;d\u0142u\u017cszy czas najmu auta zast\u0119pczego, bo samoch\u00f3d by\u0142 w&nbsp;warsztacie trzy dni, a&nbsp;nie dwa jak wed\u0142ug bieg\u0142ego powinien. I&nbsp;przyzna\u0142 300 z\u0142. <em>\u2013 Wtedy firma napisa\u0142a do mnie, \u017ce t\u0119 brakuj\u0105c\u0105 kwot\u0119 zap\u0142aci\u0107 mam ja. Spu\u015bcili do 400, do tego roz\u0142o\u017cone w&nbsp;ratach. Czu\u0142em, \u017ce to nieuczciwe, bo przecie\u017c nie umiem okre\u015bli\u0107, ile czasu warsztat ma naprawia\u0107 moje auto, ale dla \u015bwi\u0119tego spokoju zgodzi\u0142em si\u0119 to zap\u0142aci\u0107.<\/em><\/p>\n\n\n\n<p>Min\u0105\u0142 rok i&nbsp;w grudniu 2021 r. Krzysztof dosta\u0142 kolejne pismo. Tym razem z&nbsp;wezwaniem do zap\u0142acenia koszt\u00f3w proces\u00f3w z&nbsp;ubezpieczycielem: 2,5 tys. z\u0142. <em>\u2013 I&nbsp;teraz gro\u017c\u0105 mi pozwem, je\u017celi tego nie ureguluj\u0119 natychmiast. Chc\u0105 swoje koszty przerzuci\u0107 na mnie. Wewn\u0119trznie czuj\u0119, \u017ce to zorganizowany proceder, widzia\u0142em na forum, \u017ce jest takich spraw sporo. I&nbsp;teraz zastanawiam si\u0119, co dalej z&nbsp;tym zrobi\u0107, bo to ju\u017c nie jest kwota, na kt\u00f3r\u0105 mo\u017cna machn\u0105\u0107 r\u0119k\u0105<\/em>.<\/p>\n\n\n\n<p>Prawnicy, pe\u0142nomocnicy firm, jak m\u00f3wi\u0105 pozywani, cz\u0119sto si\u0119 zmieniaj\u0105, ale wnioski do e-s\u0105du o&nbsp;wydanie nakaz\u00f3w zap\u0142aty ci\u0105gle p\u0142yn\u0105. Bywa, \u017ce zupe\u0142nie bez powodu. Karol, lekarz, by\u0142 w&nbsp;szoku po wypadku, ale na tyle przytomny, \u017ce skontaktowa\u0142 si\u0119 z&nbsp;ubezpieczycielem sprawcy. I&nbsp;to on dostarczy\u0142 mu samoch\u00f3d zast\u0119pczy od firmy SZ24H. Po kilku latach, w&nbsp;grudniu 2021 r., dosta\u0142 wezwanie do zap\u0142aty 300 z\u0142. Zadzwoni\u0142 do ubezpieczyciela i&nbsp;us\u0142ysza\u0142, \u017ce przecie\u017c oni wszystko zap\u0142acili. Pomy\u0142ka \u2013 skwitowa\u0142. <em>\u2013 Ale znajoma z&nbsp;forum \u201ePozwani przez Finaay\u201d poradzi\u0142a mi, \u017cebym zalogowa\u0142 si\u0119 na portal e-s\u0105du i&nbsp;sprawdzi\u0142, czy nie szykuj\u0105 si\u0119 dla mnie k\u0142opoty. Wchodz\u0119, patrz\u0119, przy moim nazwisku zadekretowana ju\u017c sprawa: ja jako pozwany, pow\u00f3d \u2013 firma Finaay z&nbsp;Tallina. Ludzie, gdzie ja jestem?! Dwa razy skuba\u0144cy chc\u0105 zebra\u0107 \u2013 i&nbsp;od nich, i&nbsp;teraz ode mnie!<\/em> \u2013 m\u00f3wi. Obecnie czeka na nakaz zap\u0142aty z&nbsp;e-s\u0105du, do kt\u00f3rego zamierza z\u0142o\u017cy\u0107 sprzeciw. I&nbsp;i\u015b\u0107 do s\u0105du.<\/p>\n\n\n\n<p>To wygl\u0105da na z\u0142oty interes.<em> \u2013 Pozywaj\u0105cy w&nbsp;post\u0119powaniu nakazowym ma przewag\u0119 <\/em>\u2013 przyznaje radca prawny Krzysztof Stasiuk. <em>\u2013 Zw\u0142aszcza je\u015bli uwzgl\u0119dni si\u0119 skal\u0119 i&nbsp;liczb\u0119 post\u0119powa\u0144 \u2013 sporz\u0105dzanie pozw\u00f3w mo\u017ce by\u0107 nawet zautomatyzowane. A&nbsp;po drugiej stronie zawsze b\u0119dzie kto\u015b, kto nie skonsultuje si\u0119 z&nbsp;prawnikiem, machnie r\u0119k\u0105 lub przekroczy termin na z\u0142o\u017cenie sprzeciwu. Je\u015bli nakaz si\u0119 uprawomocni, ludziom zostan\u0105 zaj\u0119te wynagrodzenia, emerytury. Dojd\u0105 te\u017c koszty post\u0119powania egzekucyjnego<\/em>.<\/p>\n\n\n\n<p>Kto w&nbsp;takim razie za tym z\u0142otym interesem stoi? Pr\u00f3buj\u0105c to ustali\u0107, szybko napotyka si\u0119 \u015bcian\u0119. W&nbsp;dost\u0119pnych danych o&nbsp;sp\u00f3\u0142kach firma PM Services nie ma telefonu, pod kt\u00f3ry mo\u017cna zadzwoni\u0107, adresu mailowego, nie ma nawet zwyk\u0142ego adresu. W&nbsp;aktach rejestrowych widnieje adres: ul. Prosta 28 na warszawskiej Woli. Ale to dziura w&nbsp;ziemi. Mi\u0119dzy numerem 26 a&nbsp;30 jest plac budowy, kopane s\u0105 fundamenty pod biurowiec. W&nbsp;umowach firma podaje adres do dor\u0119cze\u0144: \u201eBiuro Obs\u0142ugi Klienta ul. \u0141ucka 15\u201d. Ten sam adres maj\u0105 te\u017c sp\u00f3\u0142ki z&nbsp;rodziny SZ24H. Tu te\u017c urz\u0119duj\u0105, wynika z&nbsp;pism procesowych, pe\u0142nomocnicy PM Services i&nbsp;esto\u0144skiego Finaaya.<\/p>\n\n\n\n<p><strong>\u015aledztwo pozwanych<\/strong><\/p>\n\n\n\n<p>Kilkupi\u0119trowy budynek przy \u0141uckiej 15 to zamykana na ka\u017cdym pi\u0119trze sie\u0107 w\u0105skich korytarzy. Drzwi ciasno obok drzwi. Na wielu nazwy firm. Pod numerem 314 \u2013 jedyny znany pozwanym adres prawnik\u00f3w pozywaj\u0105cych ich firm \u2013 nie ma \u017cadnej tabliczki. W&nbsp;\u015brodku niedu\u017cy pokoik, przy drzwiach niska szafka z&nbsp;czajnikiem, herbat\u0105 i&nbsp;cukrem. Reszt\u0119 przestrzeni od drzwi a\u017c pod okno zajmuje d\u0142ugi, z\u0142o\u017cony z&nbsp;po\u0142\u0105czonych rz\u0119d\u00f3w biurek, blat z&nbsp;kilkunastoma fotelami po bokach. Pod \u015bcianami od pod\u0142ogi po sufit czarne zamykane rega\u0142y. Przy jakich\u015b pakach uwija si\u0119 troje m\u0142odych ludzi. <em>\u2013 Nie ma tu \u017cadnego adwokata<\/em> \u2013 m\u00f3wi zdziwiona m\u0142oda kobieta. <em>\u2013 Pan mecenas odbiera tu tylko korespondencj\u0119<\/em> \u2013 wyja\u015bnia. A&nbsp;tu co to jest za firma? \u2013 dopytuj\u0119. <em>\u2013 To s\u0105 powierzchnie biurowe, kontakt korespondencyjny. Prosz\u0119 wyj\u015b\u0107.<\/em><\/p>\n\n\n\n<p>Pisze forumowicz: \u201eSprawa jest oczywista. Adwokat, kt\u00f3ra reprezentuje esto\u0144sk\u0105 sp\u00f3\u0142k\u0119, ma adres do korespondencji taki sam jak adres siedziby sp\u00f3\u0142ek, kt\u00f3re wynajmowa\u0142y nam auta. Za wszystkim stoi ca\u0142y czas ta sama osoba. Pr\u00f3buje wycisn\u0105\u0107 z&nbsp;tego modelu biznesowego, ile si\u0119 da. A&nbsp;jako wierzyciela, kt\u00f3ry teraz dochodzi tych kwot, wzi\u0119li sp\u00f3\u0142k\u0119 z&nbsp;Estonii, \u017ceby trudniej by\u0142o ich potem \u015bciga\u0107 o&nbsp;zap\u0142at\u0119 koszt\u00f3w procesu, kt\u00f3re ani chybi b\u0119d\u0105 przegrywa\u0107\u201d.<\/p>\n\n\n\n<p>Pozwani id\u0105 tropem sp\u00f3\u0142ek SZ24H. Ale wpadaj\u0105 w&nbsp;mg\u0142\u0119. \u201eW mi\u0119dzyczasie w&nbsp;te sp\u00f3\u0142ki wsadzono jakiego\u015b pana o&nbsp;wschodnio brzmi\u0105cym nazwisku \u2013 nie ma mo\u017cliwo\u015bci skontaktowa\u0107 si\u0119 z&nbsp;nikim od nich, nawet z&nbsp;wynaj\u0119tymi prawnikami\u201d. Z&nbsp;dokument\u00f3w wynika, \u017ce prezesem wszystkich sp\u00f3\u0142ek, a&nbsp;tak\u017ce w&nbsp;96 proc. w\u0142a\u015bcicielem, jest 49-letni by\u0142y kolarz reprezentacji ZSRR na igrzyskach w&nbsp;1992 r., urodzony w&nbsp;Taszkiencie. Poprzedni w\u0142a\u015bciciel, za\u0142o\u017cyciel sp\u00f3\u0142ek w&nbsp;2015 r., Polak, rzeczoznawca samochodowy, w&nbsp;rozmowie z&nbsp;POLITYK\u0104 m\u00f3wi, \u017ce by\u0142 tylko w&nbsp;zarz\u0105dzie. \u017be umowy przygotowywa\u0142 sztab prawnik\u00f3w. Na pytanie: Jego prawnik\u00f3w?, odpowiada: Ja nie mia\u0142em prawnik\u00f3w. Nic wi\u0119cej powiedzie\u0107 nie chce. Powtarza, \u017ce sprzeda\u0142 udzia\u0142y w&nbsp;2017 r. i&nbsp;o pozwach nic nie wie.<\/p>\n\n\n\n<p>Niewiele te\u017c mo\u017cna si\u0119 dowiedzie\u0107 o&nbsp;utworzonej w&nbsp;2017 r. firmie Finaay OU. Z&nbsp;jej strony wynika, \u017ce zajmuje si\u0119 nowymi technologiami informatycznymi, a&nbsp;nie wierzytelno\u015bciami. Ze spraw toczonych w&nbsp;polskich s\u0105dach wiadomo tyle, \u017ce reprezentuj\u0105cy j\u0105 prawnicy czyni\u0105 to \u201ez polecenia cz\u0142onka zarz\u0105du pana Jorge Stalin Sevilla Garcia\u201d. O&nbsp;nim te\u017c nie spos\u00f3b znale\u017a\u0107 \u017cadnych informacji.<\/p>\n\n\n\n<p>Tymczasem u&nbsp;nas tylko w&nbsp;grudniu 2021 r. do Anny Brzozowskiej-Filipowicz, naczelnik Wydzia\u0142u Miejskiego Rzecznika Konsumenta w&nbsp;Warszawie, zg\u0142osi\u0142o si\u0119 30 kolejnych pozwanych. Naczelniczka w\u0142\u0105cza si\u0119 do proces\u00f3w, gdzie przedstawia, jak du\u017ca jest skala procederu. To wa\u017cne, bo, jak t\u0142umaczy POLITYCE: \u201eo ile relacja pojedynczej osoby mo\u017ce by\u0107 przez s\u0105d uznana za niewiarygodn\u0105, o&nbsp;tyle zyskuje na wiarygodno\u015bci w&nbsp;zestawieniu z&nbsp;relacjami innych os\u00f3b poszkodowanych tak\u0105 sam\u0105 praktyk\u0105\u201d. Aktualnie uczestniczy w&nbsp;34 procesach. W&nbsp;pismach do s\u0105d\u00f3w w&nbsp;kilkudziesi\u0119ciu punktach wskazuje nieprawid\u0142owo\u015bci. Pisze m.in.: \u201eSkoro to nie konsumenci byli sprawcami wypadku drogowego, a&nbsp;wi\u0119c nie z&nbsp;ich winy dosz\u0142o do szkody, nie oni powinni pokrywa\u0107 koszty obs\u0142ugi powypadkowej. Konsumenci jako poszkodowani, kt\u00f3rzy z&nbsp;winy osoby trzeciej ponie\u015bli istotn\u0105 szkod\u0119 w&nbsp;swoim maj\u0105tku, przyjmowali za oczywiste i&nbsp;s\u0142uszne twierdzenie, \u017ce wszystkie koszty powinien w&nbsp;ca\u0142o\u015bci pokry\u0107 sprawca wypadku \u2013 ze \u015brodk\u00f3w w\u0142asnych lub ubezpieczenia OC\u201d.<\/p>\n\n\n\n<p>Tymczasem \u2013 zaznacza \u2013 nigdy w&nbsp;tych sprawach nie wyst\u0105piono z&nbsp;roszczeniem do sprawcy, tylko od razu do poszkodowanego. A&nbsp;\u201ewykorzystywanie trudnej sytuacji konsumenta do narzucenia mu niekorzystnych warunk\u00f3w umowy jest niew\u0105tpliwie nieuczciw\u0105 praktyk\u0105 rynkow\u0105\u201d. Na koniec: \u201emnogo\u015b\u0107 firm w&nbsp;tym \u0142a\u0144cuchu ma s\u0142u\u017cy\u0107 tylko rozmyciu odpowiedzialno\u015bci uczestnik\u00f3w tego procederu i&nbsp;utrudni\u0107 pozwanym rozeznanie si\u0119 w&nbsp;sytuacji prawnej i&nbsp;w ochronie swoich praw\u201d.<\/p>\n\n\n\n<p><strong>Sprawa w toku<\/strong><\/p>\n\n\n\n<p>Dlatego o&nbsp;sprawie zawiadomi\u0142a w&nbsp;styczniu 2020 r. prezesa Urz\u0119du Ochrony Konkurencji i&nbsp;Konsumenta. Odpowiedzia\u0142: \u201eDzi\u0119kujemy za przes\u0142ane informacje. Po ich starannej analizie uznali\u015bmy, \u017ce UOKiK powinien podj\u0105\u0107 dzia\u0142ania w&nbsp;tej sprawie. Uprzejmie prosz\u0119 przesy\u0142a\u0107 nam kolejne sygna\u0142y dotycz\u0105ce praktyk stosowanych przez PM Services sp. z&nbsp;o. o., gdyby takowe do pani trafi\u0142y\u201d.<\/p>\n\n\n\n<p>Min\u0119\u0142y dwa lata. Departament Komunikacji UOKiK tak odpisa\u0142 POLITYCE: \u201ePo otrzymaniu kilku sygna\u0142\u00f3w rynkowych podobnych do opisanych przez Pani\u0105 Prezes UOKiK podj\u0105\u0142 czynno\u015bci wyja\u015bniaj\u0105ce w&nbsp;sprawie dzia\u0142alno\u015bci kilku sp\u00f3\u0142ek. Sprawa jest w&nbsp;toku, w&nbsp;tej chwili za wcze\u015bnie na wi\u0105\u017c\u0105ce wnioski. Z&nbsp;uwagi na dobro podejmowanych czynno\u015bci nie chcieliby\u015bmy w&nbsp;aktualnym stanie rzeczy informowa\u0107 o&nbsp;pozyskanych materia\u0142ach lub planowanych krokach\u201d.<\/p>\n\n\n\n<p>Byleby nie sko\u0144czy\u0142o si\u0119 na planach. Bo gn\u0119bienie Bogu ducha winnych ludzi trwa.<\/p>\n\n\n\n<p>polityka.pl<\/p>\n","protected":false},"excerpt":{"rendered":"<p>Kto\u015b waln\u0105\u0142 w twoje auto. Jeste\u015b poszkodowany, w\u00f3z rozbity, ty cz\u0119sto w szoku \u2013 a tu rusza na ciebie polowanie. Daj\u0105 auto zast\u0119pcze \u2013 i wp\u0119dzaj\u0105 w k\u0142opoty. Ofiar procederu jest wiele. A prezes UOKiK od dw\u00f3ch lat nic tylko bada spraw\u0119. Marcin w&nbsp;ci\u0105gu dw\u00f3ch lat mia\u0142 dwa wypadki drogowe \u2013 oba nie ze swojej [&hellip;]<\/p>\n","protected":false},"author":2,"featured_media":0,"comment_status":"open","ping_status":"open","sticky":false,"template":"","format":"standard","meta":{"footnotes":""},"categories":[8],"tags":[22,12,37,30],"class_list":["post-3475","post","type-post","status-publish","format-standard","hentry","category-aktualnosci","tag-oc","tag-odszkodowanie","tag-pojazd-zastepczy","tag-uokik"],"_links":{"self":[{"href":"https:\/\/www.odszkodowania.info.pl\/index.php?rest_route=\/wp\/v2\/posts\/3475","targetHints":{"allow":["GET"]}}],"collection":[{"href":"https:\/\/www.odszkodowania.info.pl\/index.php?rest_route=\/wp\/v2\/posts"}],"about":[{"href":"https:\/\/www.odszkodowania.info.pl\/index.php?rest_route=\/wp\/v2\/types\/post"}],"author":[{"embeddable":true,"href":"https:\/\/www.odszkodowania.info.pl\/index.php?rest_route=\/wp\/v2\/users\/2"}],"replies":[{"embeddable":true,"href":"https:\/\/www.odszkodowania.info.pl\/index.php?rest_route=%2Fwp%2Fv2%2Fcomments&post=3475"}],"version-history":[{"count":1,"href":"https:\/\/www.odszkodowania.info.pl\/index.php?rest_route=\/wp\/v2\/posts\/3475\/revisions"}],"predecessor-version":[{"id":3476,"href":"https:\/\/www.odszkodowania.info.pl\/index.php?rest_route=\/wp\/v2\/posts\/3475\/revisions\/3476"}],"wp:attachment":[{"href":"https:\/\/www.odszkodowania.info.pl\/index.php?rest_route=%2Fwp%2Fv2%2Fmedia&parent=3475"}],"wp:term":[{"taxonomy":"category","embeddable":true,"href":"https:\/\/www.odszkodowania.info.pl\/index.php?rest_route=%2Fwp%2Fv2%2Fcategories&post=3475"},{"taxonomy":"post_tag","embeddable":true,"href":"https:\/\/www.odszkodowania.info.pl\/index.php?rest_route=%2Fwp%2Fv2%2Ftags&post=3475"}],"curies":[{"name":"wp","href":"https:\/\/api.w.org\/{rel}","templated":true}]}}