{"id":3498,"date":"2022-07-18T12:05:29","date_gmt":"2022-07-18T11:05:29","guid":{"rendered":"https:\/\/www.odszkodowania.info.pl\/?p=3498"},"modified":"2022-07-18T12:05:30","modified_gmt":"2022-07-18T11:05:30","slug":"skarb-panstwa-jednak-zaplaci-odszkodowanie-rodzinom-ofiar-wypadku-pod-nowym-miastem-nad-pilica-w-koncu-zapadl-wyrok","status":"publish","type":"post","link":"https:\/\/www.odszkodowania.info.pl\/?p=3498","title":{"rendered":"Skarb Pa\u0144stwa jednak zap\u0142aci odszkodowanie rodzinom ofiar wypadku pod Nowym Miastem nad Pilic\u0105 \u2013 w ko\u0144cu zapad\u0142 wyrok"},"content":{"rendered":"\n<p>W 2010 roku w Polsce mia\u0142 miejsce najtragiczniejszy wypadek drogowy na przestrzeni ostatnich kilkunastu lat, kt\u00f3ry obna\u017cy\u0142 jednocze\u015bnie jak niskie sumy gwarancyjne obowi\u0105zywa\u0142y w ubezpieczeniach komunikacyjnych OC. Kierowca busa przewo\u017c\u0105cy sezonowych pracownik\u00f3w zderzy\u0142 si\u0119 czo\u0142owo z nadje\u017cd\u017caj\u0105cym z naprzeciwka samochodem ci\u0119\u017carowym. \u0141\u0105cznie zgin\u0119\u0142o 18 os\u00f3b \u2013 wszyscy pasa\u017cerowie busa i kierowca samochodu ci\u0119\u017carowego. Polisa OC kieruj\u0105cego busem opiewa\u0142a na \u0142\u0105czn\u0105 sum\u0119 gwarancyjn\u0105 1,5 mln euro. Przy znacznej liczbie beneficjent\u00f3w w postaci bliskich ofiar wypadku, ca\u0142a suma gwarancyjna szybko zosta\u0142a wyczerpana i niekt\u00f3rzy w og\u00f3le nie otrzymali zado\u015b\u0107uczynienia finansowego za \u015bmier\u0107 cz\u0142onka rodziny.<\/p>\n\n\n\n<p>W tamtym czasie Unijna Dyrektywa 2005\/14\/WE nakazywa\u0142a zwi\u0119kszenie sumy gwarancyjnej do kwoty 2,5 mln euro w krajach cz\u0142onkowskich maksymalnie do 12 grudnia 2009 r. Polska dokona\u0142a zmiany regulacji, ale nakaza\u0142a stosowa\u0107 wy\u017csze sumy gwarancyjne w umowach zawartych po 11 grudnia 2009, natomiast ubezpieczenie OC sprawcy wypadku zosta\u0142o wykupione zaledwie 4 dni wcze\u015bniej, dlatego te\u017c wysoko\u015b\u0107 sumy gwarancyjnej w tej polisie wynosi\u0142a jeszcze 1,5 mln.<\/p>\n\n\n\n<p>Na drog\u0119 post\u0119powania s\u0105dowego przeciwko Skarbowi Pa\u0144stwa wyst\u0105pi\u0142a c\u00f3rka jednej z ofiar wypadku, reprezentowana przez <strong><a href=\"http:\/\/kancelaria-kwiecien.pl\/\" target=\"_blank\" rel=\"noreferrer noopener\">adw. Ilon\u0119 Kwiecie\u0144<\/a><\/strong>. Kobieta na etapie post\u0119powania likwidacyjnego nie otrzyma\u0142a od ubezpieczyciela ca\u0142ej przys\u0142uguj\u0105cej kwoty zado\u015b\u0107uczynienia z powodu przedwcze\u015bnie wyczerpanej sumy gwarancyjnej. W ocenie <strong><a href=\"http:\/\/kancelaria-kwiecien.pl\/\" target=\"_blank\" rel=\"noreferrer noopener\">mec. Ilony Kwiecie\u0144<\/a><\/strong> wdro\u017cenie przez Polsk\u0119 Unijnej Dyrektywy w dniu 11 grudnia 2009 r. odnosi\u0142o si\u0119 r\u00f3wnie\u017c do polis komunikacyjnych zawartych lub odnowionych przed dniem wdro\u017cenia. Pozwany Skarb Pa\u0144stwa reprezentowany przez Prokuratori\u0119 Generaln\u0105 Rzeczypospolitej Polskiej stanowczo zaprzecza\u0142, jakoby mia\u0142 w spos\u00f3b niew\u0142a\u015bciwy wdro\u017cy\u0107 wy\u017cej wymienion\u0105 dyrektyw\u0119 2005\/14\/WE oraz powo\u0142ywa\u0142 si\u0119 na zasad\u0119 m\u00f3wi\u0105c\u0105 o tym, \u017ce prawo nie dzia\u0142a wstecz i dlatego niemo\u017cliwe by\u0142o zwi\u0119kszenie sumy gwarancyjnej w polisach zawartych przed dniem wdro\u017cenia Dyrektywy.<\/p>\n\n\n\n<p>Proces s\u0105dowy trwa\u0142 kilka lat \u2013 na etapie drugiej apelacji S\u0105d Apelacyjny w Warszawie zwr\u00f3ci\u0142 si\u0119 do Trybuna\u0142u Sprawiedliwo\u015bci Unii Europejskiej z pytaniem prejudycjalnym, czy Rzeczpospolita Polska nieprawid\u0142owo wdro\u017cy\u0142a Unijn\u0105 Dyrektyw\u0119 do swojego porz\u0105dku prawnego.<\/p>\n\n\n\n<p>W wyroku C-428\/20 z dnia 21 grudnia 2021 roku, Trybuna\u0142 Sprawiedliwo\u015bci Unii Europejskiej rozstrzygn\u0105\u0142, \u017ce og\u00f3lna zasada r\u00f3wnego traktowania wymaga, aby poszkodowani w wypadkach, kt\u00f3re zaistnia\u0142y od dnia wdro\u017cenia dyrektywy byli obj\u0119ci polis\u0105 komunikacyjn\u0105 OC z wy\u017csz\u0105 sum\u0105 gwarancyjn\u0105 2,5 miliona euro. Jednak\u017ce w ocenie TSUE zasada \u201eprawo nie dzia\u0142a wstecz\u201d nie sta\u0142a na przeszkodzie ku temu, aby nowa suma gwarancyjna by\u0142a stosowana r\u00f3wnie\u017c do um\u00f3w ubezpieczenia komunikacyjnego zawartych przed dniem wdro\u017cenia Unijnej Dyrektywy 2005\/14\/WE. A zatem nie istnia\u0142y uzasadnione przeszkody, aby polisa kierowcy busa r\u00f3wnie\u017c opiewa\u0142a na kwot\u0119 dwa i p\u00f3\u0142 miliona euro, pomimo tego, \u017ce zosta\u0142a zawarta przed implementacj\u0105 Dyrektywy Unijnej do polskiego porz\u0105dku prawnego.<\/p>\n\n\n\n<p>W dniu 15 lipca 2022 roku S\u0105d Apelacyjny w Warszawie, bior\u0105c pod uwag\u0119 powy\u017csze rozstrzygni\u0119cie Trybuna\u0142u Sprawiedliwo\u015bci Unii Europejskiej z grudnia 2021, wyda\u0142 wyrok, w kt\u00f3rym zmieni\u0142 cz\u0119\u015bciowo zaskar\u017cony wyrok SO w Warszawie z dnia 20 marca 2019 roku, I C 294\/18 i zas\u0105dzi\u0142 od Skarbu Pa\u0144stwa \u2013 Ministra Finans\u00f3w na rzecz c\u00f3rki jednej z ofiar pozosta\u0142\u0105 nale\u017cn\u0105 kwot\u0119 43.000,00 z\u0142.<\/p>\n\n\n\n<p>Tym samym po 10 latach batalii s\u0105dowej, bliski cz\u0142onek ofiary wypadku komunikacyjnego pod Nowym Miastem nad Pilic\u0105, w ko\u0144cu uzyska od Skarbu Pa\u0144stwa nale\u017cne zado\u015b\u0107uczynienie za utrat\u0119 osoby bliskiej. Jest to niew\u0105tpliwe wielki sukces, kt\u00f3ry wyra\u017anie ukazuje, \u017ce wcze\u015bniej zamierzony cel uzyskania pe\u0142nej kompensacji szkody poniesionej przez klientk\u0119 reprezentowan\u0105 przez <a href=\"https:\/\/www.odszkodowania.marshal.pl\/\"><strong>MARSHAL<\/strong> &#8211; <strong>Centrum Dochodzenia Odszkodowa\u0144<\/strong><\/a>, zosta\u0142 w pe\u0142ni osi\u0105gni\u0119ty.<\/p>\n\n\n\n<p>21 pa\u017adziernika 2021 r. Parlament Europejski przyj\u0105\u0142 dyrektyw\u0119, w wyniku kt\u00f3rej ma wzrosn\u0105\u0107 wysoko\u015b\u0107 sum gwarancyjnych OC pojazd\u00f3w mechanicznych w ca\u0142ej Unii Europejskiej. W przypadku szk\u00f3d osobowych z 5.210.000 do co najmniej 6.450.000 euro, a szk\u00f3d maj\u0105tkowych z 1.050.000 do przynajmniej 1.300.000 euro. Pa\u0144stwa cz\u0142onkowskie maj\u0105 24 miesi\u0105ce na wprowadzenie tych zmian do krajowych przepis\u00f3w. Je\u015bli poszczeg\u00f3lne kraje UE b\u0119d\u0105 zainteresowane, mog\u0105 jeszcze wy\u017cej podnie\u015b\u0107 pr\u00f3g maksymalnych sum gwarancyjnych OC. <\/p>\n\n\n\n<p>Wyrok S\u0105du Apelacyjnego w Warszawie, sygn. akt.: I ACa 672\/19<\/p>\n\n\n\n<p>marshal.pl<\/p>\n","protected":false},"excerpt":{"rendered":"<p>W 2010 roku w Polsce mia\u0142 miejsce najtragiczniejszy wypadek drogowy na przestrzeni ostatnich kilkunastu lat, kt\u00f3ry obna\u017cy\u0142 jednocze\u015bnie jak niskie sumy gwarancyjne obowi\u0105zywa\u0142y w ubezpieczeniach komunikacyjnych OC. Kierowca busa przewo\u017c\u0105cy sezonowych pracownik\u00f3w zderzy\u0142 si\u0119 czo\u0142owo z nadje\u017cd\u017caj\u0105cym z naprzeciwka samochodem ci\u0119\u017carowym. \u0141\u0105cznie zgin\u0119\u0142o 18 os\u00f3b \u2013 wszyscy pasa\u017cerowie busa i kierowca samochodu ci\u0119\u017carowego. Polisa OC [&hellip;]<\/p>\n","protected":false},"author":2,"featured_media":0,"comment_status":"open","ping_status":"open","sticky":false,"template":"","format":"standard","meta":{"footnotes":""},"categories":[8,45,43],"tags":[94,11,22,12,179,13],"class_list":["post-3498","post","type-post","status-publish","format-standard","hentry","category-aktualnosci","category-artykul-glowny","category-prawo","tag-ets","tag-marshal","tag-oc","tag-odszkodowanie","tag-wypadek-komunikacyjny","tag-zadoscuczynienie"],"_links":{"self":[{"href":"https:\/\/www.odszkodowania.info.pl\/index.php?rest_route=\/wp\/v2\/posts\/3498","targetHints":{"allow":["GET"]}}],"collection":[{"href":"https:\/\/www.odszkodowania.info.pl\/index.php?rest_route=\/wp\/v2\/posts"}],"about":[{"href":"https:\/\/www.odszkodowania.info.pl\/index.php?rest_route=\/wp\/v2\/types\/post"}],"author":[{"embeddable":true,"href":"https:\/\/www.odszkodowania.info.pl\/index.php?rest_route=\/wp\/v2\/users\/2"}],"replies":[{"embeddable":true,"href":"https:\/\/www.odszkodowania.info.pl\/index.php?rest_route=%2Fwp%2Fv2%2Fcomments&post=3498"}],"version-history":[{"count":1,"href":"https:\/\/www.odszkodowania.info.pl\/index.php?rest_route=\/wp\/v2\/posts\/3498\/revisions"}],"predecessor-version":[{"id":3499,"href":"https:\/\/www.odszkodowania.info.pl\/index.php?rest_route=\/wp\/v2\/posts\/3498\/revisions\/3499"}],"wp:attachment":[{"href":"https:\/\/www.odszkodowania.info.pl\/index.php?rest_route=%2Fwp%2Fv2%2Fmedia&parent=3498"}],"wp:term":[{"taxonomy":"category","embeddable":true,"href":"https:\/\/www.odszkodowania.info.pl\/index.php?rest_route=%2Fwp%2Fv2%2Fcategories&post=3498"},{"taxonomy":"post_tag","embeddable":true,"href":"https:\/\/www.odszkodowania.info.pl\/index.php?rest_route=%2Fwp%2Fv2%2Ftags&post=3498"}],"curies":[{"name":"wp","href":"https:\/\/api.w.org\/{rel}","templated":true}]}}