{"id":3513,"date":"2022-08-01T17:50:06","date_gmt":"2022-08-01T16:50:06","guid":{"rendered":"https:\/\/www.odszkodowania.info.pl\/?p=3513"},"modified":"2022-08-01T17:50:07","modified_gmt":"2022-08-01T16:50:07","slug":"ziobro-o-odszkodowaniu-dla-paulinki-musi-byc-wspolmierne-do-innych-zasadzanych-kwot","status":"publish","type":"post","link":"https:\/\/www.odszkodowania.info.pl\/?p=3513","title":{"rendered":"Ziobro o odszkodowaniu dla &#8222;Paulinki&#8221;: musi by\u0107 wsp\u00f3\u0142mierne do innych zas\u0105dzanych kwot"},"content":{"rendered":"\n<p>Prokurator generalny Zbigniew Ziobro by\u0142 pytany na poniedzia\u0142kowej konferencji, w dniu 78. rocznicy wybuchu Powstania Warszawskiego, o apelacj\u0119 z\u0142o\u017con\u0105 przez niego w sprawie zado\u015b\u0107uczynienia dla uczestniczki powstania Anny Jakubowskiej &#8222;Paulinki&#8221; z batalionu &#8222;Zo\u015bka&#8221;. 2 sierpnia w S\u0105dzie Apelacyjnym odb\u0119dzie si\u0119 rozprawa w tej sprawie.<\/p>\n\n\n\n<p>Reporterka TVN24 Anna Maria Kowalewska zapyta\u0142a Zbigniewa Ziobr\u0119 o to, czy nie wstydzi si\u0119 dzia\u0142a\u0144 prokuratury zmierzaj\u0105cych do obni\u017cenia kwoty odszkodowania uczestniczce powstania Annie Jakubowskiej.<\/p>\n\n\n\n<p>&#8211;  Prokuratura Krajowa zaj\u0119\u0142a jasne stanowisko. Popiera\u0142a wniosek o odszkodowanie dla pani, kt\u00f3ra sp\u0119dzi\u0142a kilka lat w stalinowskim wi\u0119zieniu. Natomiast wskaza\u0142a, \u017ce odszkodowanie musi by\u0107 wsp\u00f3\u0142mierne do innych odszkodowa\u0144, kt\u00f3re otrzymywa\u0142y osoby, kt\u00f3re znacznie d\u0142u\u017cej pozostawa\u0142y w tych stalinowskich wi\u0119zieniach, czy te\u017c traci\u0142y \u017cycie, trafiaj\u0105c do stalinowskich kazamat\u00f3w &#8211; odpowiedzia\u0142 Ziobro. &#8211; Natomiast, jak wykazano, najwy\u017csza kwota odszkodowania orzeczona w polskim s\u0105dzie to jest oko\u0142o miliona z\u0142otych i dotyczy os\u00f3b, kt\u00f3re straci\u0142y \u017cycie. Zosta\u0142y zamordowane przy okazji tortur w ramach zak\u0142ad\u00f3w karnych &#8211; stwierdzi\u0142 prokurator generalny.<\/p>\n\n\n\n<p>&#8211; S\u0105dy musz\u0105 orzeka\u0107 w spos\u00f3b sprawiedliwy w stosunku do b\u00f3lu, cierpienia, kt\u00f3re by\u0142y zadane osobom, kt\u00f3re trafia\u0142y do stalinowskich katowni &#8211; doda\u0142.<\/p>\n\n\n\n<p>&#8211; W tym jednym wypadku ta kwota by\u0142a wielokrotnie wy\u017csza ni\u017c najwy\u017csze zas\u0105dzone kwoty, wi\u0119c tylko i wy\u0142\u0105cznie w takim zakresie Prokuratura Krajowa ten wyrok zakwestionowa\u0142a. Co do zasady popiera zas\u0105dzenie odszkodowania, ale w wysoko\u015bci, kt\u00f3re b\u0119dzie odpowiednia do tych kwot, kt\u00f3re by\u0142y zas\u0105dzane w innych przypadkach, r\u00f3wnie\u017c w du\u017co bardziej drastycznych &#8211; powiedzia\u0142 Ziobro.<\/p>\n\n\n\n<p><strong>We wtorek rozprawa<\/strong><\/p>\n\n\n\n<p>Jak poda\u0142a reporterka TVN24 Karolina Wasilewska, rozprawa ma si\u0119 odby\u0107 2 sierpnia o godzinie 11 w S\u0105dzie Apelacyjnym w Warszawie. Apelacje w jej sprawie, kwestionuj\u0105ce jej prawo do zado\u015b\u0107uczynienia dla &#8222;Paulinki&#8221; zas\u0105dzonego przez S\u0105d Okr\u0119gowy w Warszawie, za okrutne \u015bledztwo i sze\u015b\u0107 lat w stalinowskich wi\u0119zieniach, z\u0142o\u017cy\u0142a prokuratura kierowana przez Zbigniewa Ziobr\u0119 oraz w imieniu Skarbu Pa\u0144stwa Piotr Schab, rzecznik dyscyplinarny s\u0119dzi\u00f3w s\u0105d\u00f3w powszechnych.<\/p>\n\n\n\n<p>Przypomnijmy: &#8222;Paulinka&#8221;, skazana po wojnie za rzekom\u0105 dzia\u0142alno\u015b\u0107 na rzecz zmiany ustroju w Polsce, mimo \u017ce nie anga\u017cowa\u0142a si\u0119 wtedy politycznie, sp\u0119dzi\u0142a w wi\u0119zieniu blisko sze\u015b\u0107 lat. Przebywa\u0142a w ur\u0105gaj\u0105cych warunkach, by\u0142a bita, poni\u017cana i torturowana. Nie mia\u0142a te\u017c kontaktu z kilkuletnim synem. Rozpad\u0142o si\u0119 jej ma\u0142\u017ce\u0144stwo, a ona sama podupad\u0142a na zdrowiu.<\/p>\n\n\n\n<p><strong>Chc\u0105 obni\u017cy\u0107 kwot\u0119<\/strong><\/p>\n\n\n\n<p>13 grudnia 2021 roku S\u0105d Okr\u0119gowy przyzna\u0142 kobiecie 9 milion\u00f3w z\u0142otych zado\u015b\u0107uczynienia. Jednak, jak podawa\u0142a w\u00f3wczas &#8222;Gazeta Wyborcza&#8221;, wyrok zaskar\u017cy\u0142a sto\u0142eczna Prokuratura Okr\u0119gowa oraz Piotr Schab, prezes S\u0105du Okr\u0119gowego w Warszawie i rzecznik dyscyplinarny s\u0119dzi\u00f3w. Wed\u0142ug Schaba kwot\u0119 z wyroku nale\u017ca\u0142o obni\u017cy\u0107 do trzech milion\u00f3w.<\/p>\n\n\n\n<p>29 czerwca 2022 roku Prokuratura Krajowa przyzna\u0142a po analizie, \u017ce kwestionowanie odszkodowania jest bezpodstawne. &#8222;Paulinka&#8221; zmar\u0142a 13 lipca tego samego roku w wieku 95 lat i nie doczeka\u0142a si\u0119 rozstrzygni\u0119cia.<\/p>\n\n\n\n<p>Jak przypomnia\u0142a reporterka TVN24, zar\u00f3wno minister Ziobro, jak i Piotr Schab byli \u015bwiadomi jej terminalnego stanu, informowa\u0142 o tym listownie wnuk Jakubowskiej. Nie sk\u0142oni\u0142o ich to jednak do cofni\u0119cia apelacji. Do sprawy przyst\u0105pili dwaj synowie &#8222;Paulinki&#8221;, kt\u00f3rzy b\u0119d\u0105 podtrzymywa\u0107 jej wniosek o zado\u015b\u0107uczynienie.<\/p>\n\n\n\n<p><strong>Bohaterka powstania, dotkni\u0119ta przez re\u017cim komunistyczny<\/strong><\/p>\n\n\n\n<p>O spraw\u0119 zado\u015b\u0107uczynienia dla Anny Jakubowskiej &#8222;Paulinki&#8221;, by\u0142 pytany r\u00f3wnie\u017c w poniedzia\u0142ek dyrektor Muzeum Powstania Warszawskiego Jan O\u0142dakowski.<\/p>\n\n\n\n<p>&#8211; Nie jestem w stanie komentowa\u0107 tej kwoty, natomiast &#8222;Paulinka&#8221; by\u0142a osob\u0105 bardzo dotkni\u0119t\u0105 przez re\u017cim komunistyczny. By\u0142a to osoba po pierwsze bohaterska w Powstaniu Warszawskim, a po drugie, jak ca\u0142e \u015brodowisko \u017co\u0142nierzy &#8222;Zo\u015bka&#8221;, bardzo dotkni\u0119ta po wojnie niesprawiedliwymi prze\u015bladowaniami, pobytem w wi\u0119zieniu \u2013 m\u00f3wi\u0142 na antenie TVN24.<\/p>\n\n\n\n<p>W jego ocenie &#8222;w momencie, kiedy zapad\u0142 wyrok s\u0105du, powinno si\u0119 go natychmiast zrealizowa\u0107&#8221;. &#8211; Wydaje mi si\u0119, \u017ce takie wracanie do tego, liczenie, czy to za du\u017co, czy za ma\u0142o, to by\u0142o w odniesieniu do bohater\u00f3w niegodne. Mam nadziej\u0119, \u017ce zostanie stworzona mo\u017cliwo\u015b\u0107, by inni obj\u0119ci represjami przez system stalinowski weterani mogli takie odszkodowania otrzyma\u0107 i tym razem bez \u017cadnych niegodnych praktyk &#8211; powiedzia\u0142 O\u0142dakowski.<\/p>\n\n\n\n<p>Z kolei w ubieg\u0142ym tygodniu pytany o to w &#8222;Faktach po Faktach&#8221; prezydent Warszawy Rafa\u0142 Trzaskowski oceni\u0142, \u017ce w ostatnich miesi\u0105cach \u017cycia &#8222;Paulinka&#8221; sta\u0142a si\u0119 obiektem atak\u00f3w i nie doczeka\u0142a si\u0119 sprawiedliwo\u015bci.<\/p>\n\n\n\n<p>&#8211; I na tym polega problem, \u017ce dzisiaj prokuratura w r\u0119kach prokuratora Ziobry przemieni\u0142a si\u0119 w instytucj\u0119 polityczn\u0105, kt\u00f3ra nie ma nic wsp\u00f3lnego z niezale\u017cno\u015bci\u0105 \u2013 stwierdzi\u0142.<\/p>\n\n\n\n<p><strong>Dzia\u0142a\u0142a w podziemiu<\/strong><\/p>\n\n\n\n<p>Przypomnijmy: Anna Jakubowska ps. &#8222;Paulinka&#8221; podczas II wojny \u015bwiatowej dzia\u0142a\u0142a w konspiracji, najpierw w organizacji PET, a p\u00f3\u017aniej jako sanitariuszka i \u0142\u0105czniczka w grupach szturmowych przekszta\u0142conych w Batalion AK &#8222;Zo\u015bka&#8221;. Jakubowska w czasie Powstania Warszawskiego walczy\u0142a m.in. na Woli, Starym Mie\u015bcie i Czerniakowie, za co otrzyma\u0142a Krzy\u017c Walecznych.<\/p>\n\n\n\n<p>Po wojnie zacz\u0119\u0142a studiowa\u0107 psychologi\u0119 na Uniwersytecie Warszawskim, ale w 1949 r. zosta\u0142a aresztowana za dzia\u0142alno\u015b\u0107 w Armii Krajowej i skazana w tzw. procesie kiblowym na osiem lat wi\u0119zienia, kt\u00f3re opu\u015bci\u0142a w 1954 r. Jakubowska w latach 80. dzia\u0142a\u0142a w podziemiu solidarno\u015bciowym.<\/p>\n\n\n\n<p>tvn.pl<\/p>\n","protected":false},"excerpt":{"rendered":"<p>Prokurator generalny Zbigniew Ziobro by\u0142 pytany na poniedzia\u0142kowej konferencji, w dniu 78. rocznicy wybuchu Powstania Warszawskiego, o apelacj\u0119 z\u0142o\u017con\u0105 przez niego w sprawie zado\u015b\u0107uczynienia dla uczestniczki powstania Anny Jakubowskiej &#8222;Paulinki&#8221; z batalionu &#8222;Zo\u015bka&#8221;. 2 sierpnia w S\u0105dzie Apelacyjnym odb\u0119dzie si\u0119 rozprawa w tej sprawie. Reporterka TVN24 Anna Maria Kowalewska zapyta\u0142a Zbigniewa Ziobr\u0119 o to, czy [&hellip;]<\/p>\n","protected":false},"author":2,"featured_media":0,"comment_status":"open","ping_status":"open","sticky":false,"template":"","format":"standard","meta":{"footnotes":""},"categories":[8],"tags":[12,193,13],"class_list":["post-3513","post","type-post","status-publish","format-standard","hentry","category-aktualnosci","tag-odszkodowanie","tag-represje-stalinowskie","tag-zadoscuczynienie"],"_links":{"self":[{"href":"https:\/\/www.odszkodowania.info.pl\/index.php?rest_route=\/wp\/v2\/posts\/3513","targetHints":{"allow":["GET"]}}],"collection":[{"href":"https:\/\/www.odszkodowania.info.pl\/index.php?rest_route=\/wp\/v2\/posts"}],"about":[{"href":"https:\/\/www.odszkodowania.info.pl\/index.php?rest_route=\/wp\/v2\/types\/post"}],"author":[{"embeddable":true,"href":"https:\/\/www.odszkodowania.info.pl\/index.php?rest_route=\/wp\/v2\/users\/2"}],"replies":[{"embeddable":true,"href":"https:\/\/www.odszkodowania.info.pl\/index.php?rest_route=%2Fwp%2Fv2%2Fcomments&post=3513"}],"version-history":[{"count":1,"href":"https:\/\/www.odszkodowania.info.pl\/index.php?rest_route=\/wp\/v2\/posts\/3513\/revisions"}],"predecessor-version":[{"id":3514,"href":"https:\/\/www.odszkodowania.info.pl\/index.php?rest_route=\/wp\/v2\/posts\/3513\/revisions\/3514"}],"wp:attachment":[{"href":"https:\/\/www.odszkodowania.info.pl\/index.php?rest_route=%2Fwp%2Fv2%2Fmedia&parent=3513"}],"wp:term":[{"taxonomy":"category","embeddable":true,"href":"https:\/\/www.odszkodowania.info.pl\/index.php?rest_route=%2Fwp%2Fv2%2Fcategories&post=3513"},{"taxonomy":"post_tag","embeddable":true,"href":"https:\/\/www.odszkodowania.info.pl\/index.php?rest_route=%2Fwp%2Fv2%2Ftags&post=3513"}],"curies":[{"name":"wp","href":"https:\/\/api.w.org\/{rel}","templated":true}]}}