{"id":3519,"date":"2022-08-03T21:09:13","date_gmt":"2022-08-03T20:09:13","guid":{"rendered":"https:\/\/www.odszkodowania.info.pl\/?p=3519"},"modified":"2022-08-03T21:09:15","modified_gmt":"2022-08-03T20:09:15","slug":"zadoscuczynienie-dla-powstanczej-paulinki-czeka-na-bezstronny-sad","status":"publish","type":"post","link":"https:\/\/www.odszkodowania.info.pl\/?p=3519","title":{"rendered":"Zado\u015b\u0107uczynienie dla powsta\u0144czej &#8222;Paulinki&#8221; czeka na bezstronny s\u0105d"},"content":{"rendered":"\n<p>Wyj\u0105tkowa sprawa o zado\u015b\u0107uczynienie za prze\u015bladowanie w czasach stalinowskich znanej powsta\u0144czej sanitariuszki przed\u0142u\u017ca si\u0119 ze wzgl\u0119du na znane zastrze\u017cenia do nowych s\u0119dzi\u00f3w.<\/p>\n\n\n\n<p id=\"block-id-xIdivENLkZ\">Z powodu nominacji na prezesa S\u0105du Apelacyjnego s\u0119dziego Piotra Schaba s\u0105d ten, zwr\u00f3ci\u0142 si\u0119 we wtorek do S\u0105du Najwy\u017cszego o wyznaczenie innego s\u0105du do sprawy za peerelowskie represje wobec znanej uczestniczki Powstania Warszawskiego.<\/p>\n\n\n\n<p id=\"block-id-fgdAfXaPuy\">Cho\u0107 Anna Jakubowska sanitariuszka i \u0142\u0105czniczki Batalionu &#8222;Zo\u015bka&#8221; ps. &#8222;Paulinka&#8221; nie doczeka\u0142a \u017c\u0105danego zado\u015b\u0107uczynienia, gdy\u017c zmar\u0142a w przed miesi\u0105cem, i w jej miejsce weszli do sprawy dwaj synowie, to b\u0119dzie ona z pewno\u015bci\u0105 przed\u0142u\u017cona.<\/p>\n\n\n\n<p id=\"block-id-rwlBOyGgdo\">S\u0119dzia SA, przewodnicz\u0105cy wtorkowego posiedzenia Adam Wrzosek wyrazi\u0142 z tego powodu ubolewanie, wskazuj\u0105c, \u017ce chodzi jednak o unikni\u0119cie podejrze\u0144 czy cho\u0107by wra\u017cenia, \u017ce jako prezes SA, s\u0119dzia Schab od kilku miesi\u0119cy, m\u00f3g\u0142by mie\u0107 wp\u0142yw na dalszy przebieg procesu.<\/p>\n\n\n\n<p id=\"block-id-uY4_dtstsq\">Dodajmy, \u017ce pod adresem powo\u0142anego przez ministra Zbigniewa Ziobr\u0119 na rzecznika dyscyplinarnego s\u0119dzi\u00f3w, s\u0119dziego Schaba pada\u0142y mediach zastrze\u017cenia co do niezale\u017cno\u015bci ze strony kontestuj\u0105cej zmiany w sadownictwie s\u0119dzi\u00f3w ze starego (niepisowskiego)nadania.<\/p>\n\n\n\n<p><strong>Wyj\u0105tkowa sprawa<\/strong><\/p>\n\n\n\n<p id=\"block-id-jfuzTiDolO\">Jako sanitariuszka i \u0142\u0105czniczka Jakubowska ps. &#8222;Paulinka&#8221; przesz\u0142a szlak bojowy od Woli przez Star\u00f3wk\u0119 i kana\u0142ami do \u015ar\u00f3dmie\u015bcia. By\u0142a ranna. Po wojnie rozpocz\u0119\u0142a studia na psychologii na UW, wysz\u0142a za m\u0105\u017c, ale inaczej ni\u017c m\u0105\u017c nie anga\u017cowa\u0142a si\u0119 antykomunistyczn\u0105 dzia\u0142alno\u015b\u0107. Zosta\u0142a jednak w styczniu 1949 r. zatrzymana przez s\u0142u\u017cb\u0119 bezpiecze\u0144stwa PRL, jak 10 dni wcze\u015bniej jej m\u0105\u017c. W \u015bledztwa i areszcie by\u0142a bita, gro\u017cono, \u017ce nigdy ju\u017c nie zobaczy syna oddanego pod opiek\u0119 babci. Pod zarzutem usi\u0142owania przemoc\u0105 zmiany ustroju zosta\u0142a skazana na osiem lat wi\u0119zienia.<\/p>\n\n\n\n<p id=\"block-id-W2740bgveM\">Na wolno\u015b\u0107 wysz\u0142a w 1957 r. 1954 r. w ranach tzw. peerelowskiej odwil\u017cy. S\u0105d Najwy\u017cszy uchyli\u0142 wyrok z 1950 r. i uniewinni\u0142 j\u0105, ale dosta\u0142a symboliczne odszkodowanie za pobyt w wi\u0119zieniu.<\/p>\n\n\n\n<p><strong>Jakie zado\u015b\u0107uczynienie<\/strong><\/p>\n\n\n\n<p id=\"block-id-aLwcqjMbh_\">Dopiero przed rokiem wyst\u0105pi\u0142a o zado\u015b\u0107uczynienie na podstawie ustawy o uznaniu za niewa\u017cne orzecze\u0144 wydanych wobec os\u00f3b represjonowanych za dzia\u0142alno\u015b\u0107 na rzecz niepodleg\u0142ego bytu Pa\u0144stwa Polskiego. Na poparcie wniosku wskazywa\u0142a, \u017ce uchylenie wyroku skazuj\u0105cego i uniewinnienie nie by\u0142y w stanie zwr\u00f3ci\u0107 ponad pi\u0119ciu lata \u017cycia w stalinowskim wi\u0119zieniu, przez co utraci\u0142a relacj\u0119 z synem, rozpad\u0142o si\u0119 jej ma\u0142\u017ce\u0144stwo, nie mog\u0142a wr\u00f3ci\u0107 na studia i znale\u017a\u0107 pracy. A pozew z\u0142o\u017cy\u0142a, by zapewni\u0107 drugiemu synowi choremu z nisk\u0105 renta godne warunki \u017cycia.<\/p>\n\n\n\n<p id=\"block-id-unWsOLDohd\">S\u0105d Okr\u0119gowy w grudniu ubr. zas\u0105dzi\u0142 jej 9 mln z\u0142. zado\u015b\u0107uczynienia. Jak powiedzia\u0142 w uzasadnieniu s\u0119dzia Wojciech Ma\u0142ek, i tak w niewielkim stopniu kwota ta mo\u017ce zrekompensowa\u0107 cierpienia, jakich dozna\u0142a Anna Jakubowska i utracone mo\u017cliwo\u015bci jakie mia\u0142aby b\u0119d\u0105c na wolno\u015bci: zbudowania matczynej wi\u0119zi z synem, kontynuacji studi\u00f3w i zaplanowanej \u015bcie\u017cki zawodowej.<\/p>\n\n\n\n<p id=\"block-id-CndeyFNq-Q\">Wyrok ten zaskar\u017cy\u0142a na jej niekorzy\u015b\u0107 Prokuratura wskazuj\u0105c najpierw, \u017ce Annie Jakubowskiej zado\u015b\u0107uczynienie si\u0119 nie nale\u017cy, bo w okresie, kt\u00f3rego dotyczy\u0142y postawione jej zarzuty, nie prowadzi\u0142a dzia\u0142alno\u015bci na rzecz &#8222;niepodleg\u0142ego bytu pa\u0144stwa polskiego&#8221;. Prezes SO zarzuci\u0142 za\u015b, \u017ce zas\u0105dzone zado\u015b\u0107uczynienie jest ra\u017c\u0105co wyg\u00f3rowana i stanowi\u0107 mo\u017ce dla wnioskodawczyni \u017ar\u00f3d\u0142o wzbogacenia, co nie powinno mie\u0107 miejsca. Wni\u00f3s\u0142 o jego obni\u017cenie do maksymalnie 3 mln z\u0142.<\/p>\n\n\n\n<p id=\"block-id-7HGt8DmKr_\">Te zastrze\u017cenie co do wysoko\u015bci zado\u015b\u0107uczynienia podtrzyma\u0142 we wtorek prokurator Stanis\u0142aw Wie\u015bniakowski m\u00f3wi\u0105c jednak prasie, \u017ce Prokuratura uznaje prawo wnioskodawczyni (jej syn\u00f3w) do zado\u015b\u0107uczynienia, ale konkretn\u0105 kwot\u0119 wska\u017ce dopiero w trakcie procesu. Z uwzgl\u0119dnieniem faktu, \u017ce w latach 50 dosta\u0142a ona jednak pewne odszkodowanie, po drugie nigdy dot\u0105d nie zas\u0105dzono za represje PRL tak wysokiej kwoty.<\/p>\n\n\n\n<p id=\"block-id-IIA4jSv5_H\">Natomiast pe\u0142nomocnik wnioskodawc\u00f3w adwokat Micha\u0142 Wawrykiewicz powiedzia\u0142, \u017ce je\u015bli minister Ziobro i prezes Schab uznaj\u0105 roszczenie za zasadne, to mog\u0105 szybko spraw\u0119 zako\u0144czy\u0107 wycofuj\u0105c apelacje. Co si\u0119 tyczy zwr\u00f3cenia si\u0119 do SN o wyznaczenie innego s\u0105du pe\u0142nomocnik nie mia\u0142 zastrze\u017ce\u0144, sam zreszt\u0105 wyst\u0119powa\u0142 do SA o w\u0142\u0105czenie nowych s\u0119dzi\u00f3w ze sk\u0142adu orzekaj\u0105cego &#8211; jednego wy\u0142\u0105czono, a drugi awansowa\u0142 do SN. Byle tylko s\u0105d do kt\u00f3rego SN spraw\u0119 skieruje nie budzi\u0142 podobnych zastrze\u017ce\u0144.<\/p>\n\n\n\n<p>sygn. II AKa 87\/22<\/p>\n\n\n\n<p>rp.pl<\/p>\n","protected":false},"excerpt":{"rendered":"<p>Wyj\u0105tkowa sprawa o zado\u015b\u0107uczynienie za prze\u015bladowanie w czasach stalinowskich znanej powsta\u0144czej sanitariuszki przed\u0142u\u017ca si\u0119 ze wzgl\u0119du na znane zastrze\u017cenia do nowych s\u0119dzi\u00f3w. Z powodu nominacji na prezesa S\u0105du Apelacyjnego s\u0119dziego Piotra Schaba s\u0105d ten, zwr\u00f3ci\u0142 si\u0119 we wtorek do S\u0105du Najwy\u017cszego o wyznaczenie innego s\u0105du do sprawy za peerelowskie represje wobec znanej uczestniczki Powstania Warszawskiego. [&hellip;]<\/p>\n","protected":false},"author":2,"featured_media":0,"comment_status":"open","ping_status":"open","sticky":false,"template":"","format":"standard","meta":{"footnotes":""},"categories":[8],"tags":[12,193,194,13],"class_list":["post-3519","post","type-post","status-publish","format-standard","hentry","category-aktualnosci","tag-odszkodowanie","tag-represje-stalinowskie","tag-skarb-panstwa","tag-zadoscuczynienie"],"_links":{"self":[{"href":"https:\/\/www.odszkodowania.info.pl\/index.php?rest_route=\/wp\/v2\/posts\/3519","targetHints":{"allow":["GET"]}}],"collection":[{"href":"https:\/\/www.odszkodowania.info.pl\/index.php?rest_route=\/wp\/v2\/posts"}],"about":[{"href":"https:\/\/www.odszkodowania.info.pl\/index.php?rest_route=\/wp\/v2\/types\/post"}],"author":[{"embeddable":true,"href":"https:\/\/www.odszkodowania.info.pl\/index.php?rest_route=\/wp\/v2\/users\/2"}],"replies":[{"embeddable":true,"href":"https:\/\/www.odszkodowania.info.pl\/index.php?rest_route=%2Fwp%2Fv2%2Fcomments&post=3519"}],"version-history":[{"count":1,"href":"https:\/\/www.odszkodowania.info.pl\/index.php?rest_route=\/wp\/v2\/posts\/3519\/revisions"}],"predecessor-version":[{"id":3520,"href":"https:\/\/www.odszkodowania.info.pl\/index.php?rest_route=\/wp\/v2\/posts\/3519\/revisions\/3520"}],"wp:attachment":[{"href":"https:\/\/www.odszkodowania.info.pl\/index.php?rest_route=%2Fwp%2Fv2%2Fmedia&parent=3519"}],"wp:term":[{"taxonomy":"category","embeddable":true,"href":"https:\/\/www.odszkodowania.info.pl\/index.php?rest_route=%2Fwp%2Fv2%2Fcategories&post=3519"},{"taxonomy":"post_tag","embeddable":true,"href":"https:\/\/www.odszkodowania.info.pl\/index.php?rest_route=%2Fwp%2Fv2%2Ftags&post=3519"}],"curies":[{"name":"wp","href":"https:\/\/api.w.org\/{rel}","templated":true}]}}