{"id":3551,"date":"2022-09-22T14:47:24","date_gmt":"2022-09-22T13:47:24","guid":{"rendered":"https:\/\/www.odszkodowania.info.pl\/?p=3551"},"modified":"2022-09-22T14:47:25","modified_gmt":"2022-09-22T13:47:25","slug":"dostala-zla-dawke-leku-i-zmarla-rodzina-36-latki-domaga-sie-18-mln-zl-zadoscuczynienia","status":"publish","type":"post","link":"https:\/\/www.odszkodowania.info.pl\/?p=3551","title":{"rendered":"Dosta\u0142a z\u0142\u0105 dawk\u0119 leku i zmar\u0142a. Rodzina 36-latki domaga si\u0119 1,8 mln z\u0142 zado\u015b\u0107uczynienia"},"content":{"rendered":"\n<p>1,8 mln zado\u015b\u0107uczynienia domaga si\u0119 rodzina 36-letniej Anny K., kt\u00f3ra zmar\u0142a w styczniu 2019 roku przez b\u0142\u0105d piel\u0119gniarki w tzw. klinice medycyny naturalnej w Poznaniu. Piel\u0119gniarka Lucyna P. zosta\u0142a ju\u017c prawomocnie skazana w procesie karnym.<\/p>\n\n\n\n<p>Do zdarzenia dosz\u0142o w styczniu 2019 roku. 36-letnia Anna K. przebywa\u0142a w tzw. klinice medycyny naturalnej w Poznaniu. Kobieta, ze wzgl\u0119du na sw\u00f3j stan zdrowia, poddawana by\u0142a tam &#8222;terapii&#8221;. Po\u0142o\u017cna Lucyna P., sprawuj\u0105ca w dniu zdarzenia obowi\u0105zki piel\u0119gniarki w klinice, pope\u0142ni\u0142a b\u0142\u0105d i poda\u0142a 36-latce z\u0142\u0105 dawk\u0119 leku. 36-letnia Anna K. zmar\u0142a. Kobieta osieroci\u0142a 8-miesi\u0119czne bli\u017ani\u0119ta.<\/p>\n\n\n\n<p>W 2021 roku pozna\u0144ski s\u0105d uzna\u0142 Lucyn\u0119 P. winn\u0105 nara\u017cenia pacjentki na bezpo\u015brednie niebezpiecze\u0144stwo utraty \u017cycia albo ci\u0119\u017ckiego uszczerbku na zdrowiu oraz nieumy\u015blne spowodowanie jej \u015bmierci. Oskar\u017cona wnioskowa\u0142a o dobrowolne poddanie si\u0119 karze. Wyrokiem s\u0105du kobieta zosta\u0142a skazana na p\u00f3\u0142tora roku wi\u0119zienia. S\u0105d orzek\u0142 tak\u017ce nawi\u0105zk\u0119 wobec oskar\u017cyciela posi\u0142kowego w wysoko\u015bci 10 tys. z\u0142 oraz zakaz wykonywania zawodu piel\u0119gniarki na okres 3 lat. Wyrok jest ju\u017c prawomocny. Lucyna P. odbywa kar\u0119 w systemie dozoru elektronicznego.<\/p>\n\n\n\n<p>Rodzina zmar\u0142ej domaga si\u0119 teraz zado\u015b\u0107uczynienia za \u015bmier\u0107 kobiety &#8211; pozwanym w sprawie jest zar\u00f3wno Lucyna P., jak i klinika. W czwartek przed pozna\u0144skim s\u0105dem okr\u0119gowym ruszy\u0142 proces w tej sprawie.<\/p>\n\n\n\n<p><strong>M\u0105\u017c zmar\u0142ej musia\u0142 wyprowadzi\u0107 si\u0119 z Poznania<\/strong><\/p>\n\n\n\n<p>Jak t\u0142umaczy\u0142a mediom w s\u0105dzie reprezentuj\u0105ca rodzin\u0119 zmar\u0142ej, adwokat Beata Grygiel-Skrzypczak, &#8222;powodowie, czyli m\u0105\u017c zmar\u0142ej i jej dzieci, 4-letnie obecnie bli\u017ani\u0119ta, domagaj\u0105 si\u0119 zado\u015b\u0107uczynienia za krzywd\u0119 zwi\u0105zan\u0105 ze \u015bmierci\u0105 ich matki i \u017cony&#8221;. Doda\u0142a, \u017ce kwota zado\u015b\u0107uczynienia, jakiej domagaj\u0105 si\u0119 powodowie to \u0142\u0105cznie 1,8 mln z\u0142, czyli po 600 tys. z\u0142 dla ka\u017cdego z powod\u00f3w, a tak\u017ce comiesi\u0119cznej renty dla dzieci.<\/p>\n\n\n\n<p>Adwokat pytana, jak wygl\u0105da obecnie \u017cycie rodziny po tej tragedii powiedzia\u0142a, \u017ce &#8222;ojciec dzieci i m\u0105\u017c zmar\u0142ej zosta\u0142 zmuszony do przeprowadzenia si\u0119 do Rzeszowa, sprzeda\u0142 nieruchomo\u015bci, kt\u00f3re posiadali w Poznaniu&#8221;. W tym momencie samotnie wychowuje dzieci, z pomoc\u0105 rodzic\u00f3w niewielk\u0105, bo jego rodzice r\u00f3wnie\u017c mieszkaj\u0105 w Rzeszowie &#8211; m\u00f3wi\u0142a.<\/p>\n\n\n\n<p>Doda\u0142a, \u017ce Anna K. &#8222;szuka\u0142a pomocy w medycynie niekonwencjonalnej, dlatego zwr\u00f3ci\u0142a si\u0119 do kliniki (\u2026) kt\u00f3ra ju\u017c w tym momencie jest niedzia\u0142aj\u0105c\u0105 klinik\u0105. Niestety tej pomocy nie otrzyma\u0142a&#8221;.<\/p>\n\n\n\n<p>W trakcie czwartkowej rozprawy s\u0105d przes\u0142ucha\u0142 m\u0119\u017ca zmar\u0142ej Macieja K., a tak\u017ce obecn\u0105 w s\u0105dzie Lucyn\u0119 P. W tracie rozprawy na sali nie by\u0142o \u017cadnego reprezentanta pozwanej kliniki.<\/p>\n\n\n\n<p>M\u0105\u017c zmar\u0142ej, kt\u00f3rego przes\u0142uchanie odby\u0142o si\u0119 za po\u015brednictwem wideopo\u0142\u0105czenia z s\u0105dem, powiedzia\u0142, \u017ce obecnie jest zarejestrowany jako bezrobotny. Utrzymuje si\u0119 z prac dorywczych, jest stolarzem. Dzieci ucz\u0119szczaj\u0105 do przedszkola.<\/p>\n\n\n\n<p>Lucyna P. jest obecnie na emeryturze. Mieszka wraz z m\u0119\u017cem, doros\u0142ym synem i opiekuje si\u0119 doros\u0142\u0105 c\u00f3rk\u0105 ze znacznym stopniem niepe\u0142nosprawno\u015bci.<\/p>\n\n\n\n<p>S\u0105d odroczy\u0142 rozpraw\u0119 do stycznia. Wtedy te\u017c planuje przes\u0142ucha\u0107 \u015bwiadk\u00f3w.<\/p>\n\n\n\n<p>PAP\/rmf.fm<\/p>\n","protected":false},"excerpt":{"rendered":"<p>1,8 mln zado\u015b\u0107uczynienia domaga si\u0119 rodzina 36-letniej Anny K., kt\u00f3ra zmar\u0142a w styczniu 2019 roku przez b\u0142\u0105d piel\u0119gniarki w tzw. klinice medycyny naturalnej w Poznaniu. Piel\u0119gniarka Lucyna P. zosta\u0142a ju\u017c prawomocnie skazana w procesie karnym. Do zdarzenia dosz\u0142o w styczniu 2019 roku. 36-letnia Anna K. przebywa\u0142a w tzw. klinice medycyny naturalnej w Poznaniu. Kobieta, ze [&hellip;]<\/p>\n","protected":false},"author":2,"featured_media":0,"comment_status":"open","ping_status":"open","sticky":false,"template":"","format":"standard","meta":{"footnotes":""},"categories":[8],"tags":[120,11,12,13],"class_list":["post-3551","post","type-post","status-publish","format-standard","hentry","category-aktualnosci","tag-blad-medyczny","tag-marshal","tag-odszkodowanie","tag-zadoscuczynienie"],"_links":{"self":[{"href":"https:\/\/www.odszkodowania.info.pl\/index.php?rest_route=\/wp\/v2\/posts\/3551","targetHints":{"allow":["GET"]}}],"collection":[{"href":"https:\/\/www.odszkodowania.info.pl\/index.php?rest_route=\/wp\/v2\/posts"}],"about":[{"href":"https:\/\/www.odszkodowania.info.pl\/index.php?rest_route=\/wp\/v2\/types\/post"}],"author":[{"embeddable":true,"href":"https:\/\/www.odszkodowania.info.pl\/index.php?rest_route=\/wp\/v2\/users\/2"}],"replies":[{"embeddable":true,"href":"https:\/\/www.odszkodowania.info.pl\/index.php?rest_route=%2Fwp%2Fv2%2Fcomments&post=3551"}],"version-history":[{"count":1,"href":"https:\/\/www.odszkodowania.info.pl\/index.php?rest_route=\/wp\/v2\/posts\/3551\/revisions"}],"predecessor-version":[{"id":3552,"href":"https:\/\/www.odszkodowania.info.pl\/index.php?rest_route=\/wp\/v2\/posts\/3551\/revisions\/3552"}],"wp:attachment":[{"href":"https:\/\/www.odszkodowania.info.pl\/index.php?rest_route=%2Fwp%2Fv2%2Fmedia&parent=3551"}],"wp:term":[{"taxonomy":"category","embeddable":true,"href":"https:\/\/www.odszkodowania.info.pl\/index.php?rest_route=%2Fwp%2Fv2%2Fcategories&post=3551"},{"taxonomy":"post_tag","embeddable":true,"href":"https:\/\/www.odszkodowania.info.pl\/index.php?rest_route=%2Fwp%2Fv2%2Ftags&post=3551"}],"curies":[{"name":"wp","href":"https:\/\/api.w.org\/{rel}","templated":true}]}}