{"id":3568,"date":"2022-09-29T19:53:40","date_gmt":"2022-09-29T18:53:40","guid":{"rendered":"https:\/\/www.odszkodowania.info.pl\/?p=3568"},"modified":"2022-09-29T19:53:41","modified_gmt":"2022-09-29T18:53:41","slug":"dopiero-wybuch-i-smierc-pracownikow-fabryki-prochu-zainteresowala-panstwo-wczesniej-nikt-jej-nie-kontrolowal","status":"publish","type":"post","link":"https:\/\/www.odszkodowania.info.pl\/?p=3568","title":{"rendered":"Dopiero wybuch i \u015bmier\u0107 pracownik\u00f3w fabryki prochu zainteresowa\u0142a pa\u0144stwo. Wcze\u015bniej nikt jej nie kontrolowa\u0142"},"content":{"rendered":"\n<p>Wydawa\u0142oby si\u0119, \u017ce zak\u0142ad, kt\u00f3ry produkuje materia\u0142y wybuchowe dla wojska, powinien by\u0107 regularnie sprawdzany i spe\u0142nianie warunk\u00f3w powinno by\u0107 weryfikowane na bie\u017c\u0105co. Ale najwyra\u017aniej nikogo to nie interesowa\u0142o, \u017ce fabryka prochu jest niebezpieczna &#8211; i dla pracownik\u00f3w, i dla og\u00f3\u0142u &#8211; m\u00f3wi radca prawny Piotr Kapusta, reprezentuj\u0105cy poszkodowanych w wybuchu.<\/p>\n\n\n\n<p>Do tragedii dosz\u0142o 17 maja 2017 roku w M\u0105kolnie &#8211; niewielkiej wsi na Dolnym \u015al\u0105sku ko\u0142o Z\u0142otego Stoku. Od kilkuset lat istnieje tutaj fabryka prochu, jeden z g\u0142\u00f3wnych producent\u00f3w prochu czarnego w Europie i na \u015bwiecie. To najstarsza taka fabryka w Polsce. W tragicznym wybuchu zgin\u0119\u0142o dw\u00f3ch pracownik\u00f3w, a 15 zosta\u0142o rannych.<\/p>\n\n\n\n<p>Proces ws. ich \u015bmierci ujawni\u0142 warunki, w jakich odbywa\u0142a si\u0119 produkcja. Wydaj\u0105c wyrok na kierownictwo zak\u0142adu, s\u0105d m\u00f3wi\u0142 o tym, \u017ce &#8222;w firmie liczy\u0142 si\u0119 tylko zysk&#8221;.<\/p>\n\n\n\n<p>S\u0105d skaza\u0142 prezesa firmy Piotra K. na rok wi\u0119zienia, kierownika produkcji Roberta G. na 8 miesi\u0119cy, prokurenta Marka W. na 6 miesi\u0119cy i szefa BHP Mieczys\u0142awa W. na 10 miesi\u0119cy. Wszyscy dostali jednak wyroki w zawieszeniu na trzy lata. S\u0119dzia orzek\u0142 te\u017c grzywn\u0119 w wysoko\u015bci stu stawek dziennych po 50 z\u0142. M\u0119\u017cczyznom przez trzy lata nie wolno te\u017c pe\u0142ni\u0107 kierowniczych funkcji w firmach zajmuj\u0105cych si\u0119 produkcj\u0105 prochu.<\/p>\n\n\n\n<p>Rozmowa z <strong>Piotrem Kapust\u0105<\/strong> z <a href=\"http:\/\/kancelaria-kwiecien.pl\/\" target=\"_blank\" rel=\"noreferrer noopener\">Kancelarii Adwokat Ilony Kwiecie\u0144<\/a> w Dzier\u017coniowie, kt\u00f3ry reprezentowa\u0142 rodzin\u0119 jednego z zabitych pracownik\u00f3w.<\/p>\n\n\n\n<p><strong>Agnieszka Dobkiewicz: &#8211; Czy jeste\u015bcie pa\u0144stwo usatysfakcjonowani wyrokiem, kt\u00f3ry zapad\u0142 w tej sprawie?<\/strong><\/p>\n\n\n\n<p>Piotr Kapusta: &#8211; Ci\u0119\u017cko m\u00f3wi\u0107 o satysfakcji, gdy m\u00f3wimy o sytuacji, w kt\u00f3rej zgin\u0119\u0142o dwoje ludzi. Ich \u017cycia nie przywr\u00f3cimy. Natomiast istotne jest uznanie winy w tym sensie, \u017ce wskazano na szereg ci\u0119\u017ckich nieprawid\u0142owo\u015bci w tym zak\u0142adzie i stwierdzenie, \u017ce oskar\u017ceni za to odpowiadaj\u0105. S\u0105d za sam wybuch ich jednak nie skaza\u0142. To jest kwestia sporna, ale poczekamy na uzasadnienie wyroku, gdzie s\u0105d dok\u0142adnie odniesie si\u0119 do tego zagadnienia. Dla nas na pewno samo to, \u017ce wskazano na win\u0119 organizacyjn\u0105, jest te\u017c istotne. W naszym przekonaniu to nie jest tak, i\u017c sam wybuch jest zdarzeniem powsta\u0142ym w pr\u00f3\u017cni, ale jednak to lata zaniedba\u0144 doprowadzi\u0142y do tragicznego fina\u0142u.<\/p>\n\n\n\n<p><strong>Przera\u017caj\u0105ce jest to, co us\u0142yszeli\u015bmy na sali s\u0105dowej?<\/strong><\/p>\n\n\n\n<p>&#8211; Zgadza si\u0119. To jest zak\u0142ad, co podnoszono na sprawie, bardzo wa\u017cny z punktu widzenia obronno\u015bci, bo to s\u0105 materia\u0142y wybuchowe. Jak wiemy, dzia\u0142alno\u015b\u0107 tego typu jest koncesjonowana. Odbywa si\u0119 to pod nadzorem Ministerstwa Spraw Wewn\u0119trznych i Administracji i to jest pytanie do ministerstwa, w jaki spos\u00f3b ten nadz\u00f3r jest prowadzony, \u017ce w\u0142a\u015bciwie nie jest prowadzony.<\/p>\n\n\n\n<blockquote class=\"wp-block-quote is-layout-flow wp-block-quote-is-layout-flow\"><p><\/p><cite>Nie chce si\u0119 wierzy\u0107, \u017ce tak ra\u017c\u0105ce nieprawid\u0142owo\u015bci nie by\u0142yby wcze\u015bniej wykryte przy prawid\u0142owym nadzorze i kontroli. I dopiero wybuch spowodowa\u0142, \u017ce organy pa\u0144stwowe podj\u0119\u0142y dzia\u0142ania i wykaza\u0142y, \u017ce w tym zak\u0142adzie jest stworzone niebezpiecze\u0144stwo dla og\u00f3\u0142u, a nie tylko dla pracownik\u00f3w.<\/cite><\/blockquote>\n\n\n\n<p>Prosz\u0119 zwr\u00f3ci\u0107 uwag\u0119, \u017ce wybuch\u0142a tylko cz\u0119\u015b\u0107 materia\u0142\u00f3w.<\/p>\n\n\n\n<p><strong>Co najbardziej poruszy\u0142o pana w tym, co pan us\u0142ysza\u0142 na sali?<\/strong><\/p>\n\n\n\n<p>\u2013 To, \u017ce ka\u017cdy z oskar\u017conych zrzuca\u0142 win\u0119 na innego. Dla nas to te\u017c stanowi wyraz tego, co m\u00f3wi\u0142 s\u0105d, \u017ce tam nikt nie poczuwa\u0142 si\u0119 do odpowiedzialno\u015bci. Wszyscy m\u00f3wili: \u201eto nie ja&#8221;. Nikt nie odpowiada\u0142 za bezpiecze\u0144stwo w zak\u0142adzie. Niestety, tak si\u0119 dzieje cz\u0119sto, \u017ce gdy co\u015b tragicznego si\u0119 wydarzy, nagle si\u0119 okazuje, \u017ce winnych nie ma. S\u0105d uzna\u0142 jednak inaczej. Z post\u0119powania dowodowego wynika jednoznacznie, \u017ce by\u0142y ra\u017c\u0105ce zaniedbania. To nie jest tak, \u017ce nikt za to nie odpowiada.<\/p>\n\n\n\n<p><strong>Ale by dosta\u0107 koncesj\u0119, trzeba spe\u0142nia\u0107 jakie\u015b normy?<\/strong><\/p>\n\n\n\n<p>\u2013 Oczywi\u015bcie. By dosta\u0107 tak\u0105 koncesj\u0119 na produkcj\u0119 prochu, kt\u00f3ra najcz\u0119\u015bciej trafia do wojska, trzeba spe\u0142ni\u0107 szereg warunk\u00f3w. Wydawa\u0142oby si\u0119, \u017ce taki zak\u0142ad, kt\u00f3ry produkuje materia\u0142y wybuchowe, powinien by\u0107 regularnie sprawdzany i spe\u0142nianie warunk\u00f3w powinno by\u0107 weryfikowane na bie\u017c\u0105co. Przy tak ra\u017c\u0105cym szeregu nieprawid\u0142owo\u015bci wydaje si\u0119 niemo\u017cliwe, by nikt tego nie zauwa\u017cy\u0142. Wi\u0119c najwyra\u017aniej nikt tego nie kontrolowa\u0142.<\/p>\n\n\n\n<p><strong>Szefem produkcji by\u0142 tam\u2026 ochroniarz.<\/strong><\/p>\n\n\n\n<p>&#8211; S\u0105d okr\u0119gowy podkre\u015bli\u0142, \u017ce trzeba mie\u0107 du\u017c\u0105 fantazj\u0119, by z ochrony p\u00f3j\u015b\u0107 na kierownika specjalistycznego zak\u0142adu. Tego typu dzia\u0142alno\u015b\u0107, szczeg\u00f3lnie tak niebezpieczna, bo m\u00f3wimy o produkcji materia\u0142\u00f3w wybuchowych, powinna by\u0107 pod specjalnym nadzorem nie tylko ministerstwa, ale te\u017c w samym zak\u0142adzie powinny pracowa\u0107 osoby przeszkolone, wyedukowane i powinna by\u0107 nad tym pe\u0142na kontrola.<\/p>\n\n\n\n<p>Tymczasem na sali rozpraw us\u0142yszeli\u015bmy przecie\u017c o panu \u2013 na co zwr\u00f3ci\u0142 uwag\u0119 s\u0105d &#8211; kt\u00f3ry sobie odbiera\u0142 telefon przy produkcji prochu, tam, gdzie jest ca\u0142kowity zakaz w og\u00f3le wnoszenia telefon\u00f3w, zegark\u00f3w, czegokolwiek, co mog\u0142oby spowodowa\u0107 iskr\u0119 lub napi\u0119cie elektryczne.<\/p>\n\n\n\n<p><strong>Tam powinna si\u0119 odby\u0107 kompleksowa kontrola.<\/strong><\/p>\n\n\n\n<p>&#8211; To kolejne pytanie, jakie powinno by\u0107 zadane do ministerstwa: co w tej sprawie zosta\u0142o zrobione? I w \u015bwietle ustale\u0144 S\u0105du Okr\u0119gowego w \u015awidnicy, bazuj\u0105cego szczeg\u00f3lnie na opiniach bieg\u0142ych, powstaje pytanie, czy nie powinno si\u0119 zweryfikowa\u0107 przyznanej koncesji i czy ten zak\u0142ad na pewno powinien nadal j\u0105 mie\u0107.<\/p>\n\n\n\n<p><strong>A spos\u00f3b traktowania pracownik\u00f3w?<\/strong><\/p>\n\n\n\n<p>&#8211; Z ca\u0142ego materia\u0142u sprawy wy\u0142ania si\u0119 obraz: maksymalizacja zysk\u00f3w i minimalizacja wydatk\u00f3w. Umowy na p\u0142ac\u0119 minimaln\u0105, reszta to jest premia, kt\u00f3ra w kontek\u015bcie ca\u0142ych zysk\u00f3w jest niewielka. A przecie\u017c to osoby na produkcji bra\u0142y na siebie najwi\u0119kszy ci\u0119\u017car tego, by te zyski wytwarza\u0107. I ca\u0142e ryzyko. Tego ryzyka nie ponosi\u0142 prezes, kierownik, BHP-owiec czy inne osoby z kierownictwa, ale w\u0142a\u015bnie ci ludzie na pierwszej linii. I dwoje z nich ponios\u0142o \u015bmier\u0107.<\/p>\n\n\n\n<p>wyborcza.pl<\/p>\n","protected":false},"excerpt":{"rendered":"<p>Wydawa\u0142oby si\u0119, \u017ce zak\u0142ad, kt\u00f3ry produkuje materia\u0142y wybuchowe dla wojska, powinien by\u0107 regularnie sprawdzany i spe\u0142nianie warunk\u00f3w powinno by\u0107 weryfikowane na bie\u017c\u0105co. Ale najwyra\u017aniej nikogo to nie interesowa\u0142o, \u017ce fabryka prochu jest niebezpieczna &#8211; i dla pracownik\u00f3w, i dla og\u00f3\u0142u &#8211; m\u00f3wi radca prawny Piotr Kapusta, reprezentuj\u0105cy poszkodowanych w wybuchu. Do tragedii dosz\u0142o 17 maja [&hellip;]<\/p>\n","protected":false},"author":2,"featured_media":0,"comment_status":"open","ping_status":"open","sticky":false,"template":"","format":"standard","meta":{"footnotes":""},"categories":[8],"tags":[11,12,13],"class_list":["post-3568","post","type-post","status-publish","format-standard","hentry","category-aktualnosci","tag-marshal","tag-odszkodowanie","tag-zadoscuczynienie"],"_links":{"self":[{"href":"https:\/\/www.odszkodowania.info.pl\/index.php?rest_route=\/wp\/v2\/posts\/3568","targetHints":{"allow":["GET"]}}],"collection":[{"href":"https:\/\/www.odszkodowania.info.pl\/index.php?rest_route=\/wp\/v2\/posts"}],"about":[{"href":"https:\/\/www.odszkodowania.info.pl\/index.php?rest_route=\/wp\/v2\/types\/post"}],"author":[{"embeddable":true,"href":"https:\/\/www.odszkodowania.info.pl\/index.php?rest_route=\/wp\/v2\/users\/2"}],"replies":[{"embeddable":true,"href":"https:\/\/www.odszkodowania.info.pl\/index.php?rest_route=%2Fwp%2Fv2%2Fcomments&post=3568"}],"version-history":[{"count":1,"href":"https:\/\/www.odszkodowania.info.pl\/index.php?rest_route=\/wp\/v2\/posts\/3568\/revisions"}],"predecessor-version":[{"id":3569,"href":"https:\/\/www.odszkodowania.info.pl\/index.php?rest_route=\/wp\/v2\/posts\/3568\/revisions\/3569"}],"wp:attachment":[{"href":"https:\/\/www.odszkodowania.info.pl\/index.php?rest_route=%2Fwp%2Fv2%2Fmedia&parent=3568"}],"wp:term":[{"taxonomy":"category","embeddable":true,"href":"https:\/\/www.odszkodowania.info.pl\/index.php?rest_route=%2Fwp%2Fv2%2Fcategories&post=3568"},{"taxonomy":"post_tag","embeddable":true,"href":"https:\/\/www.odszkodowania.info.pl\/index.php?rest_route=%2Fwp%2Fv2%2Ftags&post=3568"}],"curies":[{"name":"wp","href":"https:\/\/api.w.org\/{rel}","templated":true}]}}