{"id":3575,"date":"2022-10-07T11:45:38","date_gmt":"2022-10-07T10:45:38","guid":{"rendered":"https:\/\/www.odszkodowania.info.pl\/?p=3575"},"modified":"2022-10-07T11:45:39","modified_gmt":"2022-10-07T10:45:39","slug":"sad-biskupi-uniewinnil-ksiedza-pedofila-ofiara-domagala-sie-odszkodowania-jest-wyrok","status":"publish","type":"post","link":"https:\/\/www.odszkodowania.info.pl\/?p=3575","title":{"rendered":"S\u0105d biskupi uniewinni\u0142 ksi\u0119dza pedofila, ofiara domaga\u0142a si\u0119 odszkodowania. Jest wyrok"},"content":{"rendered":"\n<p>Mariusz Milewski, ofiara ksi\u0119dza Jaros\u0142awa P. &#8211; skazanego prawomocnie za wielokrotne wykorzystanie seksualne m\u0119\u017cczyzny, gdy ten by\u0142 jeszcze dzieckiem &#8211; wytoczy\u0142 proces Kurii Diecezjalnej w Toruniu. Chcia\u0142 miliona z\u0142otych zado\u015b\u0107uczynienia za swoje krzywdy. S\u0105d przyzna\u0142 mu 600 tysi\u0119cy z\u0142otych. Wcze\u015bniej s\u0105d biskupi w swoim post\u0119powaniu traktowa\u0142 go jako &#8222;wsp\u00f3lnika w grzechu cudzo\u0142\u00f3stwa&#8221;, a nast\u0119pnie ksi\u0119dza P. uniewinni\u0142, uznaj\u0105c, \u017ce Milewski k\u0142amie dla pieni\u0119dzy.<\/p>\n\n\n\n<p>Przed S\u0105dem Okr\u0119gowym w Toruniu zapad\u0142 wyrok w sprawie Mariusza Milewskiego, kt\u00f3ry domaga\u0142 si\u0119 miliona z\u0142otych zado\u015b\u0107uczynienia od Kurii Diecezjalnej w Toruniu za to, \u017ce &#8211; jako ministrant &#8211; by\u0142 przez lata wykorzystywany seksualnie przez proboszcza w parafii \u015bw. Jakuba w Ostrowitem w wojew\u00f3dztwie warmi\u0144sko-mazurskim.<\/p>\n\n\n\n<p>S\u0105d zgodzi\u0142 si\u0119 z pozwem Milewskiego, ale przyzna\u0142 mu 600 tysi\u0119cy z\u0142otych. Wyrok jest nieprawomocny.<\/p>\n\n\n\n<p><strong>Mariusz Milewski: to sygna\u0142 dla innych ofiar, \u017ceby walczy\u0107 o sprawiedliwo\u015b\u0107<\/strong><\/p>\n\n\n\n<p>&#8211; Droga by\u0142a bardzo kr\u0119ta i wyboista. Dziesi\u0119\u0107 lat wyj\u0119te z \u017cycia. Przede wszystkim przyznanie przed samym sob\u0105, co si\u0119 sta\u0142o, potem opowiedzenie tego wszystkiego i walka o sprawiedliwo\u015b\u0107. Gdybym mia\u0142 jeszcze raz t\u0119 drog\u0119 przechodzi\u0107, to podejrzewam, \u017ce psychicznie nie da\u0142bym rady. To bardzo ci\u0119\u017cka, traumatyczna droga &#8211; m\u00f3wi\u0142 Milewski jeszcze przed rozpraw\u0105. &#8211; To te\u017c sygna\u0142 dla innych ofiar, \u017ceby walczy\u0107 o sprawiedliwo\u015b\u0107, cho\u0107 trwa to bardzo d\u0142ugo. Jest to sygna\u0142, \u017ce ofiary maj\u0105 g\u0142os. Jest mi du\u017co l\u017cej &#8211; doda\u0142 ju\u017c po og\u0142oszeniu wyroku.<\/p>\n\n\n\n<p>Do wyroku S\u0105du Okr\u0119gowego w Toruniu odni\u00f3s\u0142 si\u0119 tak\u017ce rzecznik Kurii Diecezjalnej Toru\u0144skiej ksi\u0105dz Pawe\u0142 Borowski. &#8222;W sprawie o zado\u015b\u0107uczynienie p. Mariuszowi Milewskiemu za krzywd\u0119 wykorzystania seksualnego przez duchownego diecezji toru\u0144skiej informuj\u0119, \u017ce biskup toru\u0144ski szanuje wyrok s\u0105du w tej sprawie. O\u015bwiadczam, \u017ce dzia\u0142ania pe\u0142nomocnika diecezji toru\u0144skiej podejmowane w ramach rozprawy s\u0105dowej mia\u0142y na celu wyja\u015bnienie wszystkich okoliczno\u015bci sprawy&#8221; &#8211; napisa\u0142 w o\u015bwiadczeniu zamieszczonym na stronie internetowej diecezji.<\/p>\n\n\n\n<p><strong>Uczy\u0142 religii, wzbudza\u0142 zaufanie<\/strong><\/p>\n\n\n\n<p>Proces odbywa\u0142 si\u0119 z wy\u0142\u0105czeniem jawno\u015bci, ale z wcze\u015bniejszego stanowiska kurii wynika\u0142o, \u017ce ta nie chcia\u0142a p\u0142aci\u0107 odszkodowania, bo nie poczuwa\u0142a si\u0119 do odpowiedzialno\u015bci za indywidualne czyny ksi\u0119dza. Ofiara molestowania uwa\u017ca, \u017ce kuria za wszelk\u0105 cen\u0119 stara\u0142a si\u0119 spraw\u0119 zatuszowa\u0107, a ksi\u0105dz P. mimo ci\u0105\u017c\u0105cych na nim oskar\u017ce\u0144 wci\u0105\u017c pe\u0142ni\u0142 pos\u0142ug\u0119 i przebywa\u0142 w pobli\u017cu dzieci.<\/p>\n\n\n\n<p>Mariusz Milewski po raz pierwszy publicznie opowiedzia\u0142 swoj\u0105 histori\u0119 Marii Miko\u0142ajewskiej z magazynu &#8222;Polska i \u015awiat&#8221;. Ksi\u0119dza P. pozna\u0142 w szkole podstawowej w Ward\u0119gowie, gdzie ten uczy\u0142 religii. Wzbudza\u0142 zaufanie. Po komunii Mariusz zosta\u0142 ministrantem. Wtedy ksi\u0105dz zacz\u0105\u0142 zaprasza\u0107 go na parafi\u0119 i wykorzystywa\u0107 seksualnie. Proceder trwa\u0142 wiele lat.<\/p>\n\n\n\n<p><strong>Uznali, \u017ce k\u0142ama\u0142 dla pieni\u0119dzy<\/strong><\/p>\n\n\n\n<p>Gdy ofiara sko\u0144czy\u0142a 21 lat &#8211; w 2012 roku, wreszcie zdecydowa\u0142a si\u0119 opowiedzie\u0107, co si\u0119 sta\u0142o. O dziewi\u0119ciu latach molestowania, jakiego dopu\u015bci\u0142 si\u0119 ksi\u0105dz Jaros\u0142aw P., powiedzia\u0142 biskupowi toru\u0144skiemu Andrzejowi Suskiemu, kt\u00f3rego zna\u0142 przez ksi\u0119dza P. Proces duchownego przed s\u0105dem ko\u015bcielnym rozpocz\u0105\u0142 si\u0119 kilka miesi\u0119cy po tym. Trwa\u0142 trzy lata. Ksi\u0105dz zosta\u0142 uniewinniony, bo uznano, \u017ce m\u0119\u017cczyzna k\u0142amie dla uzyskania korzy\u015bci finansowych. Zreszt\u0105 od pocz\u0105tku, w trakcie procesu ko\u015bcielnego, traktowany by\u0142 nie jako ofiara, a &#8222;wsp\u00f3lnik w grzechu cudzo\u0142\u00f3stwa&#8221;.<\/p>\n\n\n\n<p>Zupe\u0142nie inaczej uzna\u0142 jednak \u015bwiecki wymiar sprawiedliwo\u015bci. W listopadzie 2016 roku S\u0105d Rejonowy w Nowym Mie\u015bcie Lubawskim uzna\u0142 ksi\u0119dza Jaros\u0142awa P. za winnego molestowania seksualnego i skaza\u0142 go na trzy lata wi\u0119zienia. W czerwcu 2017 roku S\u0105d Okr\u0119gowy w Elbl\u0105gu podtrzyma\u0142 wyrok pierwszej instancji.<\/p>\n\n\n\n<p>W lutym 2019 roku S\u0105d Najwy\u017cszy odrzuci\u0142 z\u0142o\u017cony przez sprawc\u0119 wniosek o kasacj\u0119. Ksi\u0105dz P. odsiedzia\u0142 ca\u0142y wyrok, wyszed\u0142 na wolno\u015b\u0107 i niedawno zmar\u0142.<\/p>\n\n\n\n<p>W 2019 roku Stolica Apostolska wydali\u0142a Jaros\u0142awa P. ze stanu duchownego.<\/p>\n\n\n\n<p>tvn24.pl<\/p>\n","protected":false},"excerpt":{"rendered":"<p>Mariusz Milewski, ofiara ksi\u0119dza Jaros\u0142awa P. &#8211; skazanego prawomocnie za wielokrotne wykorzystanie seksualne m\u0119\u017cczyzny, gdy ten by\u0142 jeszcze dzieckiem &#8211; wytoczy\u0142 proces Kurii Diecezjalnej w Toruniu. Chcia\u0142 miliona z\u0142otych zado\u015b\u0107uczynienia za swoje krzywdy. S\u0105d przyzna\u0142 mu 600 tysi\u0119cy z\u0142otych. Wcze\u015bniej s\u0105d biskupi w swoim post\u0119powaniu traktowa\u0142 go jako &#8222;wsp\u00f3lnika w grzechu cudzo\u0142\u00f3stwa&#8221;, a nast\u0119pnie ksi\u0119dza [&hellip;]<\/p>\n","protected":false},"author":2,"featured_media":0,"comment_status":"open","ping_status":"open","sticky":false,"template":"","format":"standard","meta":{"footnotes":""},"categories":[8],"tags":[12,13],"class_list":["post-3575","post","type-post","status-publish","format-standard","hentry","category-aktualnosci","tag-odszkodowanie","tag-zadoscuczynienie"],"_links":{"self":[{"href":"https:\/\/www.odszkodowania.info.pl\/index.php?rest_route=\/wp\/v2\/posts\/3575","targetHints":{"allow":["GET"]}}],"collection":[{"href":"https:\/\/www.odszkodowania.info.pl\/index.php?rest_route=\/wp\/v2\/posts"}],"about":[{"href":"https:\/\/www.odszkodowania.info.pl\/index.php?rest_route=\/wp\/v2\/types\/post"}],"author":[{"embeddable":true,"href":"https:\/\/www.odszkodowania.info.pl\/index.php?rest_route=\/wp\/v2\/users\/2"}],"replies":[{"embeddable":true,"href":"https:\/\/www.odszkodowania.info.pl\/index.php?rest_route=%2Fwp%2Fv2%2Fcomments&post=3575"}],"version-history":[{"count":1,"href":"https:\/\/www.odszkodowania.info.pl\/index.php?rest_route=\/wp\/v2\/posts\/3575\/revisions"}],"predecessor-version":[{"id":3576,"href":"https:\/\/www.odszkodowania.info.pl\/index.php?rest_route=\/wp\/v2\/posts\/3575\/revisions\/3576"}],"wp:attachment":[{"href":"https:\/\/www.odszkodowania.info.pl\/index.php?rest_route=%2Fwp%2Fv2%2Fmedia&parent=3575"}],"wp:term":[{"taxonomy":"category","embeddable":true,"href":"https:\/\/www.odszkodowania.info.pl\/index.php?rest_route=%2Fwp%2Fv2%2Fcategories&post=3575"},{"taxonomy":"post_tag","embeddable":true,"href":"https:\/\/www.odszkodowania.info.pl\/index.php?rest_route=%2Fwp%2Fv2%2Ftags&post=3575"}],"curies":[{"name":"wp","href":"https:\/\/api.w.org\/{rel}","templated":true}]}}