{"id":3580,"date":"2022-10-08T21:06:34","date_gmt":"2022-10-08T20:06:34","guid":{"rendered":"https:\/\/www.odszkodowania.info.pl\/?p=3580"},"modified":"2022-10-08T21:06:35","modified_gmt":"2022-10-08T20:06:35","slug":"kobieta-oskarzala-biskupa-o-molestowanie-arcybiskup-jedraszewski-wyplacil-odszkodowanie","status":"publish","type":"post","link":"https:\/\/www.odszkodowania.info.pl\/?p=3580","title":{"rendered":"Kobieta oskar\u017ca\u0142a biskupa o molestowanie. Arcybiskup J\u0119draszewski wyp\u0142aci\u0142 odszkodowanie"},"content":{"rendered":"\n<p>Krakowska kuria zawar\u0142a przeds\u0105dow\u0105 ugod\u0119 z kobiet\u0105, kt\u00f3ra ponad dwa lata temu oskar\u017cy\u0142a biskupa Jana Szkodonia o molestowanie seksualnie \u2014 dowiedzia\u0142 si\u0119 Onet. Tym samym abp Marek J\u0119draszewski zgodzi\u0142 si\u0119 na wyp\u0142at\u0119 finansowego odszkodowania pokrzywdzonej. Przypomnijmy, \u017ce wcze\u015bniej kwesti\u0119 oskar\u017ce\u0144 wobec bp. Szkodonia bada\u0142 Watykan, kt\u00f3ry stwierdzi\u0142 &#8222;nierozwa\u017cne zachowanie biskupa wobec nieletniej&#8221;, ale uzna\u0142, \u017ce jego wina &#8222;nie zosta\u0142a udowodniona&#8221;.<\/p>\n\n\n\n<p>Monika (imi\u0119 zmienione), kt\u00f3ra w lutym 2020 r. publicznie na \u0142amach &#8222;Gazety Wyborczej&#8221; oskar\u017cy\u0142a \u00f3wczesnego krakowskiego biskupa pomocniczego Jana Szkodonia, jeszcze w ubieg\u0142ym roku skierowa\u0142a przeciwko ca\u0142ej diecezji pozew cywilny. Jak dowiaduje si\u0119 Onet, sprawa ta formalnie zosta\u0142a zako\u0144czona pod koniec sierpnia br. Informacj\u0119 o wp\u0142yni\u0119ciu takiej sprawy oraz jej umorzeniu z powodu wycofania pozwu potwierdzili\u015bmy w Wydziale Cywilnym S\u0105du Okr\u0119gowego w Krakowie.<\/p>\n\n\n\n<p>Z naszych ustale\u0144 wynika tak\u017ce, \u017ce krakowska kuria, reprezentowana przez dwie presti\u017cowe kancelarie prawnicze, zdecydowa\u0142a si\u0119 zawrze\u0107 z pokrzywdzon\u0105 przeds\u0105dow\u0105 ugod\u0119, cho\u0107 pocz\u0105tkowo abp J\u0119draszewski mia\u0142 by\u0107 temu przeciwny.<\/p>\n\n\n\n<p><strong>Kobieta oskar\u017ca\u0142a biskupa o molestowanie. Arcybiskup J\u0119draszewski wyp\u0142aci\u0142 odszkodowanie<\/strong><\/p>\n\n\n\n<p>Jak donosz\u0105 nasze \u017ar\u00f3d\u0142a zbli\u017cone do kurii, abp Marek J\u0119draszewski, kt\u00f3ry stoi na czele krakowskiego Ko\u015bcio\u0142a, musia\u0142 uzna\u0107 krzywd\u0119 kobiety, poniewa\u017c wyrazi\u0142 zgod\u0119 na wyp\u0142acenie jej kwoty kilkuset tys. z\u0142 zado\u015b\u0107uczynienia. Tym samym strony unikn\u0119\u0142y d\u0142ugiego procesu cywilnego, w kt\u00f3rym najpewniej zosta\u0142by przes\u0142uchany emerytowany ju\u017c dzi\u015b bp Jan Szkodo\u0144, a mo\u017ce r\u00f3wnie\u017c obecny metropolita krakowski.<\/p>\n\n\n\n<p>Wcze\u015bniej, w po\u0142owie 2019 r., sprawa do prokuratury, kt\u00f3ra wszcz\u0119\u0142a \u015bledztwo i powo\u0142a\u0142a bieg\u0142ych. Ci z kolei potwierdzili autentyczno\u015b\u0107 zezna\u0144 z\u0142o\u017conych przez poszkodowan\u0105. Prokuratura jednak po kilku miesi\u0105cach umorzy\u0142a \u015bledztwo &#8222;ze wzgl\u0119du na przedawnienie karalno\u015bci czynu&#8221;.<\/p>\n\n\n\n<p>Pr\u00f3bowali\u015bmy o sprawie porozmawia\u0107 z pani\u0105 Monik\u0105 oraz jej prawnikami, kt\u00f3rzy reprezentowali j\u0105 w s\u0105dzie, ale odm\u00f3wili komentarza. Z naszych informacji wynika, \u017ce ugoda zawarta mi\u0119dzy pokrzywdzon\u0105 a kuri\u0105 mo\u017ce zawiera\u0107 klauzul\u0119 poufno\u015bci. Komentarza odm\u00f3wi\u0142 nam te\u017c bp Jan Szkodo\u0144, t\u0142umacz\u0105c, \u017ce na ten temat nie chce rozmawia\u0107.<\/p>\n\n\n\n<p>O komentarz poprosili\u015bmy ks. Tadeusza Isakowicza-Zaleskiego, kt\u00f3ry od lat pomaga pokrzywdzonym w Ko\u015bciele. \u2014 Zawsze w takich sytuacjach jest pytanie o to, kto za to zap\u0142aci. Wed\u0142ug mnie powinien z w\u0142asnych pieni\u0119dzy zap\u0142aci\u0107 bp Jan Szkodo\u0144 \u2014 uwa\u017ca. \u2014 Sprawca nie powinien obci\u0105\u017ca\u0107 Ko\u015bcio\u0142a, tylko powinien zap\u0142aci\u0107 sam, jak ka\u017cdy w takich przypadkach. Tutaj r\u00f3wnie\u017c nale\u017cy przypomnie\u0107, \u017ce przecie\u017c niedawno abp J\u0119draszewski wprowadzi\u0142 nowy podatek. Teoretycznie pieni\u0105dze z tego podatku maj\u0105 trafi\u0107 do parafii, kt\u00f3re maj\u0105 problemy finansowe. Mam nadziej\u0119, \u017ce nie b\u0119dzie to fundusz, z kt\u00f3rego Ko\u015bci\u00f3\u0142 b\u0119dzie p\u0142aci\u0142 za swoje b\u0142\u0119dy \u2014 ocenia krakowski duchowny.<\/p>\n\n\n\n<p><strong>Z\u0142y dotyk biskupa z Krakowa. Ko\u015bci\u00f3\u0142 nie widzi winy<\/strong><\/p>\n\n\n\n<p>Przypomnijmy, \u017ce z tekstu &#8222;Gazety Wyborczej&#8221; wynika\u0142o, \u017ce biskup od 1998 r. robi\u0142 wszystko by zbli\u017cy\u0107 si\u0119 do pokrzywdzonej dziewczyny i jej rodziny. Powszechnie szanowany biskup z Krakowa mia\u0142 wydzwania\u0107 do 15-letniej Moniki w nocy, zaprasza\u0107 j\u0105 wielokrotnie do swojej prywatnej rezydencji, rozbiera\u0107 si\u0119 przed ni\u0105, dotyka\u0107 j\u0105 w miejsca intymne i ca\u0142owa\u0107.<\/p>\n\n\n\n<p>\u2013 Pod koniec liceum mia\u0142am ju\u017c wi\u0119cej odwagi, by unika\u0107 z nim kontakt\u00f3w. Dzwoni\u0142, \u017cebym przyjecha\u0142a i postawi\u0142a mu ba\u0144ki, bo jest chory [\u2026] Ubiera\u0142am si\u0119 w ciasne golfy, \u017ceby nie rozpina\u0142 mi bluzki. Zas\u0142ania\u0142am uszy, kiedy chcia\u0142 je gry\u017a\u0107. Ca\u0142y czas, od pocz\u0105tku, zaciska\u0142am wargi, kiedy pr\u00f3bowa\u0142 mi w\u0142o\u017cy\u0107 j\u0119zyk w usta. Trwa\u0142o to do pierwszego roku studi\u00f3w \u2013 opowiada\u0142a bohaterka reporta\u017cu &#8222;Z\u0142y dotyk biskupa z Krakowa&#8221;.<\/p>\n\n\n\n<p>Krzywda kobiety zosta\u0142a zg\u0142oszona tak\u017ce do Stolicy Apostolskiej. W po\u0142owie 2019 r. papie\u017c Franciszek ustanowi\u0142 sw\u00f3j list apostolski motu proprio &#8222;Vos estis lux mundi&#8221;, wed\u0142ug kt\u00f3rego odpowiedzialno\u015b\u0107 za wykorzystywanie nieletnich w Ko\u015bciele spoczywa nie tylko na pedofilach, ale r\u00f3wnie\u017c ich prze\u0142o\u017conych, kt\u00f3rzy dopuszczali si\u0119 krycia tych przest\u0119pstw.<\/p>\n\n\n\n<p>onet.pl<\/p>\n","protected":false},"excerpt":{"rendered":"<p>Krakowska kuria zawar\u0142a przeds\u0105dow\u0105 ugod\u0119 z kobiet\u0105, kt\u00f3ra ponad dwa lata temu oskar\u017cy\u0142a biskupa Jana Szkodonia o molestowanie seksualnie \u2014 dowiedzia\u0142 si\u0119 Onet. Tym samym abp Marek J\u0119draszewski zgodzi\u0142 si\u0119 na wyp\u0142at\u0119 finansowego odszkodowania pokrzywdzonej. Przypomnijmy, \u017ce wcze\u015bniej kwesti\u0119 oskar\u017ce\u0144 wobec bp. Szkodonia bada\u0142 Watykan, kt\u00f3ry stwierdzi\u0142 &#8222;nierozwa\u017cne zachowanie biskupa wobec nieletniej&#8221;, ale uzna\u0142, \u017ce [&hellip;]<\/p>\n","protected":false},"author":2,"featured_media":0,"comment_status":"open","ping_status":"open","sticky":false,"template":"","format":"standard","meta":{"footnotes":""},"categories":[8],"tags":[12,13],"class_list":["post-3580","post","type-post","status-publish","format-standard","hentry","category-aktualnosci","tag-odszkodowanie","tag-zadoscuczynienie"],"_links":{"self":[{"href":"https:\/\/www.odszkodowania.info.pl\/index.php?rest_route=\/wp\/v2\/posts\/3580","targetHints":{"allow":["GET"]}}],"collection":[{"href":"https:\/\/www.odszkodowania.info.pl\/index.php?rest_route=\/wp\/v2\/posts"}],"about":[{"href":"https:\/\/www.odszkodowania.info.pl\/index.php?rest_route=\/wp\/v2\/types\/post"}],"author":[{"embeddable":true,"href":"https:\/\/www.odszkodowania.info.pl\/index.php?rest_route=\/wp\/v2\/users\/2"}],"replies":[{"embeddable":true,"href":"https:\/\/www.odszkodowania.info.pl\/index.php?rest_route=%2Fwp%2Fv2%2Fcomments&post=3580"}],"version-history":[{"count":1,"href":"https:\/\/www.odszkodowania.info.pl\/index.php?rest_route=\/wp\/v2\/posts\/3580\/revisions"}],"predecessor-version":[{"id":3581,"href":"https:\/\/www.odszkodowania.info.pl\/index.php?rest_route=\/wp\/v2\/posts\/3580\/revisions\/3581"}],"wp:attachment":[{"href":"https:\/\/www.odszkodowania.info.pl\/index.php?rest_route=%2Fwp%2Fv2%2Fmedia&parent=3580"}],"wp:term":[{"taxonomy":"category","embeddable":true,"href":"https:\/\/www.odszkodowania.info.pl\/index.php?rest_route=%2Fwp%2Fv2%2Fcategories&post=3580"},{"taxonomy":"post_tag","embeddable":true,"href":"https:\/\/www.odszkodowania.info.pl\/index.php?rest_route=%2Fwp%2Fv2%2Ftags&post=3580"}],"curies":[{"name":"wp","href":"https:\/\/api.w.org\/{rel}","templated":true}]}}