{"id":3592,"date":"2022-10-21T17:02:04","date_gmt":"2022-10-21T16:02:04","guid":{"rendered":"https:\/\/www.odszkodowania.info.pl\/?p=3592"},"modified":"2022-10-21T17:02:06","modified_gmt":"2022-10-21T16:02:06","slug":"konferencja-prasowa-pt-czy-w-polsce-mamy-piramide-finansowa-w-ktorej-poszkodowanymi-sa-ofiary-wypadkow-drogowych","status":"publish","type":"post","link":"https:\/\/www.odszkodowania.info.pl\/?p=3592","title":{"rendered":"Konferencja prasowa pt. \u201eCzy w Polsce mamy piramid\u0119 finansow\u0105, w kt\u00f3rej poszkodowanymi s\u0105\u2026 ofiary wypadk\u00f3w drogowych?\u201d"},"content":{"rendered":"\n<p>Konferencja prasowa pt. \u201eCzy w Polsce mamy piramid\u0119 finansow\u0105, w kt\u00f3rej poszkodowanymi s\u0105\u2026 ofiary wypadk\u00f3w drogowych?\u201d z udzia\u0142em przewodnicz\u0105cego Komisji Ustawodawczej Krzysztof Kwiatkowski.<br>W konferencji wzi\u0119li udzia\u0142 tak\u017ce przedstawiciel Alter Ego Stowarzyszenia Pomocy Poszkodowanym w Wypadkach Drogowych Janusz Popiel, poszkodowany w wypadku \u0141ukasz Gru\u017alewski oraz mecenas Marta Zakrzewska, specjalistka z zakresu spraw odszkodowawczych ofiar wypadk\u00f3w komunikacyjnych.<\/p>\n\n\n\n<p>Ogl\u0105damy i troch\u0119 przecieramy oczy z niedowierzania. A jak wy oceniacie konferencj\u0119?<\/p>\n\n\n\n<figure class=\"wp-block-embed is-type-video is-provider-youtube wp-block-embed-youtube wp-embed-aspect-16-9 wp-has-aspect-ratio\"><div class=\"wp-block-embed__wrapper\">\n<iframe title=\"Konferencja prasowa Senat RP dnia 21 pa\u017adziernika 2022 w sprawie afery EuCO z Legnicy\" width=\"800\" height=\"450\" src=\"https:\/\/www.youtube.com\/embed\/eIPxKsQaAVo?feature=oembed\" frameborder=\"0\" allow=\"accelerometer; autoplay; clipboard-write; encrypted-media; gyroscope; picture-in-picture\" allowfullscreen><\/iframe>\n<\/div><figcaption>Konferencja prasowa Senat RP &#8211; 21 pa\u017adziernika 2022<\/figcaption><\/figure>\n","protected":false},"excerpt":{"rendered":"<p>Konferencja prasowa pt. \u201eCzy w Polsce mamy piramid\u0119 finansow\u0105, w kt\u00f3rej poszkodowanymi s\u0105\u2026 ofiary wypadk\u00f3w drogowych?\u201d z udzia\u0142em przewodnicz\u0105cego Komisji Ustawodawczej Krzysztof Kwiatkowski.W konferencji wzi\u0119li udzia\u0142 tak\u017ce przedstawiciel Alter Ego Stowarzyszenia Pomocy Poszkodowanym w Wypadkach Drogowych Janusz Popiel, poszkodowany w wypadku \u0141ukasz Gru\u017alewski oraz mecenas Marta Zakrzewska, specjalistka z zakresu spraw odszkodowawczych ofiar wypadk\u00f3w komunikacyjnych. [&hellip;]<\/p>\n","protected":false},"author":2,"featured_media":0,"comment_status":"open","ping_status":"open","sticky":false,"template":"","format":"standard","meta":{"footnotes":""},"categories":[8,45],"tags":[75,12,199,13],"class_list":["post-3592","post","type-post","status-publish","format-standard","hentry","category-aktualnosci","category-artykul-glowny","tag-euco","tag-odszkodowanie","tag-senat","tag-zadoscuczynienie"],"_links":{"self":[{"href":"https:\/\/www.odszkodowania.info.pl\/index.php?rest_route=\/wp\/v2\/posts\/3592","targetHints":{"allow":["GET"]}}],"collection":[{"href":"https:\/\/www.odszkodowania.info.pl\/index.php?rest_route=\/wp\/v2\/posts"}],"about":[{"href":"https:\/\/www.odszkodowania.info.pl\/index.php?rest_route=\/wp\/v2\/types\/post"}],"author":[{"embeddable":true,"href":"https:\/\/www.odszkodowania.info.pl\/index.php?rest_route=\/wp\/v2\/users\/2"}],"replies":[{"embeddable":true,"href":"https:\/\/www.odszkodowania.info.pl\/index.php?rest_route=%2Fwp%2Fv2%2Fcomments&post=3592"}],"version-history":[{"count":1,"href":"https:\/\/www.odszkodowania.info.pl\/index.php?rest_route=\/wp\/v2\/posts\/3592\/revisions"}],"predecessor-version":[{"id":3593,"href":"https:\/\/www.odszkodowania.info.pl\/index.php?rest_route=\/wp\/v2\/posts\/3592\/revisions\/3593"}],"wp:attachment":[{"href":"https:\/\/www.odszkodowania.info.pl\/index.php?rest_route=%2Fwp%2Fv2%2Fmedia&parent=3592"}],"wp:term":[{"taxonomy":"category","embeddable":true,"href":"https:\/\/www.odszkodowania.info.pl\/index.php?rest_route=%2Fwp%2Fv2%2Fcategories&post=3592"},{"taxonomy":"post_tag","embeddable":true,"href":"https:\/\/www.odszkodowania.info.pl\/index.php?rest_route=%2Fwp%2Fv2%2Ftags&post=3592"}],"curies":[{"name":"wp","href":"https:\/\/api.w.org\/{rel}","templated":true}]}}