{"id":3598,"date":"2022-10-24T09:24:43","date_gmt":"2022-10-24T08:24:43","guid":{"rendered":"https:\/\/www.odszkodowania.info.pl\/?p=3598"},"modified":"2022-10-24T09:24:45","modified_gmt":"2022-10-24T08:24:45","slug":"mieszkaniec-krakowa-wywalczyl-2500-zl-za-niesluszne-zatrzymanie-na-antyrzadowej-demonstracji-w-stolicy","status":"publish","type":"post","link":"https:\/\/www.odszkodowania.info.pl\/?p=3598","title":{"rendered":"Mieszkaniec Krakowa wywalczy\u0142 2500 z\u0142 za nies\u0142uszne zatrzymanie na antyrz\u0105dowej demonstracji w stolicy"},"content":{"rendered":"\n<p>Kwot\u0119 2500 z\u0142 zado\u015b\u0107uczynienia za &#8222;niew\u0105tpliwie nies\u0142uszne zatrzymanie&#8221; przez 7 godzin wywalczy\u0142 mieszkaniec Krakowa, kt\u00f3ry wybra\u0142 si\u0119 na antyrz\u0105dowy Marsz Wolno\u015bci 24 pa\u017adziernika 2020 r. w stolicy. Wyrok nie jest prawomocny, policja z\u0142o\u017cy\u0142a od niego apelacj\u0119.<\/p>\n\n\n\n<p>Z ustale\u0144 wynika, \u017ce Grzegorz P. bra\u0142 udzia\u0142 w antyrz\u0105dowym prote\u015bcie, kt\u00f3ry, jak potem podawa\u0142a policja, zako\u0144czy\u0142 si\u0119 zatrzymaniem 278 os\u00f3b, a niemal 250 z nich zarzucono przest\u0119pstwa, m.in. czynnego udzia\u0142u w zbiegowisku i w zniszczeniu mienia.<\/p>\n\n\n\n<p>Mieszkaniec Krakowa zosta\u0142 uj\u0119ty oko\u0142o godziny 19.50 na Placu Bankowym za udzia\u0142 w nielegalnym zbiegowisku. Zatrzymanie wi\u0105za\u0142o si\u0119 te\u017c z obaw\u0105 ukrywania si\u0119. Przewieziono go do Komendy Powiatowej w Otwocku mimo, jak to stwierdzi\u0142 krakowski s\u0105d, braku uzasadnionego podejrzenia pope\u0142nienia przest\u0119pstwa.<\/p>\n\n\n\n<p>Faktycznie Grzegorz P. nie bra\u0142 udzia\u0142u w zbiegowisku i nie dopuszcza\u0142 si\u0119 zamachu na mienie i osoby, a tylko protestowa\u0142 przeciwko polityce rz\u0105du. Nie by\u0142o z jego strony obawy ukrycia si\u0119, bo wyjawi\u0142 miejsce zamieszkania i zosta\u0142 wylegitymowany. O godzinie 23.00 podano mu przyczyn\u0119 zatrzymania i jakie ma zarzuty. Zosta\u0142 zwolniony o godzinie 3.20 w nocy po zbadaniu stanu trze\u017awo\u015bci, przes\u0142uchaniu i zarzutach.<\/p>\n\n\n\n<p>Samo zatrzymanie, co stwierdzi\u0142 s\u0105d rejonowy w Warszawie w lipcu 2021 r. by\u0142o legalne, ale niezasadne i nieprawid\u0142owe.<\/p>\n\n\n\n<p>W osobnym trybie m\u0119\u017cczyzna, ju\u017c przed krakowskim s\u0105dem, walczy\u0142 o rekompensat\u0119 finansow\u0105 za swoje zatrzymanie i wygra\u0142 2500 z\u0142.<\/p>\n\n\n\n<p>Zdaniem s\u0105du legalno\u015b\u0107 zatrzymania, czyli dzia\u0142anie policji w ramach kompetencji, nie wy\u0142\u0105cza odpowiedzialno\u015bci funkcjonariuszy pa\u0144stwa zw\u0142aszcza, gdy z okoliczno\u015bci wynika, \u017ce wnioskodawca nie powinien zosta\u0107 pozbawiony wolno\u015bci. Skoro tak by\u0142o, to zatrzymanie nie s\u0142u\u017cy\u0142o czynno\u015bciom procesowym, ale u\u0142atwieniu pracy organom pa\u0144stwa<\/p>\n\n\n\n<p>Krakowski s\u0105d zwr\u00f3ci\u0142 uwag\u0119, \u017ce Grzegorz P. przez 7 godzin nie mia\u0142 mo\u017cliwo\u015bci swobodnego przemieszczania si\u0119 co gwarantuje Konstytucja RP. I ta niemo\u017cno\u015b\u0107 by\u0142a spowodowana faktem udzia\u0142u w zgromadzeniu krytykuj\u0105cym polityk\u0119 w\u0142adzy publicznej, czyli by\u0142a wyrazem wolno\u015bci wyra\u017cania pogl\u0105d\u00f3w. Taka dolegliwo\u015b\u0107 zas\u0142ugiwa\u0142a na 2500 z\u0142 zado\u015b\u0107uczynienia.<\/p>\n\n\n\n<p>Na wysoko\u015b\u0107 tej kwoty mia\u0142o wp\u0142yw, \u017ce m\u0119\u017cczyzna niemal ca\u0142\u0105 noc sp\u0119dzi\u0142 w warunkach policyjnych z ograniczon\u0105 mo\u017cliwo\u015bci\u0105 dost\u0119pu do urz\u0105dze\u0144 i bez wyg\u00f3d. Zosta\u0142 przewieziony 25 km od miejsca zatrzymania i wypuszczony w porze nocnej o 3.20<\/p>\n\n\n\n<p>W apelacja policja domaga si\u0119 oddalenia wniosku o rekompensat\u0119, a przyznan\u0105 m\u0119\u017cczy\u017anie kwot\u0119 uwa\u017ca za zbyt du\u017c\u0105. Pisze, \u017ce stanowi ona w jego przypadku nieuzasadnione wzbogacenie si\u0119. S\u0105d Apelacyjny w Krakowie odroczy\u0142 spraw\u0119 do 30 grudnia br.<\/p>\n\n\n\n<p>krakow.nasze.miasto<\/p>\n","protected":false},"excerpt":{"rendered":"<p>Kwot\u0119 2500 z\u0142 zado\u015b\u0107uczynienia za &#8222;niew\u0105tpliwie nies\u0142uszne zatrzymanie&#8221; przez 7 godzin wywalczy\u0142 mieszkaniec Krakowa, kt\u00f3ry wybra\u0142 si\u0119 na antyrz\u0105dowy Marsz Wolno\u015bci 24 pa\u017adziernika 2020 r. w stolicy. Wyrok nie jest prawomocny, policja z\u0142o\u017cy\u0142a od niego apelacj\u0119. Z ustale\u0144 wynika, \u017ce Grzegorz P. bra\u0142 udzia\u0142 w antyrz\u0105dowym prote\u015bcie, kt\u00f3ry, jak potem podawa\u0142a policja, zako\u0144czy\u0142 si\u0119 zatrzymaniem [&hellip;]<\/p>\n","protected":false},"author":2,"featured_media":0,"comment_status":"open","ping_status":"open","sticky":false,"template":"","format":"standard","meta":{"footnotes":""},"categories":[8],"tags":[123,13],"class_list":["post-3598","post","type-post","status-publish","format-standard","hentry","category-aktualnosci","tag-policja","tag-zadoscuczynienie"],"_links":{"self":[{"href":"https:\/\/www.odszkodowania.info.pl\/index.php?rest_route=\/wp\/v2\/posts\/3598","targetHints":{"allow":["GET"]}}],"collection":[{"href":"https:\/\/www.odszkodowania.info.pl\/index.php?rest_route=\/wp\/v2\/posts"}],"about":[{"href":"https:\/\/www.odszkodowania.info.pl\/index.php?rest_route=\/wp\/v2\/types\/post"}],"author":[{"embeddable":true,"href":"https:\/\/www.odszkodowania.info.pl\/index.php?rest_route=\/wp\/v2\/users\/2"}],"replies":[{"embeddable":true,"href":"https:\/\/www.odszkodowania.info.pl\/index.php?rest_route=%2Fwp%2Fv2%2Fcomments&post=3598"}],"version-history":[{"count":1,"href":"https:\/\/www.odszkodowania.info.pl\/index.php?rest_route=\/wp\/v2\/posts\/3598\/revisions"}],"predecessor-version":[{"id":3599,"href":"https:\/\/www.odszkodowania.info.pl\/index.php?rest_route=\/wp\/v2\/posts\/3598\/revisions\/3599"}],"wp:attachment":[{"href":"https:\/\/www.odszkodowania.info.pl\/index.php?rest_route=%2Fwp%2Fv2%2Fmedia&parent=3598"}],"wp:term":[{"taxonomy":"category","embeddable":true,"href":"https:\/\/www.odszkodowania.info.pl\/index.php?rest_route=%2Fwp%2Fv2%2Fcategories&post=3598"},{"taxonomy":"post_tag","embeddable":true,"href":"https:\/\/www.odszkodowania.info.pl\/index.php?rest_route=%2Fwp%2Fv2%2Ftags&post=3598"}],"curies":[{"name":"wp","href":"https:\/\/api.w.org\/{rel}","templated":true}]}}